{"id":9960,"date":"2026-03-03T14:47:17","date_gmt":"2026-03-03T14:47:17","guid":{"rendered":"https:\/\/www.aladi.org\/?p=9960"},"modified":"2026-03-20T16:29:04","modified_gmt":"2026-03-20T16:29:04","slug":"tendencias-del-comercio-internacional-de-bienes-octubre-diciembre-2025","status":"publish","type":"post","link":"https:\/\/www.aladi.org\/pt\/tendencias-do-comercio-internacional-de-bens-outobro-dezembro-2025\/","title":{"rendered":"Tend\u00eancias do com\u00e9rcio internacional de bens (outobro - dezembro de 2025)"},"content":{"rendered":"<ul>\n<li>\n<p><a href=\"#punto-uno\"><a href=\"#punto-uno\">1. Principales variables que influyen en la evoluci\u00f3n del comercio internacional de bienes de los pa\u00edses miembros de la ALADI<\/a><\/a><\/p>\n<\/li>\n<li>\n<p><a href=\"#segundo-punto\"><a href=\"#segundo-punto\">2. Exportaci\u00f3n de bienes de los pa\u00edses miembros de la ALADI<\/a><\/a><\/p>\n<\/li>\n<li>\n<p><a href=\"#tercer-punto\"><a href=\"#tercer-punto\">3. Importaciones de bienes de los pa\u00edses miembros de la ALADI<\/a><\/a><\/p>\n<\/li>\n<li>\n<div><a href=\"#cuarto-punto\">4. Comercio intrarregional<\/a><\/div>\n<\/li>\n<li>\n<div><a href=\"#quinto-punto\">5. Conclusiones<\/a><\/div>\n<\/li>\n<li>\n<div><a href=\"#sexto-punto\">6. Datos de gr\u00e1ficas y tablas<\/a><\/div>\n<\/li>\n<li>\n<div><a href=\"#septimo-punto\">7. Metodolog\u00eda y otros documentos<\/a><\/div>\n<\/li>\n<\/ul>\n<h1>Tendencias del comercio internacional de bienes (octubre-diciembre 2025)<\/h1>\n<div>\n<p>La Secretar\u00eda General de la ALADI, con el objetivo de brindar apoyo a la toma de decisiones a los actores econ\u00f3micos de la regi\u00f3n, desarrolla indicadores que describen y anticipan el comportamiento tanto del comercio intrarregional, as\u00ed como el de los pa\u00edses miembros con el resto del mundo.<\/p>\n<\/div>\n<div>\n<p>Principales variables que influyen en la evoluci\u00f3n del comercio internacional de bienes de los pa\u00edses miembros de la ALADI<\/p>\n<\/div>\n<div>\n<p>El comercio internacional de bienes entre los pa\u00edses miembros de la ALADI est\u00e1 condicionado por la evoluci\u00f3n de la actividad econ\u00f3mica \u2014tanto intrarregional como con sus principales socios extrarregionales\u2014, por los precios internacionales de los productos b\u00e1sicos, por la din\u00e1mica de los precios internos, por las fluctuaciones en los tipos de cambio y por las tensiones comerciales y geopol\u00edticas.<\/p>\n<p>A continuaci\u00f3n, se presenta una s\u00edntesis del comportamiento registrado en el trimestre por las principales variables.<\/p>\n<\/div>\n<h2>\n<ul>\n<li>\n<h5><em>Actividad econ\u00f3mica en los pa\u00edses miembros de la ALADI<\/em><\/h5>\n<\/li>\n<\/ul>\n<\/h2>\n<div>\n<p data-start=\"223\" data-end=\"658\">El contexto internacional de 2025 estuvo marcado por cambios en la pol\u00edtica comercial de Estados Unidos. La tasa efectiva promedio de los aranceles aplicados a sus socios comerciales pas\u00f3 de 2,3% en enero a 9,8% en diciembre, seg\u00fan estimaciones del <a href=\"https:\/\/budgetmodel.wharton.upenn.edu\/p\/2026-02-23-effective-tariff-rates-and-revenues-updated-february-23-2026\/\">Penn Wharton Budget Model<\/a>, como resultado de la ampliaci\u00f3n de grav\u00e1menes a diversos pa\u00edses y sectores en el marco de la Ley de Poderes Econ\u00f3micos de Emergencia Internacional (IEEPA).<\/p>\n<p data-start=\"666\" data-end=\"981\">Durante el a\u00f1o se alcanzaron acuerdos con distintos socios y, a fines de octubre, un entendimiento comercial de un a\u00f1o con China, lo que contribuy\u00f3 a moderar parcialmente las tensiones bilaterales. <span style=\"font-weight: 400;\">No obstante ello, <a href=\"https:\/\/www.policyuncertainty.com\/\">los \u00edndices de <\/a><\/span>incertidumbre de pol\u00edtica econ\u00f3mica (EPU)<span style=\"font-weight: 400;\"> se mantuvieron en niveles hist\u00f3ricamente elevados.\u00a0<\/span><\/p>\n<p data-start=\"989\" data-end=\"1491\">El 20 de febrero de 2026, la Corte Suprema de los Estados Unidos determin\u00f3 que el Ejecutivo no contaba con autoridad bajo la IEEPA para imponer aranceles de manera unilateral, tras lo cual se dispuso el <a href=\"https:\/\/www.whitehouse.gov\/presidential-actions\/2026\/02\/ending-certain-tariff-actions\/\">cese de esas medidas<\/a>. En forma transitoria, se activ\u00f3 una <a href=\"https:\/\/www.whitehouse.gov\/presidential-actions\/2026\/02\/imposing-a-temporary-import-surcharge-to-address-fundamental-international-payments-problems\/\">Proclamaci\u00f3n Presidencial<\/a> bajo la Secci\u00f3n 122 de la Ley de Comercio de 1974, estableciendo un recargo arancelario global del 10 % ad valorem por 150 d\u00edas, con excepciones espec\u00edficas, lo que mantiene abierto el escenario normativo para 2026.<\/p>\n<\/p>\n<\/div>\n<div>\n<p>    <iframe scrolling=\"no\" frameborder=\"0\" title=\"Interactive or visual content\" sandbox=\"allow-same-origin allow-forms allow-scripts allow-downloads allow-popups allow-popups-to-escape-sandbox allow-top-navigation-by-user-activation\" style=\"width: 100%; height: 600px;\" src=\"https:\/\/flo.uri.sh\/visualisation\/27893380\/embed \"><\/iframe>\n<\/div>\n<div>\n<\/p>\n<p><span style=\"font-weight: 400;\">En este marco, el Fondo Monetario Internacional, en su actualizaci\u00f3n del <\/span><a href=\"https:\/\/www.imf.org\/en\/publications\/weo\/issues\/2026\/01\/19\/world-economic-outlook-update-january-2026\"><i><span style=\"font-weight: 400;\">World Economic Outlook<\/span><\/i><\/a><span style=\"font-weight: 400;\"> de enero de 2026, proyecta un crecimiento global en torno a 3,3 % para 2026. Si bien esta cifra supone una leve mejora respecto de estimaciones previas y confirma cierta resiliencia de la econom\u00eda mundial, el ritmo de expansi\u00f3n est\u00e1 expuesto a riesgos vinculados a la persistencia de tensiones comerciales y b\u00e9licas en un contexto de elevada incertidumbre.<\/span><\/p>\n<\/p>\n<\/div>\n<div>\n<p>    <iframe scrolling=\"no\" frameborder=\"0\" title=\"Interactive or visual content\" sandbox=\"allow-same-origin allow-forms allow-scripts allow-downloads allow-popups allow-popups-to-escape-sandbox allow-top-navigation-by-user-activation\" style=\"width: 100%; height: 600px;\" src=\"https:\/\/flo.uri.sh\/visualisation\/27797037\/embed\"><\/iframe><\/p>\n<\/div>\n<div>\n<\/p>\n<p>Para Am\u00e9rica Latina y el Caribe, el Fondo Monetario Internacional proyecta que el crecimiento se modere a 2,2 % en 2026, tras el desempe\u00f1o de 2025, y que repunte posteriormente en 2027. A nivel de pa\u00edses, Brasil crecer\u00eda 1,6% en 2026 (2,5% en 2025), reflejando una desaceleraci\u00f3n respecto al a\u00f1o previo, mientras que M\u00e9xico registrar\u00eda una expansi\u00f3n de 1,5% en 2026 (0,6% en 2025), mostrando una recuperaci\u00f3n gradual desde un nivel de crecimiento m\u00e1s bajo.<\/p>\n<p>En l\u00ednea con lo anterior, los analistas consultados por los bancos centrales de la regi\u00f3n prev\u00e9n para los pa\u00edses de la ALADI un crecimiento promedio cercano al 1,7% en 2026.<\/p>\n<\/div>\n<div>\n<p>    <iframe scrolling=\"no\" frameborder=\"0\" title=\"Interactive or visual content\" sandbox=\"allow-same-origin allow-forms allow-scripts allow-downloads allow-popups allow-popups-to-escape-sandbox allow-top-navigation-by-user-activation\" style=\"width: 100%; height: 800px;\" src=\"https:\/\/flo.uri.sh\/visualisation\/27797057\/embed\"><\/iframe><\/p>\n<\/div>\n<h2>\n<ul>\n<li><em>Evoluci\u00f3n de los precios internacionales de las materias primas<\/em><\/li>\n<\/ul>\n<\/h2>\n<div>\n<p><span style=\"font-family: 'Arial',sans-serif;\">Al cierre de 2025, los precios reales de las materias primas mostraron un comportamiento mixto. En el cuarto trimestre registraron un aumento de 2,1% respecto al trimestre previo, aunque en la comparaci\u00f3n interanual se observ\u00f3 una leve ca\u00edda de 1,3%.<o:p><\/o:p><\/span><\/p>\n<p><span style=\"font-family: 'Arial',sans-serif;\">La din\u00e1mica fue heterog\u00e9nea entre rubros. Los metales preciosos y b\u00e1sicos evidenciaron incrementos significativos, mientras que alimentos, productos agr\u00edcolas y combustibles continuaron mostrando descensos en t\u00e9rminos reales. En el promedio del a\u00f1o, la ca\u00edda de 1,4% respecto de 2024 reflej\u00f3 que el fuerte aumento de los metales preciosos fue compensado por la debilidad del resto de las categor\u00edas.<o:p><\/o:p><\/span><\/p>\n<p><span style=\"font-family: 'Arial',sans-serif;\">Para 2026, el <span class=\"whitespace-normal\">Fondo Monetario Internacional<\/span>, en la actualizaci\u00f3n de enero de 2026 del <span class=\"whitespace-normal\">World Economic Outlook<\/span>, prev\u00e9 una moderaci\u00f3n de los precios del petr\u00f3leo en su escenario base, consistente con una demanda global m\u00e1s contenida. No obstante, la evoluci\u00f3n del conflicto en Medio Oriente introduce riesgos al alza y mayor volatilidad en los mercados energ\u00e9ticos.<o:p><\/o:p><\/span><\/p>\n<\/div>\n<div>\n\n<table id=\"tablepress-54\" class=\"tablepress tablepress-id-54\">\n<thead>\n<tr class=\"row-1\">\n\t<th colspan=\"4\" class=\"column-1\">Tabla 1. Tasa de variaci\u00f3n real de los precios internacionales de materias primas seleccionadas (en %)<\/th>\n<\/tr>\n<\/thead>\n<tbody class=\"row-striping row-hover\">\n<tr class=\"row-2\">\n\t<td class=\"column-1\"><\/td><td class=\"column-2\">Promedio Oct.-dic.\/2025 - Jul.-set.\/2025<\/td><td class=\"column-3\">Promedio Oct.-dic.\/2025 - Oct.-dic.\/2024<\/td><td class=\"column-4\">Promedio A\u00f1o 2025 - A\u00f1o 2024<\/td>\n<\/tr>\n<tr class=\"row-3\">\n\t<td class=\"column-1\">Total<\/td><td class=\"column-2\">2,1<\/td><td class=\"column-3\">-1,3<\/td><td class=\"column-4\">-1,4<\/td>\n<\/tr>\n<tr class=\"row-4\">\n\t<td class=\"column-1\">Alimentos y bebidas<\/td><td class=\"column-2\">-1,4<\/td><td class=\"column-3\">-9,2<\/td><td class=\"column-4\">-4,6<\/td>\n<\/tr>\n<tr class=\"row-5\">\n\t<td class=\"column-1\">Productos agr\u00edcolas<\/td><td class=\"column-2\">-1,6<\/td><td class=\"column-3\">-8,9<\/td><td class=\"column-4\">-4,6<\/td>\n<\/tr>\n<tr class=\"row-6\">\n\t<td class=\"column-1\">Metales b\u00e1sicos<\/td><td class=\"column-2\">9,2<\/td><td class=\"column-3\">8,3<\/td><td class=\"column-4\">-0,6<\/td>\n<\/tr>\n<tr class=\"row-7\">\n\t<td class=\"column-1\">Metales preciosos<\/td><td class=\"column-2\">21,1<\/td><td class=\"column-3\">53,0<\/td><td class=\"column-4\">39,4<\/td>\n<\/tr>\n<tr class=\"row-8\">\n\t<td class=\"column-1\">Fertilizantes<\/td><td class=\"column-2\">-1,9<\/td><td class=\"column-3\">11,8<\/td><td class=\"column-4\">-0,9<\/td>\n<\/tr>\n<tr class=\"row-9\">\n\t<td class=\"column-1\">Combustibles<\/td><td class=\"column-2\">-6,3<\/td><td class=\"column-3\">-17,4<\/td><td class=\"column-4\">-11,5<\/td>\n<\/tr>\n<\/tbody>\n<tfoot>\n<tr class=\"row-10\">\n\t<th colspan=\"4\" class=\"column-1\">Fuente: Secretar\u00eda General de la ALADI con base en datos del Fondo Monetario Internacional y Bureau of Labour Statistics.<\/th>\n<\/tr>\n<\/tfoot>\n<\/table>\n<!-- #tablepress-54 from cache --><\/div>\n<div>\n<p>    <iframe scrolling=\"no\" frameborder=\"0\" title=\"Interactive or visual content\" sandbox=\"allow-same-origin allow-forms allow-scripts allow-downloads allow-popups allow-popups-to-escape-sandbox allow-top-navigation-by-user-activation\" style=\"width: 100%; height: 600px;\" src=\"https:\/\/flo.uri.sh\/visualisation\/27797061\/embed\"><\/iframe><\/p>\n<\/div>\n<h2>\n<ul>\n<li>\n<h5><em>Evoluci\u00f3n de los tipos de cambio<\/em><\/h5>\n<\/li>\n<\/ul>\n<\/h2>\n<div>\n<p><span style=\"font-family: 'Arial',sans-serif;\">En el cuarto trimestre de 2025, y tambi\u00e9n en la comparaci\u00f3n interanual, predomin\u00f3 el fortalecimiento de las monedas de los pa\u00edses miembros de la ALADI frente al d\u00f3lar, aunque con excepciones puntuales asociadas a mayores desequilibrios macroecon\u00f3micos. Este comportamiento estuvo favorecido por un entorno financiero internacional algo menos restrictivo hacia el cierre del a\u00f1o, en el marco de recortes graduales de tasas de inter\u00e9s por parte de la <span class=\"whitespace-normal\">Reserva Federal de Estados Unidos<\/span>, mientras que en la regi\u00f3n las decisiones de pol\u00edtica monetaria respondieron a la evoluci\u00f3n de la inflaci\u00f3n, entre otros factores.\u00a0<o:p><\/o:p><\/span><\/p>\n<p><span style=\"font-family: 'Arial',sans-serif;\">En el promedio de 2025 respecto de 2024, el panorama fue menos uniforme: solo Per\u00fa, Colombia y Paraguay registraron una apreciaci\u00f3n de sus monedas, mientras que M\u00e9xico, Brasil, Uruguay y Chile evidenciaron depreciaciones moderadas. En contraste, Argentina y Venezuela acumularon descensos m\u00e1s pronunciados frente al d\u00f3lar.<o:p><\/o:p><\/span><\/p>\n<p data-start=\"477\" data-end=\"809\" data-is-last-node=\"\" data-is-only-node=\"\">\n<\/div>\n<div>\n\n<table id=\"tablepress-55\" class=\"tablepress tablepress-id-55\">\n<thead>\n<tr class=\"row-1\">\n\t<th colspan=\"4\" class=\"column-1\">Tabla 2. Variaci\u00f3n de los tipos de cambio de la moneda nacional con respecto al d\u00f3lar (en %)<\/th>\n<\/tr>\n<\/thead>\n<tbody class=\"row-striping row-hover\">\n<tr class=\"row-2\">\n\t<td class=\"column-1\">Pa\u00eds o regi\u00f3n<\/td><td class=\"column-2\">Promedio Oct.-dic.\/2025 - Jul.-set.\/2025<\/td><td class=\"column-3\">Promedio Oct.-dic.\/2025 - Oct.-dic.\/2024<\/td><td class=\"column-4\">Promedio A\u00f1o 2025 - A\u00f1o 2024<\/td>\n<\/tr>\n<tr class=\"row-3\">\n\t<td class=\"column-1\">Argentina<\/td><td class=\"column-2\">8,1<\/td><td class=\"column-3\">43,4<\/td><td class=\"column-4\">35,7<\/td>\n<\/tr>\n<tr class=\"row-4\">\n\t<td class=\"column-1\">Bolivia<\/td><td class=\"column-2\">0,0<\/td><td class=\"column-3\">0,0<\/td><td class=\"column-4\">0,0<\/td>\n<\/tr>\n<tr class=\"row-5\">\n\t<td class=\"column-1\">Brasil<\/td><td class=\"column-2\">-1,1<\/td><td class=\"column-3\">-7,4<\/td><td class=\"column-4\">4,0<\/td>\n<\/tr>\n<tr class=\"row-6\">\n\t<td class=\"column-1\">Chile<\/td><td class=\"column-2\">-2,5<\/td><td class=\"column-3\">-2,7<\/td><td class=\"column-4\">0,9<\/td>\n<\/tr>\n<tr class=\"row-7\">\n\t<td class=\"column-1\">Colombia<\/td><td class=\"column-2\">-4,6<\/td><td class=\"column-3\">-12,0<\/td><td class=\"column-4\">-0,3<\/td>\n<\/tr>\n<tr class=\"row-8\">\n\t<td class=\"column-1\">Cuba<\/td><td class=\"column-2\">0,0<\/td><td class=\"column-3\">0,0<\/td><td class=\"column-4\">0,0<\/td>\n<\/tr>\n<tr class=\"row-9\">\n\t<td class=\"column-1\">M\u00e9xico<\/td><td class=\"column-2\">-1,8<\/td><td class=\"column-3\">-8,8<\/td><td class=\"column-4\">5,1<\/td>\n<\/tr>\n<tr class=\"row-10\">\n\t<td class=\"column-1\">Paraguay<\/td><td class=\"column-2\">-5,7<\/td><td class=\"column-3\">-11,5<\/td><td class=\"column-4\">-0,1<\/td>\n<\/tr>\n<tr class=\"row-11\">\n\t<td class=\"column-1\">Per\u00fa<\/td><td class=\"column-2\">-4,0<\/td><td class=\"column-3\">-9,7<\/td><td class=\"column-4\">-4,9<\/td>\n<\/tr>\n<tr class=\"row-12\">\n\t<td class=\"column-1\">Uruguay<\/td><td class=\"column-2\">-1,1<\/td><td class=\"column-3\">-6,8<\/td><td class=\"column-4\">2,5<\/td>\n<\/tr>\n<tr class=\"row-13\">\n\t<td class=\"column-1\">Venezuela<\/td><td class=\"column-2\">70,5<\/td><td class=\"column-3\">426,8<\/td><td class=\"column-4\">238,4<\/td>\n<\/tr>\n<tr class=\"row-14\">\n\t<td class=\"column-1\">China<\/td><td class=\"column-2\">-0,8<\/td><td class=\"column-3\">-1,4<\/td><td class=\"column-4\">-0,2<\/td>\n<\/tr>\n<tr class=\"row-15\">\n\t<td class=\"column-1\">Zona Euro<\/td><td class=\"column-2\">0,0<\/td><td class=\"column-3\">-8,2<\/td><td class=\"column-4\">-4,0<\/td>\n<\/tr>\n<tr class=\"row-16\">\n\t<td class=\"column-1\"><\/td><td class=\"column-2\"><\/td><td class=\"column-3\"><\/td><td class=\"column-4\"><\/td>\n<\/tr>\n<\/tbody>\n<tfoot>\n<tr class=\"row-17\">\n\t<th colspan=\"4\" class=\"column-1\">Fuente: Secretar\u00eda General de la ALADI con base a datos del Banco Central de Chile.<\/th>\n<\/tr>\n<\/tfoot>\n<\/table>\n<!-- #tablepress-55 from cache --><\/div>\n<h2>\n<ul>\n<li>\n<h5><em>El comportamiento de los precios al consumidor<br \/><\/em><\/h5>\n<\/li>\n<\/ul>\n<\/h2>\n<div>\n<p><span style=\"font-family: 'Arial',sans-serif;\">Al cierre de 2025, la inflaci\u00f3n interanual en la mayor\u00eda de los pa\u00edses de la regi\u00f3n mostr\u00f3 un comportamiento m\u00e1s moderado, particularmente en econom\u00edas que hab\u00edan registrado incrementos significativos el a\u00f1o anterior (Argentina). Tambi\u00e9n se observaron descensos o estabilizaci\u00f3n en pa\u00edses con reg\u00edmenes de metas de inflaci\u00f3n y pol\u00edticas monetarias contractivas (Brasil, Chile, M\u00e9xico, Paraguay y Uruguay), as\u00ed como en aquellos con registros tradicionalmente bajos (Per\u00fa, Ecuador y Panam\u00e1). <o:p><\/o:p><\/span><\/p>\n<p><span style=\"font-family: 'Arial',sans-serif;\">En contraste, algunas econom\u00edas continuaron exhibiendo mayores presiones inflacionarias o menor convergencia hacia niveles moderados (Bolivia y Cuba), reflejando din\u00e1micas internas m\u00e1s persistentes. En el caso de Colombia, la inflaci\u00f3n se mantuvo relativamente estable hacia el cierre del a\u00f1o. <o:p><\/o:p><\/span><\/p>\n<\/p>\n<\/div>\n<div>\n<p>    <iframe scrolling=\"no\" frameborder=\"0\" title=\"Interactive or visual content\" sandbox=\"allow-same-origin allow-forms allow-scripts allow-downloads allow-popups allow-popups-to-escape-sandbox allow-top-navigation-by-user-activation\" style=\"width: 100%; height: 600px;\" src=\"https:\/\/flo.uri.sh\/visualisation\/27797065\/embed\"><\/iframe><\/p>\n<\/div>\n<div>\n<\/p>\n<p><span style=\"font-family: 'Arial',sans-serif;\">Para 2026, el Fondo Monetario Internacional prev\u00e9 que la inflaci\u00f3n mundial contin\u00fae descendiendo, en un contexto de crecimiento moderado. No obstante, la volatilidad en los precios de la energ\u00eda asociada a tensiones geopol\u00edticas constituye un riesgo relevante para la trayectoria esperada.<o:p><\/o:p><\/span><\/p>\n<\/div>\n<div>\n\n<table id=\"tablepress-56\" class=\"tablepress tablepress-id-56\">\n<thead>\n<tr class=\"row-1\">\n\t<th colspan=\"4\" class=\"column-1\">Tabla 3. Variaci\u00f3n anual de los precios al consumidor (en %)<\/th>\n<\/tr>\n<\/thead>\n<tbody class=\"row-striping row-hover\">\n<tr class=\"row-2\">\n\t<td class=\"column-1\">Pa\u00eds<\/td><td class=\"column-2\">Dic.2025<\/td><td class=\"column-3\">Set.2025<\/td><td class=\"column-4\">Dic.2024<\/td>\n<\/tr>\n<tr class=\"row-3\">\n\t<td class=\"column-1\">Argentina<\/td><td class=\"column-2\">31,5<\/td><td class=\"column-3\">31,8<\/td><td class=\"column-4\">117,8<\/td>\n<\/tr>\n<tr class=\"row-4\">\n\t<td class=\"column-1\">Bolivia<\/td><td class=\"column-2\">20,4<\/td><td class=\"column-3\">23,3<\/td><td class=\"column-4\">10<\/td>\n<\/tr>\n<tr class=\"row-5\">\n\t<td class=\"column-1\">Brasil<\/td><td class=\"column-2\">4,3<\/td><td class=\"column-3\">5,2<\/td><td class=\"column-4\">4,8<\/td>\n<\/tr>\n<tr class=\"row-6\">\n\t<td class=\"column-1\">Chile<\/td><td class=\"column-2\">3,5<\/td><td class=\"column-3\">4,4<\/td><td class=\"column-4\">4,5<\/td>\n<\/tr>\n<tr class=\"row-7\">\n\t<td class=\"column-1\">Colombia<\/td><td class=\"column-2\">5,1<\/td><td class=\"column-3\">5,2<\/td><td class=\"column-4\">5,2<\/td>\n<\/tr>\n<tr class=\"row-8\">\n\t<td class=\"column-1\">Cuba<\/td><td class=\"column-2\">32,3<\/td><td class=\"column-3\">32,3<\/td><td class=\"column-4\">32,3<\/td>\n<\/tr>\n<tr class=\"row-9\">\n\t<td class=\"column-1\">Ecuador<\/td><td class=\"column-2\">1,9<\/td><td class=\"column-3\">0,7<\/td><td class=\"column-4\">0,5<\/td>\n<\/tr>\n<tr class=\"row-10\">\n\t<td class=\"column-1\">M\u00e9xico<\/td><td class=\"column-2\">3,7<\/td><td class=\"column-3\">3,8<\/td><td class=\"column-4\">4,2<\/td>\n<\/tr>\n<tr class=\"row-11\">\n\t<td class=\"column-1\">Panam\u00e1<\/td><td class=\"column-2\">0,4<\/td><td class=\"column-3\">-0,4<\/td><td class=\"column-4\">-0,2<\/td>\n<\/tr>\n<tr class=\"row-12\">\n\t<td class=\"column-1\">Paraguay<\/td><td class=\"column-2\">3,1<\/td><td class=\"column-3\">4,3<\/td><td class=\"column-4\">3,8<\/td>\n<\/tr>\n<tr class=\"row-13\">\n\t<td class=\"column-1\">Per\u00fa<\/td><td class=\"column-2\">1,5<\/td><td class=\"column-3\">1,4<\/td><td class=\"column-4\">2<\/td>\n<\/tr>\n<tr class=\"row-14\">\n\t<td class=\"column-1\">Uruguay<\/td><td class=\"column-2\">3,7<\/td><td class=\"column-3\">4,3<\/td><td class=\"column-4\">5,5<\/td>\n<\/tr>\n<tr class=\"row-15\">\n\t<td class=\"column-1\">Venezuela<\/td><td class=\"column-2\">n\/d<\/td><td class=\"column-3\">n\/d<\/td><td class=\"column-4\">n\/d<\/td>\n<\/tr>\n<\/tbody>\n<tfoot>\n<tr class=\"row-16\">\n\t<th colspan=\"4\" class=\"column-1\">Nota: n\/d= no disponible. Fuente: Secretar\u00eda General de la ALADI con base en datos del Banco Centrales e Institutos de Estad\u00edsticas de los paises miembros.<\/th>\n<\/tr>\n<\/tfoot>\n<\/table>\n<!-- #tablepress-56 from cache --><\/div>\n<div>\n<p>Exportaci\u00f3n de bienes de los pa\u00edses miembros de la ALADI<\/p>\n<\/div>\n<div>\n<p><i>El Indicador Oportuno de Exportaciones Totales de Bienes de la ALADI<\/i><span style=\"font-weight: 400;\">\u2014que mide la evoluci\u00f3n en d\u00f3lares de las ventas externas de los trece pa\u00edses miembros hacia el mundo\u2014 aument\u00f3 12,6% en el trimestre octubre-diciembre de 2025 respecto al mismo trimestre de 2024. En el promedio del a\u00f1o, las exportaciones crecieron 6,4% frente a 2024.<\/span><\/p>\n<\/p>\n<\/div>\n<div>\n<p>    <iframe scrolling=\"no\" frameborder=\"0\" title=\"Interactive or visual content\" sandbox=\"allow-same-origin allow-forms allow-scripts allow-downloads allow-popups allow-popups-to-escape-sandbox allow-top-navigation-by-user-activation\" style=\"width: 100%; height: 600px;\" src=\"https:\/\/flo.uri.sh\/visualisation\/27797074\/embed\"><\/iframe><\/p>\n<\/div>\n<div>\n<p><span style=\"font-weight: 400;\">En t\u00e9rminos desestacionalizados, las exportaciones registraron un incremento de 4,6% en el cuarto trimestre respecto al tercero, lo que confirma una recuperaci\u00f3n en el margen hacia el cierre del a\u00f1o.<\/span><\/p>\n<\/p>\n<\/div>\n<div>\n<p>Importaciones de bienes de los pa\u00edses miembros de la ALADI<\/p>\n<\/div>\n<div>\n<p>El <em>Indicador Oportuno de Importaciones Totales de Bienes de la ALADI <\/em>aument\u00f3 de 9,4% interanual en el cuarto trimestre de 2025, mientras que en el promedio anual las compras externas superaron en 7,5% las de 2024.<\/p>\n<\/div>\n<div>\n<p>    <iframe scrolling=\"no\" frameborder=\"0\" title=\"Interactive or visual content\" sandbox=\"allow-same-origin allow-forms allow-scripts allow-downloads allow-popups allow-popups-to-escape-sandbox allow-top-navigation-by-user-activation\" style=\"width: 100%; height: 600px;\" src=\"https:\/\/flo.uri.sh\/visualisation\/27797086\/embed\"><\/iframe><\/p>\n<\/div>\n<div>\n<p><span style=\"font-weight: 400;\">Sin embargo, al considerar la serie ajustada por estacionalidad, el crecimiento trimestral fue m\u00e1s moderado (2,2% respecto al tercer trimestre), lo que sugiere una expansi\u00f3n menos din\u00e1mica en el margen hacia el cierre del a\u00f1o.<\/span><\/p>\n<\/div>\n<div>\n<p>Comercio intrarregional<\/p>\n<\/div>\n<div>\n<p>El <em>Indicador Oportuno de Comercio Intrarregional de Bienes de la ALADI <\/em>creci\u00f3 apenas 0,2% interanual en el cuarto trimestre de 2025, evidenciando una evoluci\u00f3n m\u00e1s d\u00e9bil que la observada en el comercio extrarregional. No obstante, en el promedio del a\u00f1o 2025 el intercambio intrazona aument\u00f3 6,2% respecto a 2024, lo que indica que el desempe\u00f1o anual positivo estuvo concentrado principalmente en trimestres previos.<\/p>\n<\/div>\n<div>\n<p>    <iframe scrolling=\"no\" frameborder=\"0\" title=\"Interactive or visual content\" sandbox=\"allow-same-origin allow-forms allow-scripts allow-downloads allow-popups allow-popups-to-escape-sandbox allow-top-navigation-by-user-activation\" style=\"width: 100%; height: 600px;\" src=\"https:\/\/flo.uri.sh\/visualisation\/27797090\/embed\"><\/iframe><\/p>\n<\/div>\n<div>\n<p><span style=\"font-weight: 400;\">La serie desestacionalizada muestra una contracci\u00f3n de 3,2% en el cuarto trimestre respecto al tercero, lo que sugiere una p\u00e9rdida de dinamismo en el comercio intrarregional hacia el cierre del a\u00f1o.\u00a0<\/span><\/p>\n<\/div>\n<div>\n<p>Conclusiones<\/p>\n<\/div>\n<div>\n<ul>\n<li>\n<p><strong><span style=\"font-family: 'Arial',sans-serif;\">Crecimiento econ\u00f3mico: <\/span><\/strong><span style=\"font-family: 'Arial',sans-serif;\">En 2025 la econom\u00eda mundial creci\u00f3 3,3% en un contexto de elevada incertidumbre comercial. Para 2026 el FMI proyecta una tasa similar a nivel global y de 2,2% para Am\u00e9rica Latina y el Caribe, mientras que para la ALADI las expectativas privadas ubican la expansi\u00f3n en torno a 1,7%. El escenario permanece condicionado por riesgos geopol\u00edticos y comerciales.<\/span><\/p>\n<\/li>\n<li>\n<p><span style=\"font-family: 'Arial',sans-serif;\"><o:p><\/o:p><\/span><strong><span style=\"font-family: 'Arial',sans-serif;\">Precios de materias primas: <\/span><\/strong><span style=\"font-family: 'Arial',sans-serif;\">En el cuarto trimestre los precios reales aumentaron 2,1% trimestral, aunque cayeron 1,3% interanual. En el promedio de 2025 se observ\u00f3 una leve disminuci\u00f3n (-1,4%), con incrementos en metales y descensos en combustibles y alimentos. Para 2026, la evoluci\u00f3n de los precios se encuentra condicionada por la trayectoria del conflicto b\u00e9lico en Medio Oriente.<\/span><\/p>\n<\/li>\n<li>\n<p><span style=\"font-family: 'Arial',sans-serif;\"><o:p><\/o:p><\/span><strong><span style=\"font-family: 'Arial',sans-serif;\">Tipos de cambio: <\/span><\/strong><span style=\"font-family: 'Arial',sans-serif;\">En el cuarto trimestre predomin\u00f3 la apreciaci\u00f3n frente al d\u00f3lar, favorecida por un entorno financiero externo menos restrictivo. En el promedio anual el comportamiento fue heterog\u00e9neo, con depreciaciones en varias econom\u00edas y descensos m\u00e1s pronunciados en casos puntuales. La evoluci\u00f3n futura depender\u00e1 de las condiciones financieras internacionales y del nivel de aversi\u00f3n al riesgo.<\/span><\/p>\n<\/li>\n<li>\n<p><span style=\"font-family: 'Arial',sans-serif;\"><o:p><\/o:p><\/span><strong><span style=\"font-family: 'Arial',sans-serif;\">Inflaci\u00f3n: <\/span><\/strong><span style=\"font-family: 'Arial',sans-serif;\">Al cierre de 2025 la inflaci\u00f3n mostr\u00f3 una moderaci\u00f3n generalizada en la regi\u00f3n, particularmente en econom\u00edas con pol\u00edticas monetarias contractivas o tras episodios de alta inflaci\u00f3n previa. Persistieron presiones en algunos casos espec\u00edficos. Para 2026 el FMI prev\u00e9 continuidad del proceso desinflacionario, sujeta a eventuales shocks en energ\u00eda.<\/span><\/p>\n<\/li>\n<li>\n<p><span style=\"font-family: 'Arial',sans-serif;\"><o:p><\/o:p><\/span><strong><span style=\"font-family: 'Arial',sans-serif;\">Exportaciones: <\/span><\/strong><span style=\"font-family: 'Arial',sans-serif;\">Las exportaciones de bienes crecieron 12,6% interanual en el cuarto trimestre y 6,4% en el promedio de 2025. El aumento desestacionalizado de 4,6% respecto al trimestre previo confirma una recuperaci\u00f3n en el margen hacia el cierre del a\u00f1o.<\/span><\/p>\n<\/li>\n<li>\n<p><span style=\"font-family: 'Arial',sans-serif;\"><o:p><\/o:p><\/span><strong><span style=\"font-family: 'Arial',sans-serif;\">Importaciones: <\/span><\/strong><span style=\"font-family: 'Arial',sans-serif;\">Las importaciones aumentaron 9,4% interanual en el cuarto trimestre y 7,5% en el promedio anual. No obstante, el crecimiento desestacionalizado fue m\u00e1s moderado (2,2%), se\u00f1alando una expansi\u00f3n menos din\u00e1mica hacia fin de a\u00f1o.<\/span><\/p>\n<\/li>\n<li>\n<p><span style=\"font-family: 'Arial',sans-serif;\"><o:p><\/o:p><\/span><strong><span style=\"font-family: 'Arial',sans-serif;\">Comercio intrarregional: <\/span><\/strong><span style=\"font-family: 'Arial',sans-serif;\">El comercio intrarregional creci\u00f3 0,2% interanual en el cuarto trimestre y cay\u00f3 3,2% en t\u00e9rminos desestacionalizados. Aunque el promedio anual fue positivo (6,2%), el cierre de 2025 evidenci\u00f3 una p\u00e9rdida de dinamismo relativo frente al comercio extrarregional.<o:p><\/o:p><\/span><\/p>\n<\/li>\n<\/ul>\n<\/div>\n<div>\n<p>Datos de gr\u00e1ficas y tablas<\/p>\n<\/div>\n<table>\n<tbody>\n<tr>\n<td>\n<p><a href=\"https:\/\/www.aladi.org\/wp-content\/uploads\/2026\/03\/Grafica-0-Indice-de-Incertidumbre-Economica-esp-octdic25.xlsx\">\u00cdndices de incertidumbre econ\u00f3mica<\/a><\/p>\n<\/td>\n<\/tr>\n<tr>\n<td>\n<p><a href=\"https:\/\/www.aladi.org\/wp-content\/uploads\/2026\/03\/Grafica-2-esp-octdic2025.xlsx\">Expectativas de crecimiento para 2026 en pa\u00edses miembros de la ALADI<\/a><\/p>\n<\/td>\n<\/tr>\n<tr>\n<td>\n<p><a href=\"https:\/\/www.aladi.org\/wp-content\/uploads\/2026\/03\/Grafica-1-esp-octdic2025.xlsx\">Tasa de crecimiento del PBI para el 2026 (FMI)<\/a><\/p>\n<\/td>\n<\/tr>\n<tr>\n<td>\n<p><a href=\"https:\/\/www.aladi.org\/wp-content\/uploads\/2026\/03\/Grafica-3-esp-octdic2025.xlsx\">\u00cdndice de precios internacionales de las materias primas<\/a><\/p>\n<\/td>\n<\/tr>\n<tr>\n<td>\n<p><a href=\"https:\/\/www.aladi.org\/wp-content\/uploads\/2026\/03\/Grafica-4-esp-octdic2025.xlsx\" data-type=\"link\">Inflaci\u00f3n interanual (en %)<\/a><\/p>\n<\/td>\n<\/tr>\n<tr>\n<td>\n<p><a href=\"https:\/\/www.aladi.org\/wp-content\/uploads\/2026\/03\/Grafica-5-esp-octdic2025.xlsx\">Indicador oportuno de exportaciones totales &#8211; ALADI<\/a><\/p>\n<\/td>\n<\/tr>\n<tr>\n<td>\n<p><a href=\"https:\/\/www.aladi.org\/wp-content\/uploads\/2026\/03\/Grafica-6-esp-octdic2025.xlsx\" data-type=\"link\">Indicador oportuno de importaciones totales &#8211; ALADI<\/a><\/p>\n<\/td>\n<\/tr>\n<tr>\n<td>\n<p><a href=\"https:\/\/www.aladi.org\/wp-content\/uploads\/2026\/03\/Grafica-7-esp-octdic.2025.xlsx\" data-type=\"link\">Indicador oportuno de comercio intrarregional<\/a><\/p>\n<\/td>\n<\/tr>\n<tr>\n<td>\n<p><a href=\"https:\/\/www.aladi.org\/wp-content\/uploads\/2026\/03\/Tabla-1-esp-octdic.2025.xlsx\">Tabla 1. Tasa de variaci\u00f3n de los precios internacionales de materias primas seleccionadas (en %)<\/a><\/p>\n<\/td>\n<\/tr>\n<tr>\n<td>\n<p><a href=\"https:\/\/www.aladi.org\/wp-content\/uploads\/2026\/03\/Tabla-2-esp-octdic.2025.xlsx\">Tabla 2. Tasa de variaci\u00f3n de los tipos de cambio de la moneda nacional en relaci\u00f3n al d\u00f3lar estadounidense (en %)<\/a><\/p>\n<\/td>\n<\/tr>\n<tr>\n<td>\n<p><a href=\"https:\/\/www.aladi.org\/wp-content\/uploads\/2026\/03\/Tabla-3-esp-octdic.2025.xlsx\">Tabla 3. Tasa de variaci\u00f3n anual de los precios al consumidor (en %)<\/a><\/p>\n<\/td>\n<\/tr>\n<\/tbody>\n<\/table>\n<div>\n<p>Metodolog\u00eda y otros documentos<\/p>\n<\/div>\n<div>\n<ul>\n<li><a href=\"https:\/wp-content\/uploads\/2025\/09\/MetodologiaTendenciasComercioMR.docx.pdf\">Metodolog\u00eda de construcci\u00f3n de los indicadores de comercio exterior de la ALADI<\/a><\/li>\n<li><a href=\"https:\/\/www.aladi.org\/wp-content\/uploads\/2026\/03\/Bibliografia-esp-octdic-2025.pdf\">Bibliograf\u00eda<\/a><\/li>\n<li><a href=\"https:\/\/www.aladi.org\/wp-content\/uploads\/2026\/03\/Bases-de-datos-consultadas-esp-octdic25.pdf\">Bases de datos consultadas<\/a><\/li>\n<\/ul>\n<\/div>\n<hr>\n<h6>C\u00e1psula de Aprendizaje: \u00bfC\u00f3mo y para qu\u00e9  construimos nuestros indicadores oportunos?<\/h6>\n<ul>\n<li>\n<p><img decoding=\"async\" src=\"\/wp-content\/uploads\/2025\/09\/Indicadoresjpg.jpg\" alt=\"\"><\/p>\n<p><a href=\"https:\/\/campus.aladi-cvf.org\/course\/index.php?categoryid=8\">Ver<\/a><\/p>\n<\/li>\n<li>\n<div>\n<p>En esta c\u00e1psula de aprendizaje explicamos el proceso de construcci\u00f3n de los indicadores oportunos de exportaciones, importaciones y comercio exterior, y tambi\u00e9n c\u00f3mo deben ser interpretados.<\/p>\n<\/div>\n<\/li>\n<\/ul>\n<p><!--more--><br \/>\n<!-- {\"type\":\"layout\",\"children\":[{\"type\":\"section\",\"props\":{\"image_position\":\"center-center\",\"style\":\"default\",\"title_breakpoint\":\"xl\",\"title_position\":\"top-left\",\"title_rotation\":\"left\",\"vertical_align\":\"middle\",\"width\":\"default\"},\"children\":[{\"type\":\"row\",\"children\":[{\"type\":\"column\",\"props\":{\"image_position\":\"center-center\",\"position_sticky_breakpoint\":\"m\"},\"children\":[{\"type\":\"breadcrumbs\",\"props\":{\"home_text_pt_br\":\"Tend\\u00eancias do com\\u00e9rcio internacional de bens (julho- setembro de 2025)\",\"show_current\":true,\"show_home\":true},\"name\":\"Migas de pan autogeneradas\"}]}]}]},{\"type\":\"section\",\"props\":{\"image_position\":\"center-center\",\"style\":\"default\",\"title_breakpoint\":\"xl\",\"title_position\":\"top-left\",\"title_rotation\":\"left\",\"vertical_align\":\"middle\",\"width\":\"default\"},\"children\":[{\"type\":\"row\",\"props\":{\"layout\":\"1-4,3-4\"},\"children\":[{\"type\":\"column\",\"props\":{\"image_position\":\"center-center\",\"position_blend\":false,\"position_sticky\":\"section\",\"position_sticky_breakpoint\":\"m\",\"position_sticky_offset\":\"125px\",\"width_medium\":\"1-4\"},\"children\":[{\"name\":\"Nav Menu Headings\",\"type\":\"nav\",\"children\":[{\"type\":\"nav_item\",\"props\":{\"content\":\"<a href=\\\"#punto-uno\\\">1. Principales variables que influyen en la evoluci\\u00f3n del comercio internacional de bienes de los pa\\u00edses miembros de la ALADI<\\\/a>\",\"content_pt_br\":\"<a href=\\\"#punto-uno\\\">1. Principais vari\\u00e1veis que influem na evolu\\u00e7\\u00e3o do com\\u00e9rcio internacional de bens dos pa\\u00edses-membros da ALADI<\\\/a>\",\"link\":\"#punto-uno\",\"type\":\"heading\"}},{\"type\":\"nav_item\",\"props\":{\"content\":\"<a href=\\\"#segundo-punto\\\">2. Exportaci\\u00f3n de bienes de los pa\\u00edses miembros de la ALADI<\\\/a>\",\"content_pt_br\":\"<a href=\\\"#segundo-punto\\\">2. Exporta\\u00e7\\u00e3o de bens dos pa\\u00edses-membros da ALADI <\\\/a>\",\"link\":\"#segundo-punto\"}},{\"type\":\"nav_item\",\"props\":{\"content\":\"<a href=\\\"#tercer-punto\\\">3. Importaciones de bienes de los pa\\u00edses miembros de la ALADI<\\\/a>\",\"content_pt_br\":\"<a href=\\\"#tercer-punto\\\">3. Importa\\u00e7\\u00f5es de bens dos pa\\u00edses-membros da ALADI<\\\/a>\",\"link\":\"#tercer-punto\"}},{\"type\":\"nav_item\",\"props\":{\"content\":\"<a href=\\\"#cuarto-punto\\\">4. Comercio intrarregional<\\\/a>\",\"content_pt_br\":\"<a href=\\\"#cuarto-punto\\\">4. Com\\u00e9rcio intrarregional<\\\/a>\"}},{\"type\":\"nav_item\",\"props\":{\"content\":\"<a href=\\\"#quinto-punto\\\">5. Conclusiones<\\\/a>\",\"content_pt_br\":\"<a href=\\\"#quinto-punto\\\">5. Conclus\\u00f5es <\\\/a>\"}},{\"type\":\"nav_item\",\"props\":{\"content\":\"<a href=\\\"#sexto-punto\\\">6. Datos de gr\\u00e1ficas y tablas<\\\/a>\",\"content_pt_br\":\"<a href=\\\"#sexto-punto\\\">6. Dados de gr\\u00e1ficos e tabelas<\\\/a>\"}},{\"type\":\"nav_item\",\"props\":{\"content\":\"<a href=\\\"#septimo-punto\\\">7. Metodolog\\u00eda y otros documentos<\\\/a>\",\"content_pt_br\":\"<a href=\\\"#septimo-punto\\\">7. Metodologia e outros documentos<\\\/a>\"}}],\"props\":{\"grid\":\"1\",\"grid_divider\":false,\"image_vertical_align\":true,\"margin\":\"remove-vertical\",\"margin_remove_top\":true,\"nav_divider\":true,\"nav_style\":\"default\",\"show_image\":true,\"show_meta\":true}}]},{\"type\":\"column\",\"props\":{\"image_position\":\"center-center\",\"position_sticky_breakpoint\":\"m\",\"width_medium\":\"3-4\"},\"children\":[{\"type\":\"headline\",\"props\":{\"content\":\"Tendencias del comercio internacional de bienes (octubre-diciembre 2025)\",\"content_pt_br\":\"Tend\\u00eancias do com\\u00e9rcio internacional de bens (outubro- dezembro de 2025)\",\"title_element\":\"h1\"},\"name\":\"T\\u00edtulo\"},{\"type\":\"text\",\"props\":{\"column_breakpoint\":\"m\",\"content\":\"\n\n<p><\\\/p>\\n\n\n<p>La Secretar\\u00eda General de la ALADI, con el objetivo de brindar apoyo a la toma de decisiones a los actores econ\\u00f3micos de la regi\\u00f3n, desarrolla indicadores que describen y anticipan el comportamiento tanto del comercio intrarregional, as\\u00ed como el de los pa\\u00edses miembros con el resto del mundo.<\\\/p>\",\"content_pt_br\":\"\n\n<p><\\\/p>\\n\n\n<p>A Secretaria-Geral da ALADI, com o objetivo de apoiar a tomada de decis\\u00f5es dos atores econ\\u00f4micos da regi\\u00e3o, desenvolve indicadores que descrevem e antecipam o comportamento tanto do com\\u00e9rcio intrarregional quanto do com\\u00e9rcio dos pa\\u00edses-membros com o resto do mundo.<\\\/p>\\n\n\n<p><\\\/p>\",\"margin\":\"default\"},\"name\":\"P\\u00e1rrafo de texto\"},{\"type\":\"text\",\"props\":{\"column_breakpoint\":\"m\",\"content\":\"\n\n<p>Principales variables que influyen en la evoluci\\u00f3n del comercio internacional de bienes de los pa\\u00edses miembros de la ALADI<\\\/p>\",\"content_pt_br\":\"Principais vari\\u00e1veis que influem na evolu\\u00e7\\u00e3o do com\\u00e9rcio internacional de bens dos pa\\u00edses-membros da ALADI\",\"id\":\"primer-punto\",\"margin\":\"default\",\"text_color\":\"primary\",\"text_style\":\"lead\"},\"name\":\"Subt\\u00edtulo amarillo\"},{\"type\":\"text\",\"props\":{\"column_breakpoint\":\"m\",\"content\":\"\n\n<p><\\\/p>\\n\n\n<p>El comercio internacional de bienes entre los pa\\u00edses miembros de la ALADI est\\u00e1 condicionado por la evoluci\\u00f3n de la actividad econ\\u00f3mica \\u2014tanto intrarregional como con sus principales socios extrarregionales\\u2014, por los precios internacionales de los productos b\\u00e1sicos, por la din\\u00e1mica de los precios internos, por las fluctuaciones en los tipos de cambio y por las tensiones comerciales y geopol\\u00edticas.<\\\/p>\\n\n\n<p>A continuaci\\u00f3n, se presenta una s\\u00edntesis del comportamiento registrado en el trimestre por las principales variables.<\\\/p>\",\"content_pt_br\":\"\n\n<p><\\\/p>\\n\n\n<p>O com\\u00e9rcio internacional de bens entre os pa\\u00edses-membros da ALADI est\\u00e1 condicionado pela evolu\\u00e7\\u00e3o da atividade econ\\u00f4mica, tanto intrarregional quanto com seus principais parceiros extrarregionais, pelos pre\\u00e7os internacionais dos produtos b\\u00e1sicos, pela din\\u00e2mica dos pre\\u00e7os internos, pelas flutua\\u00e7\\u00f5es nas taxas de c\\u00e2mbio e pelas tens\\u00f5es comerciais e geopol\\u00edticas.<\\\/p>\\n\n\n<p>A seguir, apresentamos uma s\\u00edntese do comportamento registrado no trimestre pelas principais vari\\u00e1veis.<\\\/p>\\n\n\n<p><\\\/p>\",\"margin\":\"default\"}},{\"type\":\"headline\",\"props\":{\"content\":\"\n\n<ul>\\n\n\n<li>\\n\n\n<h5><em>Actividad econ\\u00f3mica en los pa\\u00edses miembros de la ALADI<\\\/em><\\\/h5>\\n<\\\/li>\\n<\\\/ul>\",\"content_pt_br\":\"\n\n<ul>\\n\n\n<li>\\n\n\n<h5><em>Atividade econ\\u00f4mica nos pa\\u00edses-membros da ALADI<\\\/em><\\\/h5>\\n<\\\/li>\\n<\\\/ul>\",\"title_color\":\"secondary\",\"title_element\":\"h2\",\"title_style\":\"h5\"},\"name\":\"Subt\\u00edtulo con bullet - Actividad econ\\u00f3mica en los PM\"},{\"type\":\"text\",\"props\":{\"column_breakpoint\":\"m\",\"content\":\"\n\n<p><\\\/p>\\n\n\n<p data-start=\\\"223\\\" data-end=\\\"658\\\">El contexto internacional de 2025 estuvo marcado por cambios en la pol\\u00edtica comercial de Estados Unidos. La tasa efectiva promedio de los aranceles aplicados a sus socios comerciales pas\\u00f3 de 2,3% en enero a 9,8% en diciembre, seg\\u00fan estimaciones del <a href=\\\"https:\\\/\\\/budgetmodel.wharton.upenn.edu\\\/p\\\/2026-02-23-effective-tariff-rates-and-revenues-updated-february-23-2026\\\/\\\">Penn Wharton Budget Model<\\\/a>, como resultado de la ampliaci\\u00f3n de grav\\u00e1menes a diversos pa\\u00edses y sectores en el marco de la Ley de Poderes Econ\\u00f3micos de Emergencia Internacional (IEEPA).<\\\/p>\\n\n\n<p data-start=\\\"666\\\" data-end=\\\"981\\\">Durante el a\\u00f1o se alcanzaron acuerdos con distintos socios y, a fines de octubre, un entendimiento comercial de un a\\u00f1o con China, lo que contribuy\\u00f3 a moderar parcialmente las tensiones bilaterales. <span style=\\\"font-weight: 400;\\\">No obstante ello, <a href=\\\"https:\\\/\\\/www.policyuncertainty.com\\\/\\\">los \\u00edndices de <\\\/a><\\\/span>incertidumbre de pol\\u00edtica econ\\u00f3mica (EPU)<span style=\\\"font-weight: 400;\\\"> se mantuvieron en niveles hist\\u00f3ricamente elevados.\\u00a0<\\\/span><\\\/p>\\n\n\n<p data-start=\\\"989\\\" data-end=\\\"1491\\\">El 20 de febrero de 2026, la Corte Suprema de los Estados Unidos determin\\u00f3 que el Ejecutivo no contaba con autoridad bajo la IEEPA para imponer aranceles de manera unilateral, tras lo cual se dispuso el <a href=\\\"https:\\\/\\\/www.whitehouse.gov\\\/presidential-actions\\\/2026\\\/02\\\/ending-certain-tariff-actions\\\/\\\">cese de esas medidas<\\\/a>. En forma transitoria, se activ\\u00f3 una <a href=\\\"https:\\\/\\\/www.whitehouse.gov\\\/presidential-actions\\\/2026\\\/02\\\/imposing-a-temporary-import-surcharge-to-address-fundamental-international-payments-problems\\\/\\\">Proclamaci\\u00f3n Presidencial<\\\/a> bajo la Secci\\u00f3n 122 de la Ley de Comercio de 1974, estableciendo un recargo arancelario global del 10 % ad valorem por 150 d\\u00edas, con excepciones espec\\u00edficas, lo que mantiene abierto el escenario normativo para 2026.<\\\/p>\\n\n\n<p><\\\/p>\",\"content_pt_br\":\"\n\n<p><\\\/p>\\n\n\n<p><span style=\\\"font-weight: 400;\\\">O contexto internacional de 2025 foi marcado por mudan\\u00e7as na pol\\u00edtica comercial dos Estados Unidos. A taxa efetiva m\\u00e9dia das tarifas aplicadas aos seus parceiros comerciais passou de 2,3% em janeiro para 9,8% em dezembro, segundo estimativas do <a href=\\\"https:\\\/\\\/budgetmodel.wharton.upenn.edu\\\/p\\\/2026-02-23-effective-tariff-rates-and-revenues-updated-february-23-2026\\\/\\\">Penn Wharton Budget Model<\\\/a>, como resultado da amplia\\u00e7\\u00e3o de gravames a diversos pa\\u00edses e setores no \\u00e2mbito da Lei de Poderes Econ\\u00f4micos de Emerg\\u00eancia Internacional (IEEPA).<\\\/span><\\\/p>\\n\n\n<p><span style=\\\"font-weight: 400;\\\">Durante o ano foram alcan\\u00e7ados acordos com diferentes parceiros e, no final de outubro, um entendimento comercial de um ano com a China, o que contribuiu para moderar parcialmente as tens\\u00f5es bilaterais. <\\\/span><\\\/p>\\n\n\n<p><span style=\\\"font-weight: 400;\\\">Apesar disso, os \\u00edndices de <a href=\\\"https:\\\/\\\/www.policyuncertainty.com\\\/\\\">incerteza de pol\\u00edtica econ\\u00f4mica (EPU)<\\\/a> mantiveram-se em n\\u00edveis historicamente elevados. <\\\/span><\\\/p>\\n\n\n<p><span style=\\\"font-weight: 400;\\\">Em 20 de fevereiro de 2026, a Suprema Corte dos Estados Unidos determinou que o Executivo n\\u00e3o possu\\u00eda autoridade, com base na IEEPA, para impor tarifas de forma unilateral, ap\\u00f3s o que foi determinado o <a href=\\\"https:\\\/\\\/www.whitehouse.gov\\\/presidential-actions\\\/2026\\\/02\\\/ending-certain-tariff-actions\\\/\\\">encerramento dessas medidas<\\\/a>. De forma transit\\u00f3ria, foi ativada uma <a href=\\\"https:\\\/\\\/www.whitehouse.gov\\\/presidential-actions\\\/2026\\\/02\\\/imposing-a-temporary-import-surcharge-to-address-fundamental-international-payments-problems\\\/\\\">Proclama\\u00e7\\u00e3o Presidencial<\\\/a> com base na Se\\u00e7\\u00e3o 122 da Lei de Com\\u00e9rcio de 1974, estabelecendo uma sobretaxa tarif\\u00e1ria global de 10% ad valorem por 150 dias, com exce\\u00e7\\u00f5es espec\\u00edficas, o que mant\\u00e9m aberto o cen\\u00e1rio normativo para 2026.<\\\/span><\\\/p>\",\"margin\":\"large\",\"margin_remove_top\":true}},{\"type\":\"html\",\"props\":{\"content\":\"<iframe scrolling=\\\"no\\\" frameborder=\\\"0\\\" title=\\\"Interactive or visual content\\\" sandbox=\\\"allow-same-origin allow-forms allow-scripts allow-downloads allow-popups allow-popups-to-escape-sandbox allow-top-navigation-by-user-activation\\\" style=\\\"width: 100%; height: 600px;\\\" src=\\\"https:\\\/\\\/flo.uri.sh\\\/visualisation\\\/27893380\\\/embed \\\"><\\\/iframe>\",\"content_pt_br\":\"<iframe scrolling=\\\"no\\\" frameborder=\\\"0\\\" title=\\\"Interactive or visual content\\\" sandbox=\\\"allow-same-origin allow-forms allow-scripts allow-downloads allow-popups allow-popups-to-escape-sandbox allow-top-navigation-by-user-activation\\\" style=\\\"width: 100%; height: 600px;\\\" src=\\\"https:\\\/\\\/flo.uri.sh\\\/visualisation\\\/27797328\\\/embed\\\"><\\\/iframe>\"},\"name\":\"Gr\\u00e1fica externa - Indice de Incertidumbre economica\"},{\"type\":\"text\",\"props\":{\"column_breakpoint\":\"m\",\"content\":\"\n\n<p><\\\/p>\\n\n\n<p><\\\/p>\\n\n\n<p><\\\/p>\\n\n\n<p><span style=\\\"font-weight: 400;\\\">En este marco, el Fondo Monetario Internacional, en su actualizaci\\u00f3n del <\\\/span><a href=\\\"https:\\\/\\\/www.imf.org\\\/en\\\/publications\\\/weo\\\/issues\\\/2026\\\/01\\\/19\\\/world-economic-outlook-update-january-2026\\\"><i><span style=\\\"font-weight: 400;\\\">World Economic Outlook<\\\/span><\\\/i><\\\/a><span style=\\\"font-weight: 400;\\\"> de enero de 2026, proyecta un crecimiento global en torno a 3,3 % para 2026. Si bien esta cifra supone una leve mejora respecto de estimaciones previas y confirma cierta resiliencia de la econom\\u00eda mundial, el ritmo de expansi\\u00f3n est\\u00e1 expuesto a riesgos vinculados a la persistencia de tensiones comerciales y b\\u00e9licas en un contexto de elevada incertidumbre.<\\\/span><\\\/p>\\n\n\n<p><\\\/p>\\n\n\n<p><\\\/p>\",\"content_pt_br\":\"\n\n<p><\\\/p>\\n\n\n<p><\\\/p>\\n\n\n<p><span style=\\\"font-weight: 400;\\\">Nesse contexto, o Fundo Monet\\u00e1rio Internacional, em sua atualiza\\u00e7\\u00e3o do <a href=\\\"https:\\\/\\\/www.imf.org\\\/en\\\/publications\\\/weo\\\/issues\\\/2026\\\/01\\\/19\\\/world-economic-outlook-update-january-2026\\\">World Economic Outlook de janeiro de 2026<\\\/a>, projeta um crescimento global em torno de 3,3% para 2026. Embora esse n\\u00famero represente uma leve melhora em rela\\u00e7\\u00e3o a estimativas anteriores e confirme certa resili\\u00eancia da economia mundial, o ritmo de expans\\u00e3o permanece exposto a riscos associados \\u00e0 persist\\u00eancia de tens\\u00f5es comerciais e conflitos b\\u00e9licos em um contexto de elevada incerteza.<\\\/span><\\\/p>\",\"margin\":\"large\",\"margin_remove_top\":true}},{\"type\":\"html\",\"props\":{\"content\":\"<iframe scrolling=\\\"no\\\" frameborder=\\\"0\\\" title=\\\"Interactive or visual content\\\" sandbox=\\\"allow-same-origin allow-forms allow-scripts allow-downloads allow-popups allow-popups-to-escape-sandbox allow-top-navigation-by-user-activation\\\" style=\\\"width: 100%; height: 600px;\\\" src=\\\"https:\\\/\\\/flo.uri.sh\\\/visualisation\\\/27797037\\\/embed\\\"><\\\/iframe>\\n\\n\",\"content_pt_br\":\"<iframe scrolling=\\\"no\\\" frameborder=\\\"0\\\" title=\\\"Interactive or visual content\\\" sandbox=\\\"allow-same-origin allow-forms allow-scripts allow-downloads allow-popups allow-popups-to-escape-sandbox allow-top-navigation-by-user-activation\\\" style=\\\"width: 100%; height: 600px;\\\" src=\\\"https:\\\/\\\/flo.uri.sh\\\/visualisation\\\/27797325\\\/embed\\\"><\\\/iframe>\"},\"name\":\"Gr\\u00e1fica externa - Tasa de crecimiento del PBI proyectada\"},{\"type\":\"text\",\"props\":{\"column_breakpoint\":\"m\",\"content\":\"\n\n<p><\\\/p>\\n\n\n<p><\\\/p>\\n\n\n<p>Para Am\\u00e9rica Latina y el Caribe, el Fondo Monetario Internacional proyecta que el crecimiento se modere a 2,2 % en 2026, tras el desempe\\u00f1o de 2025, y que repunte posteriormente en 2027. A nivel de pa\\u00edses, Brasil crecer\\u00eda 1,6% en 2026 (2,5% en 2025), reflejando una desaceleraci\\u00f3n respecto al a\\u00f1o previo, mientras que M\\u00e9xico registrar\\u00eda una expansi\\u00f3n de 1,5% en 2026 (0,6% en 2025), mostrando una recuperaci\\u00f3n gradual desde un nivel de crecimiento m\\u00e1s bajo.<\\\/p>\\n\n\n<p>En l\\u00ednea con lo anterior, los analistas consultados por los bancos centrales de la regi\\u00f3n prev\\u00e9n para los pa\\u00edses de la ALADI un crecimiento promedio cercano al 1,7% en 2026.<\\\/p>\",\"content_pt_br\":\"\n\n<p><\\\/p>\\n\n\n<p><\\\/p>\\n\n\n<div class=\\\"uk-panel uk-margin-large uk-margin-remove-top\\\" data-id=\\\"page#1-0-1-9\\\" data-element=\\\"\\\">\\n\n\n<p><span>Para a Am\\u00e9rica Latina e o Caribe, o Fundo Monet\\u00e1rio Internacional projeta que o crescimento se modere para 2,2% em 2026, ap\\u00f3s o desempenho de 2025, e que volte a acelerar posteriormente em 2027. No n\\u00edvel dos pa\\u00edses, o Brasil cresceria 1,6% em 2026 (2,5% em 2025), refletindo uma desacelera\\u00e7\\u00e3o em rela\\u00e7\\u00e3o ao ano anterior, enquanto o M\\u00e9xico registraria uma expans\\u00e3o de 1,5% em 2026 (0,6% em 2025), mostrando uma recupera\\u00e7\\u00e3o gradual a partir de um n\\u00edvel de crescimento mais baixo.<\\\/span><\\\/p>\\n\n\n<p><span>Em linha com o anterior, os analistas consultados pelos bancos centrais da regi\\u00e3o preveem para os pa\\u00edses da ALADI um crescimento m\\u00e9dio pr\\u00f3ximo de 1,7% em 2026.<\\\/span><\\\/p>\\n<\\\/div>\",\"margin\":\"large\",\"margin_remove_top\":true}},{\"type\":\"html\",\"props\":{\"content\":\"<iframe scrolling=\\\"no\\\" frameborder=\\\"0\\\" title=\\\"Interactive or visual content\\\" sandbox=\\\"allow-same-origin allow-forms allow-scripts allow-downloads allow-popups allow-popups-to-escape-sandbox allow-top-navigation-by-user-activation\\\" style=\\\"width: 100%; height: 800px;\\\" src=\\\"https:\\\/\\\/flo.uri.sh\\\/visualisation\\\/27797057\\\/embed\\\"><\\\/iframe>\\n\",\"content_pt_br\":\"<iframe scrolling=\\\"no\\\" frameborder=\\\"0\\\" title=\\\"Interactive or visual content\\\" sandbox=\\\"allow-same-origin allow-forms allow-scripts allow-downloads allow-popups allow-popups-to-escape-sandbox allow-top-navigation-by-user-activation\\\" style=\\\"width: 100%; height: 800px;\\\" src=\\\"https:\\\/\\\/flo.uri.sh\\\/visualisation\\\/27797335\\\/embed\\\"><\\\/iframe>\"},\"name\":\"Gr\\u00e1fica externa - Tasa de crecimiento esperada del PBI\"},{\"type\":\"headline\",\"props\":{\"content\":\"\n\n<ul>\\n\n\n<li><em>Evoluci\\u00f3n de los precios internacionales de las materias primas<\\\/em><\\\/li>\\n<\\\/ul>\",\"content_pt_br\":\"\n\n<ul>\\n\n\n<li>\\n\n\n<h5><em>Evolu\\u00e7\\u00e3o dos pre\\u00e7os internacionais das mat\\u00e9rias-primas<\\\/em><\\\/h5>\\n<\\\/li>\\n<\\\/ul>\",\"title_color\":\"secondary\",\"title_element\":\"h2\",\"title_style\":\"h5\"},\"name\":\"Subt\\u00edtulo con bullet - Evoluci\\u00f3n de los precios internacionales de las materias primas\"},{\"type\":\"text\",\"props\":{\"column_breakpoint\":\"m\",\"content\":\"\n\n<p><\\\/p>\\n\n\n<p><span style=\\\"font-family: 'Arial',sans-serif;\\\">Al cierre de 2025, los precios reales de las materias primas mostraron un comportamiento mixto. En el cuarto trimestre registraron un aumento de 2,1% respecto al trimestre previo, aunque en la comparaci\\u00f3n interanual se observ\\u00f3 una leve ca\\u00edda de 1,3%.<o:p><\\\/o:p><\\\/span><\\\/p>\\n\n\n<p><span style=\\\"font-family: 'Arial',sans-serif;\\\">La din\\u00e1mica fue heterog\\u00e9nea entre rubros. Los metales preciosos y b\\u00e1sicos evidenciaron incrementos significativos, mientras que alimentos, productos agr\\u00edcolas y combustibles continuaron mostrando descensos en t\\u00e9rminos reales. En el promedio del a\\u00f1o, la ca\\u00edda de 1,4% respecto de 2024 reflej\\u00f3 que el fuerte aumento de los metales preciosos fue compensado por la debilidad del resto de las categor\\u00edas.<o:p><\\\/o:p><\\\/span><\\\/p>\\n\n\n<p><span style=\\\"font-family: 'Arial',sans-serif;\\\">Para 2026, el <span class=\\\"whitespace-normal\\\">Fondo Monetario Internacional<\\\/span>, en la actualizaci\\u00f3n de enero de 2026 del <span class=\\\"whitespace-normal\\\">World Economic Outlook<\\\/span>, prev\\u00e9 una moderaci\\u00f3n de los precios del petr\\u00f3leo en su escenario base, consistente con una demanda global m\\u00e1s contenida. No obstante, la evoluci\\u00f3n del conflicto en Medio Oriente introduce riesgos al alza y mayor volatilidad en los mercados energ\\u00e9ticos.<o:p><\\\/o:p><\\\/span><\\\/p>\",\"content_pt_br\":\"\n\n<p><\\\/p>\\n\n\n<p>No final de 2025, os pre\\u00e7os reais das mat\\u00e9rias-primas apresentaram um comportamento misto. No quarto trimestre, registraram um aumento de 2,1% em rela\\u00e7\\u00e3o ao trimestre anterior, embora na compara\\u00e7\\u00e3o interanual tenha sido observada uma leve queda de 1,3%.<\\\/p>\\n\n\n<p>A din\\u00e2mica foi heterog\\u00eanea entre os setores. Os metais preciosos e b\\u00e1sicos apresentaram aumentos significativos, enquanto alimentos, produtos agr\\u00edcolas e combust\\u00edveis continuaram apresentando quedas em termos reais. Na m\\u00e9dia do ano, a queda de 1,4% em rela\\u00e7\\u00e3o a 2024 refletiu que o forte aumento dos metais preciosos foi compensado pela fraqueza das demais categorias.<\\\/p>\\n\n\n<p>Para 2026, o Fundo Monet\\u00e1rio Internacional, na atualiza\\u00e7\\u00e3o de janeiro de 2026 do <em>World Economic Outlook<\\\/em>, prev\\u00ea uma modera\\u00e7\\u00e3o dos pre\\u00e7os do petr\\u00f3leo em seu cen\\u00e1rio base, consistente com uma demanda global mais contida. No entanto, a evolu\\u00e7\\u00e3o do conflito no Oriente M\\u00e9dio introduz riscos em alta e maior volatilidade nos mercados energ\\u00e9ticos.<\\\/p>\",\"margin\":\"large\",\"margin_remove_top\":true}},{\"type\":\"html\",\"props\":{\"content\":\"[table id= 54]\",\"content_pt_br\":\"[table id= 60]\"},\"name\":\"Tabla - Tasa de variaci\\u00f3n real de los precios internacionales de materias primas\"},{\"type\":\"html\",\"props\":{\"content\":\"<iframe scrolling=\\\"no\\\" frameborder=\\\"0\\\" title=\\\"Interactive or visual content\\\" sandbox=\\\"allow-same-origin allow-forms allow-scripts allow-downloads allow-popups allow-popups-to-escape-sandbox allow-top-navigation-by-user-activation\\\" style=\\\"width: 100%; height: 600px;\\\" src=\\\"https:\\\/\\\/flo.uri.sh\\\/visualisation\\\/27797061\\\/embed\\\"><\\\/iframe>\\n\",\"content_pt_br\":\"<iframe scrolling=\\\"no\\\" frameborder=\\\"0\\\" title=\\\"Interactive or visual content\\\" sandbox=\\\"allow-same-origin allow-forms allow-scripts allow-downloads allow-popups allow-popups-to-escape-sandbox allow-top-navigation-by-user-activation\\\" style=\\\"width: 100%; height: 600px;\\\" src=\\\"https:\\\/\\\/flo.uri.sh\\\/visualisation\\\/27797339\\\/embed\\\"><\\\/iframe>\"},\"name\":\"Gr\\u00e1fica externa - Tasa de crecimiento esperada del PBI\"},{\"type\":\"headline\",\"props\":{\"content\":\"\n\n<ul>\\n\n\n<li>\\n\n\n<h5><em>Evoluci\\u00f3n de los tipos de cambio<\\\/em><\\\/h5>\\n<\\\/li>\\n<\\\/ul>\",\"content_pt_br\":\"\n\n<ul>\\n\n\n<li>\\n\n\n<h5><em>Evolu\\u00e7\\u00e3o das taxas de c\\u00e2mbio<\\\/em><\\\/h5>\\n<\\\/li>\\n<\\\/ul>\",\"title_color\":\"secondary\",\"title_element\":\"h2\",\"title_style\":\"h5\"},\"name\":\"Subt\\u00edtulo con bullet - Evoluci\\u00f3n de los precios internacionales de las materias primas\"},{\"type\":\"text\",\"props\":{\"column_breakpoint\":\"m\",\"content\":\"\n\n<p><\\\/p>\\n\n\n<p><span style=\\\"font-family: 'Arial',sans-serif;\\\">En el cuarto trimestre de 2025, y tambi\\u00e9n en la comparaci\\u00f3n interanual, predomin\\u00f3 el fortalecimiento de las monedas de los pa\\u00edses miembros de la ALADI frente al d\\u00f3lar, aunque con excepciones puntuales asociadas a mayores desequilibrios macroecon\\u00f3micos. Este comportamiento estuvo favorecido por un entorno financiero internacional algo menos restrictivo hacia el cierre del a\\u00f1o, en el marco de recortes graduales de tasas de inter\\u00e9s por parte de la <span class=\\\"whitespace-normal\\\">Reserva Federal de Estados Unidos<\\\/span>, mientras que en la regi\\u00f3n las decisiones de pol\\u00edtica monetaria respondieron a la evoluci\\u00f3n de la inflaci\\u00f3n, entre otros factores.\\u00a0<o:p><\\\/o:p><\\\/span><\\\/p>\\n\n\n<p><span style=\\\"font-family: 'Arial',sans-serif;\\\">En el promedio de 2025 respecto de 2024, el panorama fue menos uniforme: solo Per\\u00fa, Colombia y Paraguay registraron una apreciaci\\u00f3n de sus monedas, mientras que M\\u00e9xico, Brasil, Uruguay y Chile evidenciaron depreciaciones moderadas. En contraste, Argentina y Venezuela acumularon descensos m\\u00e1s pronunciados frente al d\\u00f3lar.<o:p><\\\/o:p><\\\/span><\\\/p>\\n\n\n<p data-start=\\\"477\\\" data-end=\\\"809\\\" data-is-last-node=\\\"\\\" data-is-only-node=\\\"\\\"><\\\/p>\",\"content_pt_br\":\"\n\n<p><\\\/p>\\n\n\n<p>No quarto trimestre de 2025, e tamb\\u00e9m na compara\\u00e7\\u00e3o interanual, predominou o fortalecimento das moedas dos pa\\u00edses-membros da ALADI em rela\\u00e7\\u00e3o ao d\\u00f3lar, embora com exce\\u00e7\\u00f5es espec\\u00edficas associadas a maiores desequil\\u00edbrios macroecon\\u00f4micos. Esse comportamento foi favorecido por um entorno financeiro internacional um pouco menos restritivo no final do ano, no contexto de cortes graduais nas taxas de juros pela Reserva Federal dos Estados Unidos, enquanto na regi\\u00e3o as decis\\u00f5es de pol\\u00edtica monet\\u00e1ria responderam \\u00e0 evolu\\u00e7\\u00e3o da infla\\u00e7\\u00e3o, entre outros fatores.<\\\/p>\\n\n\n<div class=\\\"flex flex-col text-sm pb-25\\\">\\n\n\n<article class=\\\"text-token-text-primary w-full focus:outline-none [--shadow-height:45px] has-data-writing-block:pointer-events-none has-data-writing-block:-mt-(--shadow-height) has-data-writing-block:pt-(--shadow-height) [&amp;:has([data-writing-block])&gt;*]:pointer-events-auto scroll-mt-[calc(var(--header-height)+min(200px,max(70px,20svh)))]\\\" dir=\\\"auto\\\" data-turn-id=\\\"request-WEB:e822e27d-d32c-4eef-aff1-b9171445cc10-1\\\" data-testid=\\\"conversation-turn-4\\\" data-scroll-anchor=\\\"true\\\" data-turn=\\\"assistant\\\" tabindex=\\\"-1\\\">\\n\n\n<div class=\\\"text-base my-auto mx-auto pb-10 [--thread-content-margin:var(--thread-content-margin-xs,calc(var(--spacing)*4))] @w-sm\\\/main:[--thread-content-margin:var(--thread-content-margin-sm,calc(var(--spacing)*6))] @w-lg\\\/main:[--thread-content-margin:var(--thread-content-margin-lg,calc(var(--spacing)*16))] px-(--thread-content-margin)\\\">\\n\n\n<div class=\\\"[--thread-content-max-width:40rem] @w-lg\\\/main:[--thread-content-max-width:48rem] mx-auto max-w-(--thread-content-max-width) flex-1 group\\\/turn-messages focus-visible:outline-hidden relative flex w-full min-w-0 flex-col agent-turn\\\" tabindex=\\\"-1\\\">\\n\n\n<div class=\\\"z-0 flex min-h-[46px] justify-start\\\"><\\\/div>\\n\n\n<div class=\\\"mt-3 w-full empty:hidden\\\">\\n\n\n<div class=\\\"text-center\\\">Na m\\u00e9dia de 2025 em rela\\u00e7\\u00e3o a 2024, o panorama foi menos uniforme: apenas o Peru, a Col\\u00f4mbia e o Paraguai registraram uma valoriza\\u00e7\\u00e3o de suas moedas, enquanto o M\\u00e9xico, o Brasil, o Uruguai e o Chile apresentaram deprecia\\u00e7\\u00f5es moderadas. Em contrapartida, a Argentina e a Venezuela acumularam quedas mais pronunciadas em rela\\u00e7\\u00e3o ao d\\u00f3lar.<\\\/div>\\n<\\\/div>\\n<\\\/div>\\n<\\\/div>\\n<\\\/article>\\n<\\\/div>\",\"margin\":\"large\",\"margin_remove_top\":true}},{\"type\":\"html\",\"props\":{\"content\":\"[table id= 55]\",\"content_pt_br\":\"[table id= 58]\"},\"name\":\"Tabla - Tasa de variaci\\u00f3n de los tipos de cambio\"},{\"type\":\"headline\",\"props\":{\"content\":\"\n\n<ul>\\n\n\n<li>\\n\n\n<h5><em>El comportamiento de los precios al consumidor<br \\\/><\\\/em><\\\/h5>\\n<\\\/li>\\n<\\\/ul>\",\"content_pt_br\":\"\n\n<ul>\\n\n\n<li>\\n\n\n<h5><em>O comportamento dos pre\\u00e7os ao consumidor<\\\/em><\\\/h5>\\n<\\\/li>\\n<\\\/ul>\",\"title_color\":\"secondary\",\"title_element\":\"h2\",\"title_style\":\"h5\"},\"name\":\"Subt\\u00edtulo con bullet - Precios al consumidor\"},{\"type\":\"text\",\"props\":{\"column_breakpoint\":\"m\",\"content\":\"\n\n<p><\\\/p>\\n\n\n<p><span style=\\\"font-family: 'Arial',sans-serif;\\\">Al cierre de 2025, la inflaci\\u00f3n interanual en la mayor\\u00eda de los pa\\u00edses de la regi\\u00f3n mostr\\u00f3 un comportamiento m\\u00e1s moderado, particularmente en econom\\u00edas que hab\\u00edan registrado incrementos significativos el a\\u00f1o anterior (Argentina). Tambi\\u00e9n se observaron descensos o estabilizaci\\u00f3n en pa\\u00edses con reg\\u00edmenes de metas de inflaci\\u00f3n y pol\\u00edticas monetarias contractivas (Brasil, Chile, M\\u00e9xico, Paraguay y Uruguay), as\\u00ed como en aquellos con registros tradicionalmente bajos (Per\\u00fa, Ecuador y Panam\\u00e1). <o:p><\\\/o:p><\\\/span><\\\/p>\\n\n\n<p><span style=\\\"font-family: 'Arial',sans-serif;\\\">En contraste, algunas econom\\u00edas continuaron exhibiendo mayores presiones inflacionarias o menor convergencia hacia niveles moderados (Bolivia y Cuba), reflejando din\\u00e1micas internas m\\u00e1s persistentes. En el caso de Colombia, la inflaci\\u00f3n se mantuvo relativamente estable hacia el cierre del a\\u00f1o. <o:p><\\\/o:p><\\\/span><\\\/p>\\n\n\n<p><\\\/p>\",\"content_pt_br\":\"\n\n<p><\\\/p>\\n\n\n<p>No final de 2025, a infla\\u00e7\\u00e3o interanual na maioria dos pa\\u00edses da regi\\u00e3o apresentou um comportamento mais moderado, particularmente nas economias que haviam registrado aumentos significativos no ano anterior (Argentina). Tamb\\u00e9m foram observadas quedas ou estabiliza\\u00e7\\u00e3o em pa\\u00edses com regimes de metas de infla\\u00e7\\u00e3o e pol\\u00edticas monet\\u00e1rias contrativas (Brasil, Chile, M\\u00e9xico, Paraguai e Uruguai), bem como naqueles com registros tradicionalmente baixos (Peru, Equador e Panam\\u00e1).<\\\/p>\\n\n\n<p>Em contrapartida, algumas economias continuaram apresentando maiores press\\u00f5es inflacion\\u00e1rias ou menor converg\\u00eancia para n\\u00edveis moderados (Bol\\u00edvia e Cuba), refletindo din\\u00e2micas internas mais persistentes. No caso da Col\\u00f4mbia, a infla\\u00e7\\u00e3o permaneceu relativamente est\\u00e1vel no final do ano.<\\\/p>\\n\n\n<p><\\\/p>\",\"margin\":\"large\",\"margin_remove_top\":true}},{\"type\":\"html\",\"props\":{\"content\":\"<iframe scrolling=\\\"no\\\" frameborder=\\\"0\\\" title=\\\"Interactive or visual content\\\" sandbox=\\\"allow-same-origin allow-forms allow-scripts allow-downloads allow-popups allow-popups-to-escape-sandbox allow-top-navigation-by-user-activation\\\" style=\\\"width: 100%; height: 600px;\\\" src=\\\"https:\\\/\\\/flo.uri.sh\\\/visualisation\\\/27797065\\\/embed\\\"><\\\/iframe>\\n\",\"content_pt_br\":\"<iframe scrolling=\\\"no\\\" frameborder=\\\"0\\\" title=\\\"Interactive or visual content\\\" sandbox=\\\"allow-same-origin allow-forms allow-scripts allow-downloads allow-popups allow-popups-to-escape-sandbox allow-top-navigation-by-user-activation\\\" style=\\\"width: 100%; height: 600px;\\\" src=\\\"https:\\\/\\\/flo.uri.sh\\\/visualisation\\\/27797344\\\/embed\\\"><\\\/iframe>\"},\"name\":\"Gr\\u00e1fica externa - Inflaci\\u00f3n interanual\"},{\"type\":\"text\",\"props\":{\"column_breakpoint\":\"m\",\"content\":\"\n\n<p><\\\/p>\\n\n\n<p><\\\/p>\\n\n\n<p><span style=\\\"font-family: 'Arial',sans-serif;\\\">Para 2026, el Fondo Monetario Internacional prev\\u00e9 que la inflaci\\u00f3n mundial contin\\u00fae descendiendo, en un contexto de crecimiento moderado. No obstante, la volatilidad en los precios de la energ\\u00eda asociada a tensiones geopol\\u00edticas constituye un riesgo relevante para la trayectoria esperada.<o:p><\\\/o:p><\\\/span><\\\/p>\",\"content_pt_br\":\"\n\n<p><\\\/p>\\n\n\n<p><\\\/p>\\n\n\n<p>Para 2026, o Fundo Monet\\u00e1rio Internacional prev\\u00ea que a infla\\u00e7\\u00e3o mundial continue diminuindo, em um contexto de crescimento moderado. No entanto, a volatilidade dos pre\\u00e7os da energia associada a tens\\u00f5es geopol\\u00edticas constitui um risco relevante para a trajet\\u00f3ria esperada.<\\\/p>\",\"margin\":\"large\",\"margin_remove_top\":true}},{\"type\":\"html\",\"props\":{\"content\":\"[table id= 56]\",\"content_pt_br\":\"[table id= 61]\"},\"name\":\"Tabla - Tasa de variaci\\u00f3n de los precios al consumidor\"},{\"type\":\"text\",\"props\":{\"column_breakpoint\":\"m\",\"content\":\"\n\n<p><\\\/p>\\n\n\n<p>Exportaci\\u00f3n de bienes de los pa\\u00edses miembros de la ALADI<\\\/p>\",\"content_pt_br\":\"\n\n<p><\\\/p>\\n\n\n<p>Exporta\\u00e7\\u00e3o de bens dos pa\\u00edses-membros da ALADI<\\\/p>\",\"id\":\"segundo-punto\",\"margin\":\"large\",\"margin_remove_bottom\":true,\"text_color\":\"primary\",\"text_style\":\"lead\"},\"name\":\"Subt\\u00edtulo amarillo - Exportaci\\u00f3n de bienes de los pa\\u00edses miembros\"},{\"type\":\"text\",\"props\":{\"column_breakpoint\":\"m\",\"content\":\"\n\n<p><\\\/p>\\n\n\n<p><i>El Indicador Oportuno de Exportaciones Totales de Bienes de la ALADI<\\\/i><span style=\\\"font-weight: 400;\\\">\\u2014que mide la evoluci\\u00f3n en d\\u00f3lares de las ventas externas de los trece pa\\u00edses miembros hacia el mundo\\u2014 aument\\u00f3 12,6% en el trimestre octubre-diciembre de 2025 respecto al mismo trimestre de 2024. En el promedio del a\\u00f1o, las exportaciones crecieron 6,4% frente a 2024.<\\\/span><\\\/p>\\n\n\n<p><\\\/p>\",\"content_pt_br\":\"\n\n<p><\\\/p>\\n\n\n<p>O <em>Indicador Oportuno das Exporta\\u00e7\\u00f5es Totais de Bens da ALADI<\\\/em>\\u00a0\\u2014 que mede a evolu\\u00e7\\u00e3o em d\\u00f3lares das vendas externas dos treze pa\\u00edses-membros para o mundo\\u2014 aumentou 12,6% no trimestre outubro-dezembro de 2025 em rela\\u00e7\\u00e3o ao mesmo trimestre de 2024. Na m\\u00e9dia do ano, as exporta\\u00e7\\u00f5es cresceram 6,4% em rela\\u00e7\\u00e3o a 2024.<\\\/p>\",\"margin\":\"default\",\"margin_remove_top\":false},\"name\":\"P\\u00e1rrafo de texto\"},{\"type\":\"html\",\"props\":{\"content\":\"<iframe scrolling=\\\"no\\\" frameborder=\\\"0\\\" title=\\\"Interactive or visual content\\\" sandbox=\\\"allow-same-origin allow-forms allow-scripts allow-downloads allow-popups allow-popups-to-escape-sandbox allow-top-navigation-by-user-activation\\\" style=\\\"width: 100%; height: 600px;\\\" src=\\\"https:\\\/\\\/flo.uri.sh\\\/visualisation\\\/27797074\\\/embed\\\"><\\\/iframe>\\n\\n\",\"content_pt_br\":\"<iframe scrolling=\\\"no\\\" frameborder=\\\"0\\\" title=\\\"Interactive or visual content\\\" sandbox=\\\"allow-same-origin allow-forms allow-scripts allow-downloads allow-popups allow-popups-to-escape-sandbox allow-top-navigation-by-user-activation\\\" style=\\\"width: 100%; height: 600px;\\\" src=\\\"https:\\\/\\\/flo.uri.sh\\\/visualisation\\\/27797349\\\/embed\\\"><\\\/iframe>\"},\"name\":\"Gr\\u00e1fica externa - exportaciones totales aladi\"},{\"type\":\"text\",\"props\":{\"column_breakpoint\":\"m\",\"content\":\"\n\n<p><\\\/p>\\n\n\n<p><span style=\\\"font-weight: 400;\\\">En t\\u00e9rminos desestacionalizados, las exportaciones registraron un incremento de 4,6% en el cuarto trimestre respecto al tercero, lo que confirma una recuperaci\\u00f3n en el margen hacia el cierre del a\\u00f1o.<\\\/span><\\\/p>\\n\n\n<p><\\\/p>\",\"content_pt_br\":\"\n\n<p><\\\/p>\\n\n\n<p>Em termos dessazonalizados, as exporta\\u00e7\\u00f5es registraram um incremento de 4,6% no quarto trimestre em rela\\u00e7\\u00e3o ao terceiro, o qual confirma uma recupera\\u00e7\\u00e3o na \\u00a0margem no final do ano.<\\\/p>\\n\n\n<p><\\\/p>\",\"margin\":\"default\",\"margin_remove_top\":false},\"name\":\"P\\u00e1rrafo de texto\"},{\"type\":\"text\",\"props\":{\"column_breakpoint\":\"m\",\"content\":\"\n\n<p><\\\/p>\\n\n\n<p>Importaciones de bienes de los pa\\u00edses miembros de la ALADI<\\\/p>\",\"content_pt_br\":\"Importa\\u00e7\\u00f5es de bens dos pa\\u00edses-membros da ALADI\",\"id\":\"tercer-punto\",\"margin\":\"large\",\"margin_remove_bottom\":true,\"text_color\":\"primary\",\"text_style\":\"lead\"},\"name\":\"Subt\\u00edtulo amarillo - Importaciones de bienes \"},{\"type\":\"text\",\"props\":{\"column_breakpoint\":\"m\",\"content\":\"\n\n<p><\\\/p>\\n\n\n<p>El <em>Indicador Oportuno de Importaciones Totales de Bienes de la ALADI <\\\/em>aument\\u00f3 de 9,4% interanual en el cuarto trimestre de 2025, mientras que en el promedio anual las compras externas superaron en 7,5% las de 2024.<\\\/p>\",\"content_pt_br\":\"\n\n<p><\\\/p>\\n\n\n<p>O <em>Indicador Oportuno das Importa\\u00e7\\u00f5es Totais de Bens da ALADI<\\\/em> aumentou 9,4% interanual no quarto trimestre de 2025, enquanto que, na m\\u00e9dia anual, as compras externas superaram em 7,5% as de 2024.<\\\/p>\",\"margin\":\"default\"},\"name\":\"P\\u00e1rrafo de texto\"},{\"type\":\"html\",\"props\":{\"content\":\"<iframe scrolling=\\\"no\\\" frameborder=\\\"0\\\" title=\\\"Interactive or visual content\\\" sandbox=\\\"allow-same-origin allow-forms allow-scripts allow-downloads allow-popups allow-popups-to-escape-sandbox allow-top-navigation-by-user-activation\\\" style=\\\"width: 100%; height: 600px;\\\" src=\\\"https:\\\/\\\/flo.uri.sh\\\/visualisation\\\/27797086\\\/embed\\\"><\\\/iframe>\\n\\n\",\"content_pt_br\":\"<iframe scrolling=\\\"no\\\" frameborder=\\\"0\\\" title=\\\"Interactive or visual content\\\" sandbox=\\\"allow-same-origin allow-forms allow-scripts allow-downloads allow-popups allow-popups-to-escape-sandbox allow-top-navigation-by-user-activation\\\" style=\\\"width: 100%; height: 600px;\\\" src=\\\"https:\\\/\\\/flo.uri.sh\\\/visualisation\\\/27797352\\\/embed\\\"><\\\/iframe>\"},\"name\":\"Gr\\u00e1fica externa - importaciones totales aladi\"},{\"type\":\"text\",\"props\":{\"column_breakpoint\":\"m\",\"content\":\"\n\n<p><\\\/p>\\n\n\n<p><span style=\\\"font-weight: 400;\\\">Sin embargo, al considerar la serie ajustada por estacionalidad, el crecimiento trimestral fue m\\u00e1s moderado (2,2% respecto al tercer trimestre), lo que sugiere una expansi\\u00f3n menos din\\u00e1mica en el margen hacia el cierre del a\\u00f1o.<\\\/span><\\\/p>\",\"content_pt_br\":\"\n\n<p><\\\/p>\\n\n\n<p>No entanto, ao considerar a s\\u00e9rie ajustada sazonalmente, o crescimento trimestral foi mais moderado (2,2% em rela\\u00e7\\u00e3o ao terceiro trimestre), o que sugere uma expans\\u00e3o menos din\\u00e2mica na margem do final do ano.<\\\/p>\",\"margin\":\"default\"},\"name\":\"P\\u00e1rrafo de texto\"},{\"type\":\"text\",\"props\":{\"column_breakpoint\":\"m\",\"content\":\"\n\n<p><\\\/p>\\n\n\n<p>Comercio intrarregional<\\\/p>\",\"content_pt_br\":\"Com\\u00e9rcio intrarregional\",\"id\":\"cuarto-punto\",\"margin\":\"large\",\"margin_remove_bottom\":true,\"text_color\":\"primary\",\"text_style\":\"lead\"},\"name\":\"Subt\\u00edtulo amarillo - Comercio intra\"},{\"type\":\"text\",\"props\":{\"column_breakpoint\":\"m\",\"content\":\"\n\n<p><\\\/p>\\n\n\n<p>El <em>Indicador Oportuno de Comercio Intrarregional de Bienes de la ALADI <\\\/em>creci\\u00f3 apenas 0,2% interanual en el cuarto trimestre de 2025, evidenciando una evoluci\\u00f3n m\\u00e1s d\\u00e9bil que la observada en el comercio extrarregional. No obstante, en el promedio del a\\u00f1o 2025 el intercambio intrazona aument\\u00f3 6,2% respecto a 2024, lo que indica que el desempe\\u00f1o anual positivo estuvo concentrado principalmente en trimestres previos.<\\\/p>\",\"content_pt_br\":\"\n\n<p><\\\/p>\\n\n\n<p>O <em>Indicador Oportuno de Com\\u00e9rcio Intrarregional de Bens da ALADI <\\\/em>cresceu apenas 0,2% interanual no quarto trimestre de 2025, evidenciando uma evolu\\u00e7\\u00e3o mais fraca do que a observada no com\\u00e9rcio extrarregional. No entanto, na m\\u00e9dia do ano de 2025, o interc\\u00e2mbio intra-zona aumentou 6,2% em rela\\u00e7\\u00e3o a 2024, o que indica que o desempenho anual positivo se concentrou principalmente nos trimestres anteriores.<\\\/p>\",\"margin\":\"default\"}},{\"type\":\"html\",\"props\":{\"content\":\"<iframe scrolling=\\\"no\\\" frameborder=\\\"0\\\" title=\\\"Interactive or visual content\\\" sandbox=\\\"allow-same-origin allow-forms allow-scripts allow-downloads allow-popups allow-popups-to-escape-sandbox allow-top-navigation-by-user-activation\\\" style=\\\"width: 100%; height: 600px;\\\" src=\\\"https:\\\/\\\/flo.uri.sh\\\/visualisation\\\/27797090\\\/embed\\\"><\\\/iframe>\\n\\n\",\"content_pt_br\":\"<iframe scrolling=\\\"no\\\" frameborder=\\\"0\\\" title=\\\"Interactive or visual content\\\" sandbox=\\\"allow-same-origin allow-forms allow-scripts allow-downloads allow-popups allow-popups-to-escape-sandbox allow-top-navigation-by-user-activation\\\" style=\\\"width: 100%; height: 600px;\\\" src=\\\"https:\\\/\\\/flo.uri.sh\\\/visualisation\\\/27797354\\\/embed\\\"><\\\/iframe>\"},\"name\":\"Gr\\u00e1fica externa - comercio intrarregional\"},{\"type\":\"text\",\"props\":{\"column_breakpoint\":\"m\",\"content\":\"\n\n<p><\\\/p>\\n\n\n<p><span style=\\\"font-weight: 400;\\\">La serie desestacionalizada muestra una contracci\\u00f3n de 3,2% en el cuarto trimestre respecto al tercero, lo que sugiere una p\\u00e9rdida de dinamismo en el comercio intrarregional hacia el cierre del a\\u00f1o.\\u00a0<\\\/span><\\\/p>\",\"content_pt_br\":\"\n\n<p><\\\/p>\\n\n\n<p>A s\\u00e9rie dessazonalizada mostra uma contra\\u00e7\\u00e3o de 3,2% no quarto trimestre em rela\\u00e7\\u00e3o ao terceiro, o que representa uma perda de dinamismo no com\\u00e9rcio intrarregional no final do ano.<\\\/p>\\n\n\n<p><\\\/p>\",\"margin\":\"default\"}},{\"type\":\"text\",\"props\":{\"column_breakpoint\":\"m\",\"content\":\"\n\n<p><\\\/p>\\n\n\n<p>Conclusiones<\\\/p>\",\"content_pt_br\":\"Conclus\\u00f5es\",\"id\":\"quinto-punto\",\"margin\":\"default\",\"text_color\":\"primary\",\"text_style\":\"lead\"},\"name\":\"Subt\\u00edtulo amarillo - Importaciones de bienes \"},{\"type\":\"text\",\"props\":{\"column_breakpoint\":\"m\",\"content\":\"\n\n<ul>\\n\n\n<li>\\n\n\n<p><strong><span style=\\\"font-family: 'Arial',sans-serif;\\\">Crecimiento econ\\u00f3mico: <\\\/span><\\\/strong><span style=\\\"font-family: 'Arial',sans-serif;\\\">En 2025 la econom\\u00eda mundial creci\\u00f3 3,3% en un contexto de elevada incertidumbre comercial. Para 2026 el FMI proyecta una tasa similar a nivel global y de 2,2% para Am\\u00e9rica Latina y el Caribe, mientras que para la ALADI las expectativas privadas ubican la expansi\\u00f3n en torno a 1,7%. El escenario permanece condicionado por riesgos geopol\\u00edticos y comerciales.<\\\/span><\\\/p>\\n<\\\/li>\\n\n\n<li>\\n\n\n<p><span style=\\\"font-family: 'Arial',sans-serif;\\\"><o:p><\\\/o:p><\\\/span><strong><span style=\\\"font-family: 'Arial',sans-serif;\\\">Precios de materias primas: <\\\/span><\\\/strong><span style=\\\"font-family: 'Arial',sans-serif;\\\">En el cuarto trimestre los precios reales aumentaron 2,1% trimestral, aunque cayeron 1,3% interanual. En el promedio de 2025 se observ\\u00f3 una leve disminuci\\u00f3n (-1,4%), con incrementos en metales y descensos en combustibles y alimentos. Para 2026, la evoluci\\u00f3n de los precios se encuentra condicionada por la trayectoria del conflicto b\\u00e9lico en Medio Oriente.<\\\/span><\\\/p>\\n<\\\/li>\\n\n\n<li>\\n\n\n<p><span style=\\\"font-family: 'Arial',sans-serif;\\\"><o:p><\\\/o:p><\\\/span><strong><span style=\\\"font-family: 'Arial',sans-serif;\\\">Tipos de cambio: <\\\/span><\\\/strong><span style=\\\"font-family: 'Arial',sans-serif;\\\">En el cuarto trimestre predomin\\u00f3 la apreciaci\\u00f3n frente al d\\u00f3lar, favorecida por un entorno financiero externo menos restrictivo. En el promedio anual el comportamiento fue heterog\\u00e9neo, con depreciaciones en varias econom\\u00edas y descensos m\\u00e1s pronunciados en casos puntuales. La evoluci\\u00f3n futura depender\\u00e1 de las condiciones financieras internacionales y del nivel de aversi\\u00f3n al riesgo.<\\\/span><\\\/p>\\n<\\\/li>\\n\n\n<li>\\n\n\n<p><span style=\\\"font-family: 'Arial',sans-serif;\\\"><o:p><\\\/o:p><\\\/span><strong><span style=\\\"font-family: 'Arial',sans-serif;\\\">Inflaci\\u00f3n: <\\\/span><\\\/strong><span style=\\\"font-family: 'Arial',sans-serif;\\\">Al cierre de 2025 la inflaci\\u00f3n mostr\\u00f3 una moderaci\\u00f3n generalizada en la regi\\u00f3n, particularmente en econom\\u00edas con pol\\u00edticas monetarias contractivas o tras episodios de alta inflaci\\u00f3n previa. Persistieron presiones en algunos casos espec\\u00edficos. Para 2026 el FMI prev\\u00e9 continuidad del proceso desinflacionario, sujeta a eventuales shocks en energ\\u00eda.<\\\/span><\\\/p>\\n<\\\/li>\\n\n\n<li>\\n\n\n<p><span style=\\\"font-family: 'Arial',sans-serif;\\\"><o:p><\\\/o:p><\\\/span><strong><span style=\\\"font-family: 'Arial',sans-serif;\\\">Exportaciones: <\\\/span><\\\/strong><span style=\\\"font-family: 'Arial',sans-serif;\\\">Las exportaciones de bienes crecieron 12,6% interanual en el cuarto trimestre y 6,4% en el promedio de 2025. El aumento desestacionalizado de 4,6% respecto al trimestre previo confirma una recuperaci\\u00f3n en el margen hacia el cierre del a\\u00f1o.<\\\/span><\\\/p>\\n<\\\/li>\\n\n\n<li>\\n\n\n<p><span style=\\\"font-family: 'Arial',sans-serif;\\\"><o:p><\\\/o:p><\\\/span><strong><span style=\\\"font-family: 'Arial',sans-serif;\\\">Importaciones: <\\\/span><\\\/strong><span style=\\\"font-family: 'Arial',sans-serif;\\\">Las importaciones aumentaron 9,4% interanual en el cuarto trimestre y 7,5% en el promedio anual. No obstante, el crecimiento desestacionalizado fue m\\u00e1s moderado (2,2%), se\\u00f1alando una expansi\\u00f3n menos din\\u00e1mica hacia fin de a\\u00f1o.<\\\/span><\\\/p>\\n<\\\/li>\\n\n\n<li>\\n\n\n<p><span style=\\\"font-family: 'Arial',sans-serif;\\\"><o:p><\\\/o:p><\\\/span><strong><span style=\\\"font-family: 'Arial',sans-serif;\\\">Comercio intrarregional: <\\\/span><\\\/strong><span style=\\\"font-family: 'Arial',sans-serif;\\\">El comercio intrarregional creci\\u00f3 0,2% interanual en el cuarto trimestre y cay\\u00f3 3,2% en t\\u00e9rminos desestacionalizados. Aunque el promedio anual fue positivo (6,2%), el cierre de 2025 evidenci\\u00f3 una p\\u00e9rdida de dinamismo relativo frente al comercio extrarregional.<o:p><\\\/o:p><\\\/span><\\\/p>\\n<\\\/li>\\n<\\\/ul>\",\"content_pt_br\":\"\n\n<p><\\\/p>\\n\n\n<ul>\\n\n\n<li>\\n\n\n<p><strong>Crescimento econ\\u00f4mico:<\\\/strong> Em 2025, a economia mundial cresceu 3,3% em um contexto de elevada incerteza comercial. Para 2026, o FMI projeta uma taxa semelhante em n\\u00edvel global e de 2,2% para a Am\\u00e9rica Latina e o Caribe, enquanto que para a ALADI as expectativas privadas situam a expans\\u00e3o em torno de 1,7%. O cen\\u00e1rio continua condicionado por riscos geopol\\u00edticos e comerciais.<\\\/p>\\n<\\\/li>\\n\n\n<li>\\n\n\n<p><strong>Pre\\u00e7os das mat\\u00e9rias-primas:<\\\/strong> No quarto trimestre, os pre\\u00e7os reais aumentaram 2,1% trimestralmente, embora tenham ca\\u00eddo 1,3% interanual. Na m\\u00e9dia de 2025, observou-se uma leve diminui\\u00e7\\u00e3o (-1,4%), com aumentos nos metais e quedas nos combust\\u00edveis e alimentos. Para 2026, a evolu\\u00e7\\u00e3o dos pre\\u00e7os encontra-se condicionada pela trajet\\u00f3ria do conflito b\\u00e9lico no Oriente M\\u00e9dio.<\\\/p>\\n<\\\/li>\\n\n\n<li>\\n\n\n<p><strong>Taxas de c\\u00e2mbio:<\\\/strong> No quarto trimestre, predominou a valoriza\\u00e7\\u00e3o em rela\\u00e7\\u00e3o ao d\\u00f3lar, favorecida por um entorno financeiro externo menos restritivo. Na m\\u00e9dia anual, o comportamento foi heterog\\u00eaneo, com desvaloriza\\u00e7\\u00f5es em v\\u00e1rias economias e quedas mais pronunciadas em casos espec\\u00edficos. A evolu\\u00e7\\u00e3o futura depender\\u00e1 das condi\\u00e7\\u00f5es financeiras internacionais e do n\\u00edvel de avers\\u00e3o ao risco.<\\\/p>\\n<\\\/li>\\n\n\n<li>\\n\n\n<p><strong>Infla\\u00e7\\u00e3o:<\\\/strong> No final de 2025, a infla\\u00e7\\u00e3o apresentou uma modera\\u00e7\\u00e3o generalizada na regi\\u00e3o, particularmente em economias com pol\\u00edticas monet\\u00e1rias contrativas ou ap\\u00f3s epis\\u00f3dios de alta infla\\u00e7\\u00e3o anterior. Persistiram press\\u00f5es em alguns casos espec\\u00edficos. Para 2026, o FMI prev\\u00ea a continuidade do processo desinflacion\\u00e1rio, sujeito a eventuais choques na energia.<\\\/p>\\n<\\\/li>\\n\n\n<li>\\n\n\n<p><strong>Exporta\\u00e7\\u00f5es:<\\\/strong> As exporta\\u00e7\\u00f5es de bens cresceram 12,6% interanual no quarto trimestre e 6,4% na m\\u00e9dia de 2025. O aumento dessazonalizado de 4,6% em rela\\u00e7\\u00e3o ao trimestre anterior confirma uma recupera\\u00e7\\u00e3o na margem no final do ano.<\\\/p>\\n<\\\/li>\\n\n\n<li>\\n\n\n<p><strong>Importa\\u00e7\\u00f5es:<\\\/strong> As importa\\u00e7\\u00f5es aumentaram 9,4% interanual no quarto trimestre e 7,5% na m\\u00e9dia anual. No entanto, o crescimento dessazonalizado foi mais moderado (2,2%), indicando uma expans\\u00e3o menos din\\u00e2mica no final do ano.<\\\/p>\\n<\\\/li>\\n\n\n<li>\\n\n\n<p><strong>Com\\u00e9rcio intrarregional:<\\\/strong> O com\\u00e9rcio intrarregional cresceu 0,2% interanual no quarto trimestre e caiu 3,2% em termos dessazonalizados. Embora a m\\u00e9dia anual tenha sido positiva (6,2%), o encerramento de 2025 evidenciou uma perda de dinamismo relativo em rela\\u00e7\\u00e3o ao com\\u00e9rcio extrarregional.<\\\/p>\\n<\\\/li>\\n<\\\/ul>\",\"margin\":\"default\"}},{\"type\":\"text\",\"props\":{\"column_breakpoint\":\"m\",\"content\":\"\n\n<p>Datos de gr\\u00e1ficas y tablas<\\\/p>\",\"content_pt_br\":\"Dados de gr\\u00e1ficos e tabelas\",\"id\":\"sexto-punto\",\"margin\":\"xlarge\",\"margin_remove_bottom\":true,\"text_color\":\"primary\",\"text_style\":\"lead\"},\"name\":\"Subt\\u00edtulo amarillo -Datos de gr\\u00e1ficas y tablas\"},{\"type\":\"table\",\"props\":{\"image_svg_color\":\"emphasis\",\"link_style\":\"default\",\"link_text\":\"Read more\",\"meta_style\":\"text-meta\",\"show_content\":true,\"show_image\":true,\"show_link\":true,\"show_meta\":true,\"show_title\":true,\"table_hover\":false,\"table_order\":\"1\",\"table_responsive\":\"overflow\",\"table_style\":\"divider\",\"table_width_meta\":\"shrink\",\"table_width_title\":\"shrink\"},\"children\":[{\"type\":\"table_item\",\"props\":{\"content\":\"\n\n<p><a href=\\\"https:\\\/\\\/www.aladi.org\\\/wp-content\\\/uploads\\\/2026\\\/03\\\/Grafica-0-Indice-de-Incertidumbre-Economica-esp-octdic25.xlsx\\\">\\u00cdndices de incertidumbre econ\\u00f3mica<\\\/a><\\\/p>\",\"content_pt_br\":\"\n\n<p><a href=\\\"https:\\\/\\\/www.aladi.org\\\/wp-content\\\/uploads\\\/2026\\\/03\\\/Grafica-0-Indices-de-Incerteza-Economica-por-outdez25.xlsx\\\">\\u00cdndices de incerteza econ\\u00f4mica<\\\/a><\\\/p>\",\"title\":\"\"}},{\"type\":\"table_item\",\"props\":{\"content\":\"\n\n<p><a href=\\\"https:\\\/\\\/www.aladi.org\\\/wp-content\\\/uploads\\\/2026\\\/03\\\/Grafica-2-esp-octdic2025.xlsx\\\">Expectativas de crecimiento para 2026 en pa\\u00edses miembros de la ALADI<\\\/a><\\\/p>\",\"content_pt_br\":\"\n\n<p><a href=\\\"https:\\\/\\\/www.aladi.org\\\/wp-content\\\/uploads\\\/2026\\\/03\\\/Grafica-2-por-outdez.2025.xlsx\\\">Taxa de crescimento esperada do PBI para 2026<\\\/a><\\\/p>\",\"title\":\"\"}},{\"type\":\"table_item\",\"props\":{\"content\":\"\n\n<p><a href=\\\"https:\\\/\\\/www.aladi.org\\\/wp-content\\\/uploads\\\/2026\\\/03\\\/Grafica-1-esp-octdic2025.xlsx\\\">Tasa de crecimiento del PBI para el 2026 (FMI)<\\\/a><\\\/p>\",\"content_pt_br\":\"\n\n<p><a href=\\\"https:\\\/\\\/www.aladi.org\\\/wp-content\\\/uploads\\\/2026\\\/03\\\/Grafica-1-por-outdez-2025.xlsx\\\">Taxa de crescimento esperada do PBI para 2026 (FMI)<\\\/a><\\\/p>\",\"title\":\"\"}},{\"type\":\"table_item\",\"props\":{\"content\":\"\n\n<p><a href=\\\"https:\\\/\\\/www.aladi.org\\\/wp-content\\\/uploads\\\/2026\\\/03\\\/Grafica-3-esp-octdic2025.xlsx\\\">\\u00cdndice de precios internacionales de las materias primas<\\\/a><\\\/p>\",\"content_pt_br\":\"\n\n<p><a href=\\\"https:\\\/\\\/www.aladi.org\\\/wp-content\\\/uploads\\\/2026\\\/03\\\/Grafica-3-por-outdez.2025.xlsx\\\" data-type=\\\"link\\\">\\u00cdndice de pre\\u00e7os internacionais das mat\\u00e9rias-primas<\\\/a><\\\/p>\",\"title\":\"\"}},{\"type\":\"table_item\",\"props\":{\"content\":\"\n\n<p><a href=\\\"https:\\\/\\\/www.aladi.org\\\/wp-content\\\/uploads\\\/2026\\\/03\\\/Grafica-4-esp-octdic2025.xlsx\\\" data-type=\\\"link\\\">Inflaci\\u00f3n interanual (en %)<\\\/a><\\\/p>\",\"content_pt_br\":\"\n\n<p><a href=\\\"https:\\\/\\\/www.aladi.org\\\/wp-content\\\/uploads\\\/2026\\\/03\\\/Grafica-4-por-outdez.2025.xlsx\\\" data-type=\\\"link\\\">Infla\\u00e7\\u00e3o interanual (%)<\\\/a><\\\/p>\",\"title\":\"\"}},{\"type\":\"table_item\",\"props\":{\"content\":\"\n\n<p><a href=\\\"https:\\\/\\\/www.aladi.org\\\/wp-content\\\/uploads\\\/2026\\\/03\\\/Grafica-5-esp-octdic2025.xlsx\\\">Indicador oportuno de exportaciones totales - ALADI<\\\/a><\\\/p>\",\"content_pt_br\":\"\n\n<p><a href=\\\"https:\\\/\\\/www.aladi.org\\\/wp-content\\\/uploads\\\/2026\\\/03\\\/Grafica-5-por-outdez.2025.xlsx\\\">Indicador oportuno de exporta\\u00e7\\u00f5es totais \\u2013 ALADI<\\\/a><\\\/p>\",\"title\":\"\"}},{\"type\":\"table_item\",\"props\":{\"content\":\"\n\n<p><a href=\\\"https:\\\/\\\/www.aladi.org\\\/wp-content\\\/uploads\\\/2026\\\/03\\\/Grafica-6-esp-octdic2025.xlsx\\\" data-type=\\\"link\\\">Indicador oportuno de importaciones totales - ALADI<\\\/a><\\\/p>\",\"content_pt_br\":\"\n\n<p><a href=\\\"https:\\\/\\\/www.aladi.org\\\/wp-content\\\/uploads\\\/2026\\\/03\\\/Grafica-6-por-outdez.2025.xlsx\\\">Indicador oportuno de importa\\u00e7\\u00f5es totais \\u2013 ALADI<\\\/a><\\\/p>\",\"title\":\"\"}},{\"type\":\"table_item\",\"props\":{\"content\":\"\n\n<p><a href=\\\"https:\\\/\\\/www.aladi.org\\\/wp-content\\\/uploads\\\/2026\\\/03\\\/Grafica-7-esp-octdic.2025.xlsx\\\" data-type=\\\"link\\\">Indicador oportuno de comercio intrarregional<\\\/a><\\\/p>\",\"content_pt_br\":\"\n\n<p><a href=\\\"https:\\\/\\\/www.aladi.org\\\/wp-content\\\/uploads\\\/2026\\\/03\\\/Grafica-7-por-outdez.2025.xlsx\\\">Indicador oportuno de com\\u00e9rcio intrarregional \\u2013 ALADI<\\\/a><\\\/p>\",\"title\":\"\"}},{\"type\":\"table_item\",\"props\":{\"content\":\"\n\n<p><a href=\\\"https:\\\/\\\/www.aladi.org\\\/wp-content\\\/uploads\\\/2026\\\/03\\\/Tabla-1-esp-octdic.2025.xlsx\\\">Tabla 1. Tasa de variaci\\u00f3n de los precios internacionales de materias primas seleccionadas (en %)<\\\/a><\\\/p>\",\"content_pt_br\":\"\n\n<p><a href=\\\"https:\\\/\\\/www.aladi.org\\\/wp-content\\\/uploads\\\/2026\\\/03\\\/Tabela-1-por-outdez.2025.xlsx\\\">Tabela 1:Taxa de varia\\u00e7\\u00e3o real dos pre\\u00e7os internacionais de mat\\u00e9rias-primas selecionadas (em %)<\\\/a><\\\/p>\",\"title\":\"\"}},{\"type\":\"table_item\",\"props\":{\"content\":\"\n\n<p><a href=\\\"https:\\\/\\\/www.aladi.org\\\/wp-content\\\/uploads\\\/2026\\\/03\\\/Tabla-2-esp-octdic.2025.xlsx\\\">Tabla 2. Tasa de variaci\\u00f3n de los tipos de cambio de la moneda nacional en relaci\\u00f3n al d\\u00f3lar estadounidense (en %)<\\\/a><\\\/p>\",\"content_pt_br\":\"\n\n<p><a href=\\\"https:\\\/\\\/www.aladi.org\\\/wp-content\\\/uploads\\\/2026\\\/03\\\/Tabela-2-por-outdez2025.xlsx\\\">Tabela 2: Varia\\u00e7\\u00e3o das taxas de c\\u00e2mbio da moeda nacional em rela\\u00e7\\u00e3o ao d\\u00f3lar (em %)<\\\/a><\\\/p>\",\"title\":\"\"}},{\"type\":\"table_item\",\"props\":{\"content\":\"\n\n<p><a href=\\\"https:\\\/\\\/www.aladi.org\\\/wp-content\\\/uploads\\\/2026\\\/03\\\/Tabla-3-esp-octdic.2025.xlsx\\\">Tabla 3. Tasa de variaci\\u00f3n anual de los precios al consumidor (en %)<\\\/a><\\\/p>\",\"content_pt_br\":\"\n\n<p><a href=\\\"https:\\\/\\\/www.aladi.org\\\/wp-content\\\/uploads\\\/2026\\\/03\\\/Tabela-3-por-outdez2025.xlsx\\\">Tabela 3: Varia\\u00e7\\u00e3o anual dos pre\\u00e7os ao consumidor (em %)<\\\/a><\\\/p>\",\"title\":\"\"}}],\"name\":\"Lista de links\"},{\"type\":\"text\",\"props\":{\"column_breakpoint\":\"m\",\"content\":\"\n\n<p>Metodolog\\u00eda y otros documentos<\\\/p>\",\"content_pt_br\":\"Metodologia e outros documentos\",\"id\":\"septimo-punto\",\"margin\":\"large\",\"margin_remove_bottom\":true,\"text_color\":\"primary\",\"text_style\":\"lead\"},\"name\":\"Subt\\u00edtulo amarillo -Datos de gr\\u00e1ficas y tablas\"},{\"type\":\"text\",\"props\":{\"column_breakpoint\":\"m\",\"content\":\"\n\n<ul>\\n\n\n<li><a href=\\\"https:\\\/wp-content\\\/uploads\\\/2025\\\/09\\\/MetodologiaTendenciasComercioMR.docx.pdf\\\">Metodolog\\u00eda de construcci\\u00f3n de los indicadores de comercio exterior de la ALADI<\\\/a><\\\/li>\\n\n\n<li><a href=\\\"https:\\\/\\\/www.aladi.org\\\/wp-content\\\/uploads\\\/2026\\\/03\\\/Bibliografia-esp-octdic-2025.pdf\\\">Bibliograf\\u00eda<\\\/a><\\\/li>\\n\n\n<li><a href=\\\"https:\\\/\\\/www.aladi.org\\\/wp-content\\\/uploads\\\/2026\\\/03\\\/Bases-de-datos-consultadas-esp-octdic25.pdf\\\">Bases de datos consultadas<\\\/a><\\\/li>\\n<\\\/ul>\",\"content_pt_br\":\"\n\n<ul>\\n\n\n<li><a href=\\\"https:\\\/wp-content\\\/uploads\\\/2025\\\/09\\\/MetodologiaTendenciasComercioMR.docx.pdf\\\">Metodologia para constru\\u00e7\\u00e3o de indicadores oportunos de com\\u00e9rcio exterior da ALADI<\\\/a><\\\/li>\\n\n\n<li><a href=\\\"https:\\\/\\\/www.aladi.org\\\/wp-content\\\/uploads\\\/2026\\\/03\\\/Bibliografia-POR-outdez25.docx.pdf\\\">Bibliograf\\u00eda<\\\/a><\\\/li>\\n\n\n<li><a href=\\\"https:\\\/\\\/www.aladi.org\\\/wp-content\\\/uploads\\\/2026\\\/03\\\/Bases-de-datos-port-outdez-25.docx.pdf\\\">Bases de dados consultadas<\\\/a><\\\/li>\\n<\\\/ul>\",\"margin\":\"default\"}},{\"type\":\"divider\",\"props\":{\"divider_element\":\"hr\",\"margin\":\"large\"}},{\"type\":\"headline\",\"props\":{\"content\":\"C\\u00e1psula de Aprendizaje: \\u00bfC\\u00f3mo y para qu\\u00e9  construimos nuestros indicadores oportunos?\",\"content_pt_br\":\"\n\n<p>C\\u00e1psula de Aprendizagem: Como e para que constru\\u00edmos nossos indicadores oportunos?<\\\/p>\",\"title_element\":\"h6\",\"title_style\":\"h6\"}},{\"type\":\"fragment\",\"props\":{\"margin\":\"default\"},\"children\":[{\"type\":\"row\",\"children\":[{\"type\":\"column\",\"props\":{\"image_position\":\"center-center\",\"position_sticky_breakpoint\":\"m\"},\"children\":[{\"type\":\"grid\",\"props\":{\"content_column_breakpoint\":\"m\",\"filter_align\":\"left\",\"filter_all\":true,\"filter_grid_breakpoint\":\"m\",\"filter_grid_width\":\"auto\",\"filter_position\":\"top\",\"filter_style\":\"tab\",\"grid_default\":\"1\",\"grid_medium\":\"3\",\"icon_width\":80,\"image_align\":\"top\",\"image_grid_breakpoint\":\"m\",\"image_grid_width\":\"1-2\",\"image_svg_color\":\"emphasis\",\"item_animation\":true,\"link_style\":\"default\",\"link_text\":\"Read more\",\"margin\":\"default\",\"meta_align\":\"below-title\",\"meta_element\":\"div\",\"meta_style\":\"text-meta\",\"show_content\":true,\"show_image\":true,\"show_link\":true,\"show_meta\":false,\"show_title\":false,\"title_align\":\"top\",\"title_element\":\"h3\",\"title_grid_breakpoint\":\"m\",\"title_grid_width\":\"1-2\",\"title_hover_style\":\"reset\"},\"children\":[{\"type\":\"grid_item\",\"props\":{\"content\":\"\",\"image\":\"wp-content\\\/uploads\\\/2025\\\/09\\\/Indicadoresjpg.jpg\",\"image_focal_point\":\"top-left\",\"link\":\"https:\\\/\\\/campus.aladi-cvf.org\\\/course\\\/index.php?categoryid=8\",\"link_text\":\"Ver\"}},{\"type\":\"grid_item\",\"props\":{\"content\":\"\n\n<p>En esta c\\u00e1psula de aprendizaje explicamos el proceso de construcci\\u00f3n de los indicadores oportunos de exportaciones, importaciones y comercio exterior, y tambi\\u00e9n c\\u00f3mo deben ser interpretados.<\\\/p>\",\"content_pt_br\":\"\n\n<p>Nesta c\\u00e1psula de aprendizagem explicamos o processo de constru\\u00e7\\u00e3o dos indicadores oportunos de exporta\\u00e7\\u00f5es, importa\\u00e7\\u00f5es e com\\u00e9rcio exterior, e tamb\\u00e9m como devem ser interpretados.<\\\/p>\",\"title\":\"\"}}]}]}],\"props\":{\"alignment\":\"center\",\"column_gap\":\"large\",\"width\":\"xlarge\",\"width_expand\":\"right\"}}]}]}]}]}],\"version\":\"4.4.12\"} --><\/p>\n","protected":false},"excerpt":{"rendered":"<p>1. Principales variables que influyen en la evoluci\u00f3n del comercio internacional de bienes de los pa\u00edses miembros de la ALADI 2. Exportaci\u00f3n de bienes de los pa\u00edses miembros de la ALADI 3. Importaciones de bienes de los pa\u00edses miembros de la ALADI 4. Comercio intrarregional 5. Conclusiones 6. Datos de gr\u00e1ficas y tablas 7. Metodolog\u00eda [&hellip;]<\/p>\n","protected":false},"author":12,"featured_media":0,"comment_status":"closed","ping_status":"closed","sticky":false,"template":"","format":"standard","meta":{"_acf_changed":false,"_jetpack_memberships_contains_paid_content":false,"footnotes":""},"categories":[21],"tags":[],"post_flags":[],"class_list":["post-9960","post","type-post","status-publish","format-standard","hentry","category-tenci"],"acf":[],"yoast_head":"<!-- This site is optimized with the Yoast SEO plugin v26.5 - https:\/\/yoast.com\/wordpress\/plugins\/seo\/ -->\n<title>Tend\u00eancias do com\u00e9rcio internacional de bens (outobro - dezembro de 2025)<\/title>\n<meta name=\"robots\" content=\"index, follow, max-snippet:-1, max-image-preview:large, max-video-preview:-1\" \/>\n<meta property=\"og:locale\" content=\"pt_BR\" \/>\n<meta property=\"og:type\" content=\"article\" \/>\n<meta property=\"og:title\" content=\"Tend\u00eancias do com\u00e9rcio internacional de bens (outobro - dezembro de 2025)\" \/>\n<meta property=\"og:url\" content=\"https:\/\/www.aladi.org\/pt\/tendencias-do-comercio-internacional-de-bens-outobro-dezembro-2025\/\" \/>\n<meta property=\"og:site_name\" content=\"ALADI\" \/>\n<meta property=\"article:publisher\" content=\"https:\/\/es-la.facebook.com\/people\/ALADI\/100064606213084\/\" \/>\n<meta property=\"article:published_time\" content=\"2026-03-03T14:47:17+00:00\" \/>\n<meta property=\"article:modified_time\" content=\"2026-03-20T16:29:04+00:00\" \/>\n<meta name=\"author\" content=\"Desarrollo ALADI\" \/>\n<meta name=\"twitter:card\" content=\"summary_large_image\" \/>\n<meta name=\"twitter:creator\" content=\"@ALADI_SG\" \/>\n<meta name=\"twitter:site\" content=\"@ALADI_SG\" \/>\n<meta name=\"twitter:label1\" content=\"Written by\" \/>\n\t<meta name=\"twitter:data1\" content=\"Desarrollo ALADI\" \/>\n\t<meta name=\"twitter:label2\" content=\"Est. reading time\" \/>\n\t<meta name=\"twitter:data2\" content=\"9 minutes\" \/>\n<script type=\"application\/ld+json\" class=\"yoast-schema-graph\">{\"@context\":\"https:\/\/schema.org\",\"@graph\":[{\"@type\":\"Article\",\"@id\":\"https:\/\/www.aladi.org\/pt\/tendencias-do-comercio-internacional-de-bens-outobro-dezembro-2025\/#article\",\"isPartOf\":{\"@id\":\"https:\/\/www.aladi.org\/pt\/tendencias-do-comercio-internacional-de-bens-outobro-dezembro-2025\/\"},\"author\":{\"name\":\"Desarrollo ALADI\",\"@id\":\"https:\/\/www.aladi.org\/#\/schema\/person\/e1a3f6b8dd7c94a53aae40fc7d441a4d\"},\"headline\":\"Tend\u00eancias do com\u00e9rcio internacional de bens (outobro - dezembro de 2025)\",\"datePublished\":\"2026-03-03T14:47:17+00:00\",\"dateModified\":\"2026-03-20T16:29:04+00:00\",\"mainEntityOfPage\":{\"@id\":\"https:\/\/www.aladi.org\/pt\/tendencias-do-comercio-internacional-de-bens-outobro-dezembro-2025\/\"},\"wordCount\":1939,\"publisher\":{\"@id\":\"https:\/\/www.aladi.org\/#organization\"},\"articleSection\":[\"Tendencias del comercio internacional\"],\"inLanguage\":\"pt-BR\"},{\"@type\":\"WebPage\",\"@id\":\"https:\/\/www.aladi.org\/pt\/tendencias-do-comercio-internacional-de-bens-outobro-dezembro-2025\/\",\"url\":\"https:\/\/www.aladi.org\/pt\/tendencias-do-comercio-internacional-de-bens-outobro-dezembro-2025\/\",\"name\":\"Tendencias del comercio internacional de bienes (octubre-diciembre 2025) - ALADI\",\"isPartOf\":{\"@id\":\"https:\/\/www.aladi.org\/#website\"},\"datePublished\":\"2026-03-03T14:47:17+00:00\",\"dateModified\":\"2026-03-20T16:29:04+00:00\",\"breadcrumb\":{\"@id\":\"https:\/\/www.aladi.org\/pt\/tendencias-do-comercio-internacional-de-bens-outobro-dezembro-2025\/#breadcrumb\"},\"inLanguage\":\"pt-BR\",\"potentialAction\":[{\"@type\":\"ReadAction\",\"target\":[\"https:\/\/www.aladi.org\/pt\/tendencias-do-comercio-internacional-de-bens-outobro-dezembro-2025\/\"]}]},{\"@type\":\"BreadcrumbList\",\"@id\":\"https:\/\/www.aladi.org\/pt\/tendencias-do-comercio-internacional-de-bens-outobro-dezembro-2025\/#breadcrumb\",\"itemListElement\":[{\"@type\":\"ListItem\",\"position\":1,\"name\":\"Home\",\"item\":\"https:\/\/www.aladi.org\/\"},{\"@type\":\"ListItem\",\"position\":2,\"name\":\"Tend\u00eancias do com\u00e9rcio internacional de bens (outobro - dezembro de 2025)\"}]},{\"@type\":\"WebSite\",\"@id\":\"https:\/\/www.aladi.org\/pt\/#website\",\"url\":\"https:\/\/www.aladi.org\/pt\/\",\"name\":\"ALADI\",\"description\":\"Asociaci\u00f3n Latinoamericana de Integraci\u00f3n\",\"publisher\":{\"@id\":\"https:\/\/www.aladi.org\/pt\/#organization\"},\"potentialAction\":[{\"@type\":\"SearchAction\",\"target\":{\"@type\":\"EntryPoint\",\"urlTemplate\":\"https:\/\/www.aladi.org\/pt\/?s={search_term_string}\"},\"query-input\":{\"@type\":\"PropertyValueSpecification\",\"valueRequired\":true,\"valueName\":\"search_term_string\"}}],\"inLanguage\":\"pt-BR\"},{\"@type\":\"Organization\",\"@id\":\"https:\/\/www.aladi.org\/pt\/#organization\",\"name\":\"ALADI\",\"url\":\"https:\/\/www.aladi.org\/pt\/\",\"logo\":{\"@type\":\"ImageObject\",\"inLanguage\":\"pt-BR\",\"@id\":\"https:\/\/www.aladi.org\/pt\/#\/schema\/logo\/image\/\",\"url\":\"https:\/\/www.aladi.org\/wp-content\/uploads\/2025\/12\/Logo-ALADI.png\",\"contentUrl\":\"https:\/\/www.aladi.org\/wp-content\/uploads\/2025\/12\/Logo-ALADI.png\",\"width\":375,\"height\":235,\"caption\":\"ALADI\"},\"image\":{\"@id\":\"https:\/\/www.aladi.org\/pt\/#\/schema\/logo\/image\/\"},\"sameAs\":[\"https:\/\/es-la.facebook.com\/people\/ALADI\/100064606213084\/\",\"https:\/\/x.com\/ALADI_SG\",\"https:\/\/www.instagram.com\/aladi_sg\/?hl=es\",\"https:\/\/www.linkedin.com\/company\/aladi\/\",\"https:\/\/www.flickr.com\/photos\/aladi\/\",\"https:\/\/www.youtube.com\/channel\/UCrkJWOWHKF6igQmWE8Clnpg\"]},{\"@type\":\"Person\",\"@id\":\"https:\/\/www.aladi.org\/#\/schema\/person\/e1a3f6b8dd7c94a53aae40fc7d441a4d\",\"name\":\"Desarrollo ALADI\",\"image\":{\"@type\":\"ImageObject\",\"inLanguage\":\"pt-BR\",\"@id\":\"https:\/\/www.aladi.org\/#\/schema\/person\/image\/\",\"url\":\"https:\/\/secure.gravatar.com\/avatar\/e9d24d1780e1f774df87e2eac41826197c1a7fc05e26b078619fa7105a029f13?s=96&d=mm&r=g\",\"contentUrl\":\"https:\/\/secure.gravatar.com\/avatar\/e9d24d1780e1f774df87e2eac41826197c1a7fc05e26b078619fa7105a029f13?s=96&d=mm&r=g\",\"caption\":\"Desarrollo ALADI\"},\"url\":\"https:\/\/www.aladi.org\/pt\/author\/devaladi\/\"}]}<\/script>\n<!-- \/ Yoast SEO plugin. -->","yoast_head_json":{"title":"Tend\u00eancias do com\u00e9rcio internacional de bens (outobro - dezembro de 2025)","robots":{"index":"index","follow":"follow","max-snippet":"max-snippet:-1","max-image-preview":"max-image-preview:large","max-video-preview":"max-video-preview:-1"},"og_locale":"pt_BR","og_type":"article","og_title":"Tend\u00eancias do com\u00e9rcio internacional de bens (outobro - dezembro de 2025)","og_url":"https:\/\/www.aladi.org\/pt\/tendencias-do-comercio-internacional-de-bens-outobro-dezembro-2025\/","og_site_name":"ALADI","article_publisher":"https:\/\/es-la.facebook.com\/people\/ALADI\/100064606213084\/","article_published_time":"2026-03-03T14:47:17+00:00","article_modified_time":"2026-03-20T16:29:04+00:00","author":"Desarrollo ALADI","twitter_card":"summary_large_image","twitter_creator":"@ALADI_SG","twitter_site":"@ALADI_SG","twitter_misc":{"Written by":"Desarrollo ALADI","Est. reading time":"9 minutes"},"schema":{"@context":"https:\/\/schema.org","@graph":[{"@type":"Article","@id":"https:\/\/www.aladi.org\/pt\/tendencias-do-comercio-internacional-de-bens-outobro-dezembro-2025\/#article","isPartOf":{"@id":"https:\/\/www.aladi.org\/pt\/tendencias-do-comercio-internacional-de-bens-outobro-dezembro-2025\/"},"author":{"name":"Desarrollo ALADI","@id":"https:\/\/www.aladi.org\/#\/schema\/person\/e1a3f6b8dd7c94a53aae40fc7d441a4d"},"headline":"Tend\u00eancias do com\u00e9rcio internacional de bens (outobro - dezembro de 2025)","datePublished":"2026-03-03T14:47:17+00:00","dateModified":"2026-03-20T16:29:04+00:00","mainEntityOfPage":{"@id":"https:\/\/www.aladi.org\/pt\/tendencias-do-comercio-internacional-de-bens-outobro-dezembro-2025\/"},"wordCount":1939,"publisher":{"@id":"https:\/\/www.aladi.org\/#organization"},"articleSection":["Tendencias del comercio internacional"],"inLanguage":"pt-BR"},{"@type":"WebPage","@id":"https:\/\/www.aladi.org\/pt\/tendencias-do-comercio-internacional-de-bens-outobro-dezembro-2025\/","url":"https:\/\/www.aladi.org\/pt\/tendencias-do-comercio-internacional-de-bens-outobro-dezembro-2025\/","name":"Tendencias del comercio internacional de bienes (octubre-diciembre 2025) - ALADI","isPartOf":{"@id":"https:\/\/www.aladi.org\/#website"},"datePublished":"2026-03-03T14:47:17+00:00","dateModified":"2026-03-20T16:29:04+00:00","breadcrumb":{"@id":"https:\/\/www.aladi.org\/pt\/tendencias-do-comercio-internacional-de-bens-outobro-dezembro-2025\/#breadcrumb"},"inLanguage":"pt-BR","potentialAction":[{"@type":"ReadAction","target":["https:\/\/www.aladi.org\/pt\/tendencias-do-comercio-internacional-de-bens-outobro-dezembro-2025\/"]}]},{"@type":"BreadcrumbList","@id":"https:\/\/www.aladi.org\/pt\/tendencias-do-comercio-internacional-de-bens-outobro-dezembro-2025\/#breadcrumb","itemListElement":[{"@type":"ListItem","position":1,"name":"Home","item":"https:\/\/www.aladi.org\/"},{"@type":"ListItem","position":2,"name":"Tend\u00eancias do com\u00e9rcio internacional de bens (outobro - dezembro de 2025)"}]},{"@type":"WebSite","@id":"https:\/\/www.aladi.org\/pt\/#website","url":"https:\/\/www.aladi.org\/pt\/","name":"ALADI","description":"Asociaci\u00f3n Latinoamericana de Integraci\u00f3n","publisher":{"@id":"https:\/\/www.aladi.org\/pt\/#organization"},"potentialAction":[{"@type":"SearchAction","target":{"@type":"EntryPoint","urlTemplate":"https:\/\/www.aladi.org\/pt\/?s={search_term_string}"},"query-input":{"@type":"PropertyValueSpecification","valueRequired":true,"valueName":"search_term_string"}}],"inLanguage":"pt-BR"},{"@type":"Organization","@id":"https:\/\/www.aladi.org\/pt\/#organization","name":"ALADI","url":"https:\/\/www.aladi.org\/pt\/","logo":{"@type":"ImageObject","inLanguage":"pt-BR","@id":"https:\/\/www.aladi.org\/pt\/#\/schema\/logo\/image\/","url":"https:\/\/www.aladi.org\/wp-content\/uploads\/2025\/12\/Logo-ALADI.png","contentUrl":"https:\/\/www.aladi.org\/wp-content\/uploads\/2025\/12\/Logo-ALADI.png","width":375,"height":235,"caption":"ALADI"},"image":{"@id":"https:\/\/www.aladi.org\/pt\/#\/schema\/logo\/image\/"},"sameAs":["https:\/\/es-la.facebook.com\/people\/ALADI\/100064606213084\/","https:\/\/x.com\/ALADI_SG","https:\/\/www.instagram.com\/aladi_sg\/?hl=es","https:\/\/www.linkedin.com\/company\/aladi\/","https:\/\/www.flickr.com\/photos\/aladi\/","https:\/\/www.youtube.com\/channel\/UCrkJWOWHKF6igQmWE8Clnpg"]},{"@type":"Person","@id":"https:\/\/www.aladi.org\/#\/schema\/person\/e1a3f6b8dd7c94a53aae40fc7d441a4d","name":"Desarrollo ALADI","image":{"@type":"ImageObject","inLanguage":"pt-BR","@id":"https:\/\/www.aladi.org\/#\/schema\/person\/image\/","url":"https:\/\/secure.gravatar.com\/avatar\/e9d24d1780e1f774df87e2eac41826197c1a7fc05e26b078619fa7105a029f13?s=96&d=mm&r=g","contentUrl":"https:\/\/secure.gravatar.com\/avatar\/e9d24d1780e1f774df87e2eac41826197c1a7fc05e26b078619fa7105a029f13?s=96&d=mm&r=g","caption":"Desarrollo ALADI"},"url":"https:\/\/www.aladi.org\/pt\/author\/devaladi\/"}]}},"jetpack_featured_media_url":"","jetpack_sharing_enabled":true,"_links":{"self":[{"href":"https:\/\/www.aladi.org\/pt\/wp-json\/wp\/v2\/posts\/9960","targetHints":{"allow":["GET"]}}],"collection":[{"href":"https:\/\/www.aladi.org\/pt\/wp-json\/wp\/v2\/posts"}],"about":[{"href":"https:\/\/www.aladi.org\/pt\/wp-json\/wp\/v2\/types\/post"}],"author":[{"embeddable":true,"href":"https:\/\/www.aladi.org\/pt\/wp-json\/wp\/v2\/users\/12"}],"replies":[{"embeddable":true,"href":"https:\/\/www.aladi.org\/pt\/wp-json\/wp\/v2\/comments?post=9960"}],"version-history":[{"count":36,"href":"https:\/\/www.aladi.org\/pt\/wp-json\/wp\/v2\/posts\/9960\/revisions"}],"predecessor-version":[{"id":10185,"href":"https:\/\/www.aladi.org\/pt\/wp-json\/wp\/v2\/posts\/9960\/revisions\/10185"}],"wp:attachment":[{"href":"https:\/\/www.aladi.org\/pt\/wp-json\/wp\/v2\/media?parent=9960"}],"wp:term":[{"taxonomy":"category","embeddable":true,"href":"https:\/\/www.aladi.org\/pt\/wp-json\/wp\/v2\/categories?post=9960"},{"taxonomy":"post_tag","embeddable":true,"href":"https:\/\/www.aladi.org\/pt\/wp-json\/wp\/v2\/tags?post=9960"},{"taxonomy":"post_flag","embeddable":true,"href":"https:\/\/www.aladi.org\/pt\/wp-json\/wp\/v2\/post_flags?post=9960"}],"curies":[{"name":"wp","href":"https:\/\/api.w.org\/{rel}","templated":true}]}}