{"id":9375,"date":"2025-11-20T21:29:46","date_gmt":"2025-11-20T21:29:46","guid":{"rendered":"https:\/\/www.aladi.org\/?p=9375"},"modified":"2025-12-03T17:17:51","modified_gmt":"2025-12-03T17:17:51","slug":"culmina-negociacion-tecnica-sobre-cosmeticos-instancia-clave-para-un-mercado-de-55-mil-millones-de-usd-en-la-region","status":"publish","type":"post","link":"https:\/\/www.aladi.org\/pt\/culmina-negociacion-tecnica-sobre-cosmeticos-instancia-clave-para-un-mercado-de-55-mil-millones-de-usd-en-la-region-pt\/","title":{"rendered":"Conclui negocia\u00e7\u00e3o t\u00e9cnica sobre cosm\u00e9ticos: etapa decisiva para um mercado de 55 bilh\u00f5es de d\u00f3lares na regi\u00e3o"},"content":{"rendered":"<p><em>Montevid\u00e9u, 20 de novembro.<\/em><\/p>\n<p>Hoje, na ALADI, foi conclu\u00edda a Negocia\u00e7\u00e3o T\u00e9cnica do <strong>Acordo para a Elimina\u00e7\u00e3o de Barreiras T\u00e9cnicas ao Com\u00e9rcio de Produtos Cosm\u00e9ticos<\/strong>, orientado a facilitar o com\u00e9rcio intrarregional em um setor estrat\u00e9gico.<\/p>\n<p>O processo de negocia\u00e7\u00e3o envolve a maioria dos pa\u00edses-membros da ALADI e abrange um mercado cujo valor supera os 55 bilh\u00f5es de d\u00f3lares, evidenciando a relev\u00e2ncia econ\u00f4mica do acordo e o impacto direto que ter\u00e1 nas cadeias produtivas, nas empresas e nos consumidores da regi\u00e3o.<\/p>\n<p>Durante a reuni\u00e3o, realizada presencialmente ao longo de tr\u00eas jornadas consecutivas, as delega\u00e7\u00f5es nacionais conclu\u00edram a negocia\u00e7\u00e3o das disposi\u00e7\u00f5es substantivas do Acordo. Uma vez assinado, o instrumento dever\u00e1 cumprir os procedimentos internos de cada pa\u00eds para sua futura entrada em vigor.<\/p>\n<p>A participa\u00e7\u00e3o do Secret\u00e1rio-Geral, de Representantes Permanentes junto \u00e0 ALADI e de autoridades nacionais reafirmou o respaldo pol\u00edtico e t\u00e9cnico ao processo de negocia\u00e7\u00e3o, destacando a import\u00e2ncia estrat\u00e9gica do acordo para a integra\u00e7\u00e3o regional.<\/p>\n<p>Este Acordo permitir\u00e1 avan\u00e7ar na harmoniza\u00e7\u00e3o de requisitos, na facilita\u00e7\u00e3o de tr\u00e2mites e na redu\u00e7\u00e3o de barreiras t\u00e9cnicas ao com\u00e9rcio, contribuindo para melhorar a competitividade do setor, promover a converg\u00eancia regulat\u00f3ria e ampliar as oportunidades para as empresas dos pa\u00edses-membros.<\/p>\n<p>Com a conclus\u00e3o desta negocia\u00e7\u00e3o, seguimos fortalecendo o papel da ALADI como forum regional de negocia\u00e7\u00e3o, promovendo instrumentos que impulsionam o com\u00e9rcio e o desenvolvimento econ\u00f4mico da regi\u00e3o.<\/p>\n","protected":false},"excerpt":{"rendered":"<p>Este Acordo est\u00e1 orientado \u00e0 redu\u00e7\u00e3o de barreiras t\u00e9cnicas e ao fortalecimento da converg\u00eancia regulat\u00f3ria. Durante a reuni\u00e3o, as delega\u00e7\u00f5es nacionais acordaram as disposi\u00e7\u00f5es substantivas do Acordo, que busca facilitar o com\u00e9rcio intrarregional em um setor de alto impacto econ\u00f4mico.<\/p>\n","protected":false},"author":3,"featured_media":9376,"comment_status":"closed","ping_status":"closed","sticky":false,"template":"","format":"standard","meta":{"_acf_changed":false,"_jetpack_memberships_contains_paid_content":false,"footnotes":""},"categories":[15],"tags":[66,61,26,161,65,58,47,68,67,85],"post_flags":[],"class_list":["post-9375","post","type-post","status-publish","format-standard","has-post-thumbnail","hentry","category-publicaciones","tag-acuerdo","tag-acuerdos","tag-aladi","tag-cosmetico","tag-cosmeticos","tag-empresas","tag-integracion","tag-internacional","tag-mercado","tag-negociacion"],"acf":[],"yoast_head":"<!-- This site is optimized with the Yoast SEO plugin v26.5 - https:\/\/yoast.com\/wordpress\/plugins\/seo\/ -->\n<title>Conclui negocia\u00e7\u00e3o t\u00e9cnica sobre cosm\u00e9ticos: etapa decisiva para um mercado de 55 bilh\u00f5es de d\u00f3lares na regi\u00e3o<\/title>\n<meta name=\"description\" content=\"Este Acordo est\u00e1 orientado \u00e0 redu\u00e7\u00e3o de barreiras t\u00e9cnicas e ao fortalecimento da converg\u00eancia regulat\u00f3ria. Durante a reuni\u00e3o, as delega\u00e7\u00f5es nacionais acordaram as disposi\u00e7\u00f5es substantivas do Acordo, que busca facilitar o com\u00e9rcio intrarregional em um setor de alto impacto econ\u00f4mico.\" \/>\n<meta name=\"robots\" content=\"index, follow, max-snippet:-1, max-image-preview:large, max-video-preview:-1\" \/>\n<link rel=\"canonical\" href=\"http:\/\/Este%20Acordo%20est\u00e1%20orientado%20\u00e0%20redu\u00e7\u00e3o%20de%20barreiras%20t\u00e9cnicas%20e%20ao%20fortalecimento%20da%20converg\u00eancia%20regulat\u00f3ria.%20Durante%20a%20reuni\u00e3o,%20as%20delega\u00e7\u00f5es%20nacionais%20acordaram%20as%20disposi\u00e7\u00f5es%20substantivas%20do%20Acordo,%20que%20busca%20facilitar%20o%20com\u00e9rcio%20intrarregional%20em%20um%20setor%20de%20alto%20impacto%20econ\u00f4mico.\" \/>\n<meta property=\"og:locale\" content=\"pt_BR\" \/>\n<meta property=\"og:type\" content=\"article\" \/>\n<meta property=\"og:title\" content=\"Conclui negocia\u00e7\u00e3o t\u00e9cnica sobre cosm\u00e9ticos: etapa decisiva para um mercado de 55 bilh\u00f5es de d\u00f3lares na regi\u00e3o\" \/>\n<meta property=\"og:description\" content=\"Este Acordo est\u00e1 orientado \u00e0 redu\u00e7\u00e3o de barreiras t\u00e9cnicas e ao fortalecimento da converg\u00eancia regulat\u00f3ria. Durante a reuni\u00e3o, as delega\u00e7\u00f5es nacionais acordaram as disposi\u00e7\u00f5es substantivas do Acordo, que busca facilitar o com\u00e9rcio intrarregional em um setor de alto impacto econ\u00f4mico.\" \/>\n<meta property=\"og:url\" content=\"https:\/\/www.aladi.org\/pt\/culmina-negociacion-tecnica-sobre-cosmeticos-instancia-clave-para-un-mercado-de-55-mil-millones-de-usd-en-la-region-pt\/\" \/>\n<meta property=\"og:site_name\" content=\"ALADI\" \/>\n<meta property=\"article:publisher\" content=\"https:\/\/es-la.facebook.com\/people\/ALADI\/100064606213084\/\" \/>\n<meta property=\"article:published_time\" content=\"2025-11-20T21:29:46+00:00\" \/>\n<meta property=\"article:modified_time\" content=\"2025-12-03T17:17:51+00:00\" \/>\n<meta property=\"og:image\" content=\"https:\/\/www.aladi.org\/wp-content\/uploads\/2025\/11\/IMG-Com-Prensa-negociacion-cosmeticos.png\" \/>\n\t<meta property=\"og:image:width\" content=\"1920\" \/>\n\t<meta property=\"og:image:height\" content=\"900\" \/>\n\t<meta property=\"og:image:type\" content=\"image\/png\" \/>\n<meta name=\"author\" content=\"vsoaresdelima\" \/>\n<meta name=\"twitter:card\" content=\"summary_large_image\" \/>\n<meta name=\"twitter:creator\" content=\"@ALADI_SG\" \/>\n<meta name=\"twitter:site\" content=\"@ALADI_SG\" \/>\n<meta name=\"twitter:label1\" content=\"Written by\" \/>\n\t<meta name=\"twitter:data1\" content=\"vsoaresdelima\" \/>\n\t<meta name=\"twitter:label2\" content=\"Est. reading time\" \/>\n\t<meta name=\"twitter:data2\" content=\"2 minutes\" \/>\n<script type=\"application\/ld+json\" class=\"yoast-schema-graph\">{\"@context\":\"https:\/\/schema.org\",\"@graph\":[{\"@type\":\"Article\",\"@id\":\"https:\/\/www.aladi.org\/pt\/culmina-negociacion-tecnica-sobre-cosmeticos-instancia-clave-para-un-mercado-de-55-mil-millones-de-usd-en-la-region-pt\/#article\",\"isPartOf\":{\"@id\":\"https:\/\/www.aladi.org\/pt\/culmina-negociacion-tecnica-sobre-cosmeticos-instancia-clave-para-un-mercado-de-55-mil-millones-de-usd-en-la-region-pt\/\"},\"author\":{\"name\":\"vsoaresdelima\",\"@id\":\"https:\/\/www.aladi.org\/#\/schema\/person\/00d87afb58ad41856e7df1dbcc5fdd61\"},\"headline\":\"Conclui negocia\u00e7\u00e3o t\u00e9cnica sobre cosm\u00e9ticos: etapa decisiva para um mercado de 55 bilh\u00f5es de d\u00f3lares na regi\u00e3o\",\"datePublished\":\"2025-11-20T21:29:46+00:00\",\"dateModified\":\"2025-12-03T17:17:51+00:00\",\"mainEntityOfPage\":{\"@id\":\"https:\/\/www.aladi.org\/pt\/culmina-negociacion-tecnica-sobre-cosmeticos-instancia-clave-para-un-mercado-de-55-mil-millones-de-usd-en-la-region-pt\/\"},\"wordCount\":287,\"publisher\":{\"@id\":\"https:\/\/www.aladi.org\/#organization\"},\"image\":{\"@id\":\"https:\/\/www.aladi.org\/pt\/culmina-negociacion-tecnica-sobre-cosmeticos-instancia-clave-para-un-mercado-de-55-mil-millones-de-usd-en-la-region-pt\/#primaryimage\"},\"thumbnailUrl\":\"https:\/\/www.aladi.org\/wp-content\/uploads\/2025\/11\/IMG-Com-Prensa-negociacion-cosmeticos.png\",\"keywords\":[\"Acuerdo\",\"Acuerdos\",\"ALADI\",\"Cosm\u00e9tico\",\"Cosm\u00e9ticos\",\"Empresas\",\"Integraci\u00f3n\",\"Internacional\",\"Mercado\",\"Negociaci\u00f3n\"],\"articleSection\":[\"Comunicados de imprensa\"],\"inLanguage\":\"pt-BR\"},{\"@type\":\"WebPage\",\"@id\":\"https:\/\/www.aladi.org\/pt\/culmina-negociacion-tecnica-sobre-cosmeticos-instancia-clave-para-un-mercado-de-55-mil-millones-de-usd-en-la-region-pt\/\",\"url\":\"https:\/\/www.aladi.org\/pt\/culmina-negociacion-tecnica-sobre-cosmeticos-instancia-clave-para-un-mercado-de-55-mil-millones-de-usd-en-la-region-pt\/\",\"name\":\"Culmina negociaci\u00f3n t\u00e9cnica sobre cosm\u00e9ticos: instancia clave para un mercado de 55 mil millones de USD en la regi\u00f3n - ALADI\",\"isPartOf\":{\"@id\":\"https:\/\/www.aladi.org\/#website\"},\"primaryImageOfPage\":{\"@id\":\"https:\/\/www.aladi.org\/pt\/culmina-negociacion-tecnica-sobre-cosmeticos-instancia-clave-para-un-mercado-de-55-mil-millones-de-usd-en-la-region-pt\/#primaryimage\"},\"image\":{\"@id\":\"https:\/\/www.aladi.org\/pt\/culmina-negociacion-tecnica-sobre-cosmeticos-instancia-clave-para-un-mercado-de-55-mil-millones-de-usd-en-la-region-pt\/#primaryimage\"},\"thumbnailUrl\":\"https:\/\/www.aladi.org\/wp-content\/uploads\/2025\/11\/IMG-Com-Prensa-negociacion-cosmeticos.png\",\"datePublished\":\"2025-11-20T21:29:46+00:00\",\"dateModified\":\"2025-12-03T17:17:51+00:00\",\"description\":\"Este Acuerdo est\u00e1 orientado a reducir obst\u00e1culos t\u00e9cnicos y promover la convergencia regulatoria. Durante la reuni\u00f3n, las delegaciones nacionales acordaron las disposiciones sustantivas del Acuerdo, que busca facilitar el comercio intrarregional en un sector de alto impacto econ\u00f3mico.\",\"breadcrumb\":{\"@id\":\"https:\/\/www.aladi.org\/pt\/culmina-negociacion-tecnica-sobre-cosmeticos-instancia-clave-para-un-mercado-de-55-mil-millones-de-usd-en-la-region-pt\/#breadcrumb\"},\"inLanguage\":\"pt-BR\",\"potentialAction\":[{\"@type\":\"ReadAction\",\"target\":[\"https:\/\/www.aladi.org\/pt\/culmina-negociacion-tecnica-sobre-cosmeticos-instancia-clave-para-un-mercado-de-55-mil-millones-de-usd-en-la-region-pt\/\"]}]},{\"@type\":\"ImageObject\",\"inLanguage\":\"pt-BR\",\"@id\":\"https:\/\/www.aladi.org\/pt\/culmina-negociacion-tecnica-sobre-cosmeticos-instancia-clave-para-un-mercado-de-55-mil-millones-de-usd-en-la-region-pt\/#primaryimage\",\"url\":\"https:\/\/www.aladi.org\/wp-content\/uploads\/2025\/11\/IMG-Com-Prensa-negociacion-cosmeticos.png\",\"contentUrl\":\"https:\/\/www.aladi.org\/wp-content\/uploads\/2025\/11\/IMG-Com-Prensa-negociacion-cosmeticos.png\",\"width\":1920,\"height\":900},{\"@type\":\"BreadcrumbList\",\"@id\":\"https:\/\/www.aladi.org\/pt\/culmina-negociacion-tecnica-sobre-cosmeticos-instancia-clave-para-un-mercado-de-55-mil-millones-de-usd-en-la-region-pt\/#breadcrumb\",\"itemListElement\":[{\"@type\":\"ListItem\",\"position\":1,\"name\":\"Home\",\"item\":\"https:\/\/www.aladi.org\/\"},{\"@type\":\"ListItem\",\"position\":2,\"name\":\"Conclui negocia\u00e7\u00e3o t\u00e9cnica sobre cosm\u00e9ticos: etapa decisiva para um mercado de 55 bilh\u00f5es de d\u00f3lares na regi\u00e3o\"}]},{\"@type\":\"WebSite\",\"@id\":\"https:\/\/www.aladi.org\/pt\/#website\",\"url\":\"https:\/\/www.aladi.org\/pt\/\",\"name\":\"ALADI\",\"description\":\"Asociaci\u00f3n Latinoamericana de Integraci\u00f3n\",\"publisher\":{\"@id\":\"https:\/\/www.aladi.org\/pt\/#organization\"},\"potentialAction\":[{\"@type\":\"SearchAction\",\"target\":{\"@type\":\"EntryPoint\",\"urlTemplate\":\"https:\/\/www.aladi.org\/pt\/?s={search_term_string}\"},\"query-input\":{\"@type\":\"PropertyValueSpecification\",\"valueRequired\":true,\"valueName\":\"search_term_string\"}}],\"inLanguage\":\"pt-BR\"},{\"@type\":\"Organization\",\"@id\":\"https:\/\/www.aladi.org\/pt\/#organization\",\"name\":\"ALADI\",\"url\":\"https:\/\/www.aladi.org\/pt\/\",\"logo\":{\"@type\":\"ImageObject\",\"inLanguage\":\"pt-BR\",\"@id\":\"https:\/\/www.aladi.org\/pt\/#\/schema\/logo\/image\/\",\"url\":\"https:\/\/www.aladi.org\/wp-content\/uploads\/2025\/12\/Logo-ALADI.png\",\"contentUrl\":\"https:\/\/www.aladi.org\/wp-content\/uploads\/2025\/12\/Logo-ALADI.png\",\"width\":375,\"height\":235,\"caption\":\"ALADI\"},\"image\":{\"@id\":\"https:\/\/www.aladi.org\/pt\/#\/schema\/logo\/image\/\"},\"sameAs\":[\"https:\/\/es-la.facebook.com\/people\/ALADI\/100064606213084\/\",\"https:\/\/x.com\/ALADI_SG\",\"https:\/\/www.instagram.com\/aladi_sg\/?hl=es\",\"https:\/\/www.linkedin.com\/company\/aladi\/\",\"https:\/\/www.flickr.com\/photos\/aladi\/\",\"https:\/\/www.youtube.com\/channel\/UCrkJWOWHKF6igQmWE8Clnpg\"]},{\"@type\":\"Person\",\"@id\":\"https:\/\/www.aladi.org\/#\/schema\/person\/00d87afb58ad41856e7df1dbcc5fdd61\",\"name\":\"vsoaresdelima\",\"image\":{\"@type\":\"ImageObject\",\"inLanguage\":\"pt-BR\",\"@id\":\"https:\/\/www.aladi.org\/#\/schema\/person\/image\/\",\"url\":\"https:\/\/secure.gravatar.com\/avatar\/33de2cda862c62c8c2bba234e5debe59db46f9f90496cca848fff282d9f16d52?s=96&d=mm&r=g\",\"contentUrl\":\"https:\/\/secure.gravatar.com\/avatar\/33de2cda862c62c8c2bba234e5debe59db46f9f90496cca848fff282d9f16d52?s=96&d=mm&r=g\",\"caption\":\"vsoaresdelima\"},\"url\":\"https:\/\/www.aladi.org\/pt\/author\/vsoaresdelima\/\"}]}<\/script>\n<!-- \/ Yoast SEO plugin. -->","yoast_head_json":{"title":"Conclui negocia\u00e7\u00e3o t\u00e9cnica sobre cosm\u00e9ticos: etapa decisiva para um mercado de 55 bilh\u00f5es de d\u00f3lares na regi\u00e3o","description":"Este Acordo est\u00e1 orientado \u00e0 redu\u00e7\u00e3o de barreiras t\u00e9cnicas e ao fortalecimento da converg\u00eancia regulat\u00f3ria. Durante a reuni\u00e3o, as delega\u00e7\u00f5es nacionais acordaram as disposi\u00e7\u00f5es substantivas do Acordo, que busca facilitar o com\u00e9rcio intrarregional em um setor de alto impacto econ\u00f4mico.","robots":{"index":"index","follow":"follow","max-snippet":"max-snippet:-1","max-image-preview":"max-image-preview:large","max-video-preview":"max-video-preview:-1"},"canonical":"Este Acordo est\u00e1 orientado \u00e0 redu\u00e7\u00e3o de barreiras t\u00e9cnicas e ao fortalecimento da converg\u00eancia regulat\u00f3ria. Durante a reuni\u00e3o, as delega\u00e7\u00f5es nacionais acordaram as disposi\u00e7\u00f5es substantivas do Acordo, que busca facilitar o com\u00e9rcio intrarregional em um setor de alto impacto econ\u00f4mico.","og_locale":"pt_BR","og_type":"article","og_title":"Conclui negocia\u00e7\u00e3o t\u00e9cnica sobre cosm\u00e9ticos: etapa decisiva para um mercado de 55 bilh\u00f5es de d\u00f3lares na regi\u00e3o","og_description":"Este Acordo est\u00e1 orientado \u00e0 redu\u00e7\u00e3o de barreiras t\u00e9cnicas e ao fortalecimento da converg\u00eancia regulat\u00f3ria. Durante a reuni\u00e3o, as delega\u00e7\u00f5es nacionais acordaram as disposi\u00e7\u00f5es substantivas do Acordo, que busca facilitar o com\u00e9rcio intrarregional em um setor de alto impacto econ\u00f4mico.","og_url":"https:\/\/www.aladi.org\/pt\/culmina-negociacion-tecnica-sobre-cosmeticos-instancia-clave-para-un-mercado-de-55-mil-millones-de-usd-en-la-region-pt\/","og_site_name":"ALADI","article_publisher":"https:\/\/es-la.facebook.com\/people\/ALADI\/100064606213084\/","article_published_time":"2025-11-20T21:29:46+00:00","article_modified_time":"2025-12-03T17:17:51+00:00","og_image":[{"width":1920,"height":900,"url":"https:\/\/www.aladi.org\/wp-content\/uploads\/2025\/11\/IMG-Com-Prensa-negociacion-cosmeticos.png","type":"image\/png"}],"author":"vsoaresdelima","twitter_card":"summary_large_image","twitter_creator":"@ALADI_SG","twitter_site":"@ALADI_SG","twitter_misc":{"Written by":"vsoaresdelima","Est. reading time":"2 minutes"},"schema":{"@context":"https:\/\/schema.org","@graph":[{"@type":"Article","@id":"https:\/\/www.aladi.org\/pt\/culmina-negociacion-tecnica-sobre-cosmeticos-instancia-clave-para-un-mercado-de-55-mil-millones-de-usd-en-la-region-pt\/#article","isPartOf":{"@id":"https:\/\/www.aladi.org\/pt\/culmina-negociacion-tecnica-sobre-cosmeticos-instancia-clave-para-un-mercado-de-55-mil-millones-de-usd-en-la-region-pt\/"},"author":{"name":"vsoaresdelima","@id":"https:\/\/www.aladi.org\/#\/schema\/person\/00d87afb58ad41856e7df1dbcc5fdd61"},"headline":"Conclui negocia\u00e7\u00e3o t\u00e9cnica sobre cosm\u00e9ticos: etapa decisiva para um mercado de 55 bilh\u00f5es de d\u00f3lares na regi\u00e3o","datePublished":"2025-11-20T21:29:46+00:00","dateModified":"2025-12-03T17:17:51+00:00","mainEntityOfPage":{"@id":"https:\/\/www.aladi.org\/pt\/culmina-negociacion-tecnica-sobre-cosmeticos-instancia-clave-para-un-mercado-de-55-mil-millones-de-usd-en-la-region-pt\/"},"wordCount":287,"publisher":{"@id":"https:\/\/www.aladi.org\/#organization"},"image":{"@id":"https:\/\/www.aladi.org\/pt\/culmina-negociacion-tecnica-sobre-cosmeticos-instancia-clave-para-un-mercado-de-55-mil-millones-de-usd-en-la-region-pt\/#primaryimage"},"thumbnailUrl":"https:\/\/www.aladi.org\/wp-content\/uploads\/2025\/11\/IMG-Com-Prensa-negociacion-cosmeticos.png","keywords":["Acuerdo","Acuerdos","ALADI","Cosm\u00e9tico","Cosm\u00e9ticos","Empresas","Integraci\u00f3n","Internacional","Mercado","Negociaci\u00f3n"],"articleSection":["Comunicados de imprensa"],"inLanguage":"pt-BR"},{"@type":"WebPage","@id":"https:\/\/www.aladi.org\/pt\/culmina-negociacion-tecnica-sobre-cosmeticos-instancia-clave-para-un-mercado-de-55-mil-millones-de-usd-en-la-region-pt\/","url":"https:\/\/www.aladi.org\/pt\/culmina-negociacion-tecnica-sobre-cosmeticos-instancia-clave-para-un-mercado-de-55-mil-millones-de-usd-en-la-region-pt\/","name":"Culmina negociaci\u00f3n t\u00e9cnica sobre cosm\u00e9ticos: instancia clave para un mercado de 55 mil millones de USD en la regi\u00f3n - ALADI","isPartOf":{"@id":"https:\/\/www.aladi.org\/#website"},"primaryImageOfPage":{"@id":"https:\/\/www.aladi.org\/pt\/culmina-negociacion-tecnica-sobre-cosmeticos-instancia-clave-para-un-mercado-de-55-mil-millones-de-usd-en-la-region-pt\/#primaryimage"},"image":{"@id":"https:\/\/www.aladi.org\/pt\/culmina-negociacion-tecnica-sobre-cosmeticos-instancia-clave-para-un-mercado-de-55-mil-millones-de-usd-en-la-region-pt\/#primaryimage"},"thumbnailUrl":"https:\/\/www.aladi.org\/wp-content\/uploads\/2025\/11\/IMG-Com-Prensa-negociacion-cosmeticos.png","datePublished":"2025-11-20T21:29:46+00:00","dateModified":"2025-12-03T17:17:51+00:00","description":"Este Acuerdo est\u00e1 orientado a reducir obst\u00e1culos t\u00e9cnicos y promover la convergencia regulatoria. Durante la reuni\u00f3n, las delegaciones nacionales acordaron las disposiciones sustantivas del Acuerdo, que busca facilitar el comercio intrarregional en un sector de alto impacto econ\u00f3mico.","breadcrumb":{"@id":"https:\/\/www.aladi.org\/pt\/culmina-negociacion-tecnica-sobre-cosmeticos-instancia-clave-para-un-mercado-de-55-mil-millones-de-usd-en-la-region-pt\/#breadcrumb"},"inLanguage":"pt-BR","potentialAction":[{"@type":"ReadAction","target":["https:\/\/www.aladi.org\/pt\/culmina-negociacion-tecnica-sobre-cosmeticos-instancia-clave-para-un-mercado-de-55-mil-millones-de-usd-en-la-region-pt\/"]}]},{"@type":"ImageObject","inLanguage":"pt-BR","@id":"https:\/\/www.aladi.org\/pt\/culmina-negociacion-tecnica-sobre-cosmeticos-instancia-clave-para-un-mercado-de-55-mil-millones-de-usd-en-la-region-pt\/#primaryimage","url":"https:\/\/www.aladi.org\/wp-content\/uploads\/2025\/11\/IMG-Com-Prensa-negociacion-cosmeticos.png","contentUrl":"https:\/\/www.aladi.org\/wp-content\/uploads\/2025\/11\/IMG-Com-Prensa-negociacion-cosmeticos.png","width":1920,"height":900},{"@type":"BreadcrumbList","@id":"https:\/\/www.aladi.org\/pt\/culmina-negociacion-tecnica-sobre-cosmeticos-instancia-clave-para-un-mercado-de-55-mil-millones-de-usd-en-la-region-pt\/#breadcrumb","itemListElement":[{"@type":"ListItem","position":1,"name":"Home","item":"https:\/\/www.aladi.org\/"},{"@type":"ListItem","position":2,"name":"Conclui negocia\u00e7\u00e3o t\u00e9cnica sobre cosm\u00e9ticos: etapa decisiva para um mercado de 55 bilh\u00f5es de d\u00f3lares na regi\u00e3o"}]},{"@type":"WebSite","@id":"https:\/\/www.aladi.org\/pt\/#website","url":"https:\/\/www.aladi.org\/pt\/","name":"ALADI","description":"Asociaci\u00f3n Latinoamericana de Integraci\u00f3n","publisher":{"@id":"https:\/\/www.aladi.org\/pt\/#organization"},"potentialAction":[{"@type":"SearchAction","target":{"@type":"EntryPoint","urlTemplate":"https:\/\/www.aladi.org\/pt\/?s={search_term_string}"},"query-input":{"@type":"PropertyValueSpecification","valueRequired":true,"valueName":"search_term_string"}}],"inLanguage":"pt-BR"},{"@type":"Organization","@id":"https:\/\/www.aladi.org\/pt\/#organization","name":"ALADI","url":"https:\/\/www.aladi.org\/pt\/","logo":{"@type":"ImageObject","inLanguage":"pt-BR","@id":"https:\/\/www.aladi.org\/pt\/#\/schema\/logo\/image\/","url":"https:\/\/www.aladi.org\/wp-content\/uploads\/2025\/12\/Logo-ALADI.png","contentUrl":"https:\/\/www.aladi.org\/wp-content\/uploads\/2025\/12\/Logo-ALADI.png","width":375,"height":235,"caption":"ALADI"},"image":{"@id":"https:\/\/www.aladi.org\/pt\/#\/schema\/logo\/image\/"},"sameAs":["https:\/\/es-la.facebook.com\/people\/ALADI\/100064606213084\/","https:\/\/x.com\/ALADI_SG","https:\/\/www.instagram.com\/aladi_sg\/?hl=es","https:\/\/www.linkedin.com\/company\/aladi\/","https:\/\/www.flickr.com\/photos\/aladi\/","https:\/\/www.youtube.com\/channel\/UCrkJWOWHKF6igQmWE8Clnpg"]},{"@type":"Person","@id":"https:\/\/www.aladi.org\/#\/schema\/person\/00d87afb58ad41856e7df1dbcc5fdd61","name":"vsoaresdelima","image":{"@type":"ImageObject","inLanguage":"pt-BR","@id":"https:\/\/www.aladi.org\/#\/schema\/person\/image\/","url":"https:\/\/secure.gravatar.com\/avatar\/33de2cda862c62c8c2bba234e5debe59db46f9f90496cca848fff282d9f16d52?s=96&d=mm&r=g","contentUrl":"https:\/\/secure.gravatar.com\/avatar\/33de2cda862c62c8c2bba234e5debe59db46f9f90496cca848fff282d9f16d52?s=96&d=mm&r=g","caption":"vsoaresdelima"},"url":"https:\/\/www.aladi.org\/pt\/author\/vsoaresdelima\/"}]}},"jetpack_featured_media_url":"https:\/\/www.aladi.org\/wp-content\/uploads\/2025\/11\/IMG-Com-Prensa-negociacion-cosmeticos.png","jetpack_sharing_enabled":true,"_links":{"self":[{"href":"https:\/\/www.aladi.org\/pt\/wp-json\/wp\/v2\/posts\/9375","targetHints":{"allow":["GET"]}}],"collection":[{"href":"https:\/\/www.aladi.org\/pt\/wp-json\/wp\/v2\/posts"}],"about":[{"href":"https:\/\/www.aladi.org\/pt\/wp-json\/wp\/v2\/types\/post"}],"author":[{"embeddable":true,"href":"https:\/\/www.aladi.org\/pt\/wp-json\/wp\/v2\/users\/3"}],"replies":[{"embeddable":true,"href":"https:\/\/www.aladi.org\/pt\/wp-json\/wp\/v2\/comments?post=9375"}],"version-history":[{"count":1,"href":"https:\/\/www.aladi.org\/pt\/wp-json\/wp\/v2\/posts\/9375\/revisions"}],"predecessor-version":[{"id":9377,"href":"https:\/\/www.aladi.org\/pt\/wp-json\/wp\/v2\/posts\/9375\/revisions\/9377"}],"wp:featuredmedia":[{"embeddable":true,"href":"https:\/\/www.aladi.org\/pt\/wp-json\/wp\/v2\/media\/9376"}],"wp:attachment":[{"href":"https:\/\/www.aladi.org\/pt\/wp-json\/wp\/v2\/media?parent=9375"}],"wp:term":[{"taxonomy":"category","embeddable":true,"href":"https:\/\/www.aladi.org\/pt\/wp-json\/wp\/v2\/categories?post=9375"},{"taxonomy":"post_tag","embeddable":true,"href":"https:\/\/www.aladi.org\/pt\/wp-json\/wp\/v2\/tags?post=9375"},{"taxonomy":"post_flag","embeddable":true,"href":"https:\/\/www.aladi.org\/pt\/wp-json\/wp\/v2\/post_flags?post=9375"}],"curies":[{"name":"wp","href":"https:\/\/api.w.org\/{rel}","templated":true}]}}