{"id":9170,"date":"2025-10-06T16:53:23","date_gmt":"2025-10-06T16:53:23","guid":{"rendered":"https:\/\/www.aladi.org\/?p=9170"},"modified":"2025-10-07T19:02:47","modified_gmt":"2025-10-07T19:02:47","slug":"reunion-del-atit-en-la-aladi-paises-avanzan-en-medidas-para-agilizar-el-transporte-internacional-terrestre","status":"publish","type":"post","link":"https:\/\/www.aladi.org\/pt\/reunion-del-atit-en-la-aladi-paises-avanzan-en-medidas-para-agilizar-el-transporte-internacional-terrestre-pt\/","title":{"rendered":"Reuni\u00e3o do ATIT na ALADI: pa\u00edses avan\u00e7am em medidas para agilizar o transporte internacional terrestre "},"content":{"rendered":"<p>Montevid\u00e9u, 6 de outubro de 2025.<\/p>\n<p>Na sede da Associa\u00e7\u00e3o Latino-Americana de Integra\u00e7\u00e3o (ALADI) teve lugar a <strong>XXVI Reuni\u00e3o da Comiss\u00e3o do Acompanhamento do Acordo de Alcance Parcial sobre Transporte Internacional Terrestre<\/strong> (Comiss\u00e3o do Artigo 16 do ATIT). Durante o encontro, os pa\u00edses signat\u00e1rios avan\u00e7aram na articula\u00e7\u00e3o de normas e procedimentos em mat\u00e9ria de transporte internacional rodovi\u00e1rio, com o objetivo de facilitar o com\u00e9rcio regional.<\/p>\n<p>A reuni\u00e3o, celebrada durante duas jornadas de intenso trabalho, em formato h\u00edbrido, contou com a participa\u00e7\u00e3o dos Organismos Nacionais Competentes da Argentina, Bol\u00edvia, Brasil, Chile, Paraguai, Peru e Uruguai, bem como das Representa\u00e7\u00f5es Permanentes junto \u00e0 ALADI, funcion\u00e1rios de sua Secretaria-Geral e representantes do setor privado.<\/p>\n<p>O encontro foi aberto pelo Subsecret\u00e1rio do Espa\u00e7o de Desenvolvimento de Livre Com\u00e9rcio da ALADI, Christian Leroux, que salientou \u201ca import\u00e2ncia para a regi\u00e3o dos trabalhos realizados no \u00e2mbito desta Comiss\u00e3o\u201d. Destacou, ainda, que estas a\u00e7\u00f5es contribuem para uma integra\u00e7\u00e3o mais moderna e segura em mat\u00e9ria de transporte internacional.<\/p>\n<p>Entre os principais resultados, destacou-se o avan\u00e7o nas negocia\u00e7\u00f5es para acelerar a entrada em vigor dos protocolos relacionados aos aspectos migrat\u00f3rios e aduaneiros, com vistas a facilitar o com\u00e9rcio e agilizar os tr\u00e2mites para o transporte internacional. Entre a diversidade de temas t\u00e9cnicos e normativos propostos, as delega\u00e7\u00f5es coincidiram na necessidade e na prioridade de buscar mecanismos que acelerem estes processos.<\/p>\n<p>Esta reuni\u00e3o reafirma o compromisso da ALADI com a integra\u00e7\u00e3o, moderniza\u00e7\u00e3o e seguran\u00e7a do transporte internacional terrestre, contribuindo para o desenvolvimento do com\u00e9rcio, da log\u00edstica e da efici\u00eancia do transporte regional.<\/p>\n","protected":false},"excerpt":{"rendered":"<p>Durante os dois dias de trabalho, foram debatidas medidas para agilizar os procedimentos aduaneiros e migrat\u00f3rios, fortalecer a coopera\u00e7\u00e3o regional e facilitar o com\u00e9rcio entre os pa\u00edses da regi\u00e3o.<\/p>\n","protected":false},"author":3,"featured_media":9171,"comment_status":"closed","ping_status":"closed","sticky":false,"template":"","format":"standard","meta":{"_acf_changed":false,"_jetpack_memberships_contains_paid_content":false,"footnotes":""},"categories":[15],"tags":[66,26,28,63,47,68,96,124,123],"post_flags":[],"class_list":["post-9170","post","type-post","status-publish","format-standard","has-post-thumbnail","hentry","category-publicaciones","tag-acuerdo","tag-aladi","tag-atit","tag-comercio","tag-integracion","tag-internacional","tag-paises","tag-terrestre","tag-transporte"],"acf":[],"yoast_head":"<!-- This site is optimized with the Yoast SEO plugin v26.5 - https:\/\/yoast.com\/wordpress\/plugins\/seo\/ -->\n<title>Reuni\u00e3o do ATIT na ALADI: pa\u00edses avan\u00e7am em medidas para agilizar o transporte internacional terrestre<\/title>\n<meta name=\"description\" content=\"Durante os dois dias de trabalho, foram debatidas medidas para agilizar os procedimentos aduaneiros e migrat\u00f3rios, fortalecer a coopera\u00e7\u00e3o regional e facilitar o com\u00e9rcio entre os pa\u00edses da regi\u00e3o.\" \/>\n<meta name=\"robots\" content=\"index, follow, max-snippet:-1, max-image-preview:large, max-video-preview:-1\" \/>\n<link rel=\"canonical\" href=\"http:\/\/Durante%20os%20dois%20dias%20de%20trabalho,%20foram%20debatidas%20medidas%20para%20agilizar%20os%20procedimentos%20aduaneiros%20e%20migrat\u00f3rios,%20fortalecer%20a%20coopera\u00e7\u00e3o%20regional%20e%20facilitar%20o%20com\u00e9rcio%20entre%20os%20pa\u00edses%20da%20regi\u00e3o.\" \/>\n<meta property=\"og:locale\" content=\"pt_BR\" \/>\n<meta property=\"og:type\" content=\"article\" \/>\n<meta property=\"og:title\" content=\"Reuni\u00e3o do ATIT na ALADI: pa\u00edses avan\u00e7am em medidas para agilizar o transporte internacional terrestre\" \/>\n<meta property=\"og:description\" content=\"Durante os dois dias de trabalho, foram debatidas medidas para agilizar os procedimentos aduaneiros e migrat\u00f3rios, fortalecer a coopera\u00e7\u00e3o regional e facilitar o com\u00e9rcio entre os pa\u00edses da regi\u00e3o.\" \/>\n<meta property=\"og:url\" content=\"https:\/\/www.aladi.org\/pt\/reunion-del-atit-en-la-aladi-paises-avanzan-en-medidas-para-agilizar-el-transporte-internacional-terrestre-pt\/\" \/>\n<meta property=\"og:site_name\" content=\"ALADI\" \/>\n<meta property=\"article:publisher\" content=\"https:\/\/es-la.facebook.com\/people\/ALADI\/100064606213084\/\" \/>\n<meta property=\"article:published_time\" content=\"2025-10-06T16:53:23+00:00\" \/>\n<meta property=\"article:modified_time\" content=\"2025-10-07T19:02:47+00:00\" \/>\n<meta property=\"og:image\" content=\"https:\/\/www.aladi.org\/wp-content\/uploads\/2025\/10\/IMG-Com-Prensa.png\" \/>\n\t<meta property=\"og:image:width\" content=\"1920\" \/>\n\t<meta property=\"og:image:height\" content=\"900\" \/>\n\t<meta property=\"og:image:type\" content=\"image\/png\" \/>\n<meta name=\"author\" content=\"vsoaresdelima\" \/>\n<meta name=\"twitter:card\" content=\"summary_large_image\" \/>\n<meta name=\"twitter:creator\" content=\"@ALADI_SG\" \/>\n<meta name=\"twitter:site\" content=\"@ALADI_SG\" \/>\n<meta name=\"twitter:label1\" content=\"Written by\" \/>\n\t<meta name=\"twitter:data1\" content=\"vsoaresdelima\" \/>\n\t<meta name=\"twitter:label2\" content=\"Est. reading time\" \/>\n\t<meta name=\"twitter:data2\" content=\"1 minute\" \/>\n<script type=\"application\/ld+json\" class=\"yoast-schema-graph\">{\"@context\":\"https:\/\/schema.org\",\"@graph\":[{\"@type\":\"Article\",\"@id\":\"https:\/\/www.aladi.org\/pt\/reunion-del-atit-en-la-aladi-paises-avanzan-en-medidas-para-agilizar-el-transporte-internacional-terrestre-pt\/#article\",\"isPartOf\":{\"@id\":\"https:\/\/www.aladi.org\/pt\/reunion-del-atit-en-la-aladi-paises-avanzan-en-medidas-para-agilizar-el-transporte-internacional-terrestre-pt\/\"},\"author\":{\"name\":\"vsoaresdelima\",\"@id\":\"https:\/\/www.aladi.org\/#\/schema\/person\/00d87afb58ad41856e7df1dbcc5fdd61\"},\"headline\":\"Reuni\u00e3o do ATIT na ALADI: pa\u00edses avan\u00e7am em medidas para agilizar o transporte internacional terrestre\",\"datePublished\":\"2025-10-06T16:53:23+00:00\",\"dateModified\":\"2025-10-07T19:02:47+00:00\",\"mainEntityOfPage\":{\"@id\":\"https:\/\/www.aladi.org\/pt\/reunion-del-atit-en-la-aladi-paises-avanzan-en-medidas-para-agilizar-el-transporte-internacional-terrestre-pt\/\"},\"wordCount\":308,\"publisher\":{\"@id\":\"https:\/\/www.aladi.org\/#organization\"},\"image\":{\"@id\":\"https:\/\/www.aladi.org\/pt\/reunion-del-atit-en-la-aladi-paises-avanzan-en-medidas-para-agilizar-el-transporte-internacional-terrestre-pt\/#primaryimage\"},\"thumbnailUrl\":\"https:\/\/www.aladi.org\/wp-content\/uploads\/2025\/10\/IMG-Com-Prensa.png\",\"keywords\":[\"Acuerdo\",\"ALADI\",\"ATIT\",\"Comercio\",\"Integraci\u00f3n\",\"Internacional\",\"Pa\u00edses\",\"Terrestre\",\"Transporte\"],\"articleSection\":[\"Comunicados de imprensa\"],\"inLanguage\":\"pt-BR\"},{\"@type\":\"WebPage\",\"@id\":\"https:\/\/www.aladi.org\/pt\/reunion-del-atit-en-la-aladi-paises-avanzan-en-medidas-para-agilizar-el-transporte-internacional-terrestre-pt\/\",\"url\":\"https:\/\/www.aladi.org\/pt\/reunion-del-atit-en-la-aladi-paises-avanzan-en-medidas-para-agilizar-el-transporte-internacional-terrestre-pt\/\",\"name\":\"Reuni\u00f3n del ATIT en la ALADI: pa\u00edses avanzan en medidas para agilizar el transporte internacional terrestre - ALADI\",\"isPartOf\":{\"@id\":\"https:\/\/www.aladi.org\/#website\"},\"primaryImageOfPage\":{\"@id\":\"https:\/\/www.aladi.org\/pt\/reunion-del-atit-en-la-aladi-paises-avanzan-en-medidas-para-agilizar-el-transporte-internacional-terrestre-pt\/#primaryimage\"},\"image\":{\"@id\":\"https:\/\/www.aladi.org\/pt\/reunion-del-atit-en-la-aladi-paises-avanzan-en-medidas-para-agilizar-el-transporte-internacional-terrestre-pt\/#primaryimage\"},\"thumbnailUrl\":\"https:\/\/www.aladi.org\/wp-content\/uploads\/2025\/10\/IMG-Com-Prensa.png\",\"datePublished\":\"2025-10-06T16:53:23+00:00\",\"dateModified\":\"2025-10-07T19:02:47+00:00\",\"breadcrumb\":{\"@id\":\"https:\/\/www.aladi.org\/pt\/reunion-del-atit-en-la-aladi-paises-avanzan-en-medidas-para-agilizar-el-transporte-internacional-terrestre-pt\/#breadcrumb\"},\"inLanguage\":\"pt-BR\",\"potentialAction\":[{\"@type\":\"ReadAction\",\"target\":[\"https:\/\/www.aladi.org\/pt\/reunion-del-atit-en-la-aladi-paises-avanzan-en-medidas-para-agilizar-el-transporte-internacional-terrestre-pt\/\"]}]},{\"@type\":\"ImageObject\",\"inLanguage\":\"pt-BR\",\"@id\":\"https:\/\/www.aladi.org\/pt\/reunion-del-atit-en-la-aladi-paises-avanzan-en-medidas-para-agilizar-el-transporte-internacional-terrestre-pt\/#primaryimage\",\"url\":\"https:\/\/www.aladi.org\/wp-content\/uploads\/2025\/10\/IMG-Com-Prensa.png\",\"contentUrl\":\"https:\/\/www.aladi.org\/wp-content\/uploads\/2025\/10\/IMG-Com-Prensa.png\",\"width\":1920,\"height\":900},{\"@type\":\"BreadcrumbList\",\"@id\":\"https:\/\/www.aladi.org\/pt\/reunion-del-atit-en-la-aladi-paises-avanzan-en-medidas-para-agilizar-el-transporte-internacional-terrestre-pt\/#breadcrumb\",\"itemListElement\":[{\"@type\":\"ListItem\",\"position\":1,\"name\":\"Home\",\"item\":\"https:\/\/www.aladi.org\/\"},{\"@type\":\"ListItem\",\"position\":2,\"name\":\"Reuni\u00e3o do ATIT na ALADI: pa\u00edses avan\u00e7am em medidas para agilizar o transporte internacional terrestre\"}]},{\"@type\":\"WebSite\",\"@id\":\"https:\/\/www.aladi.org\/pt\/#website\",\"url\":\"https:\/\/www.aladi.org\/pt\/\",\"name\":\"ALADI\",\"description\":\"Asociaci\u00f3n Latinoamericana de Integraci\u00f3n\",\"publisher\":{\"@id\":\"https:\/\/www.aladi.org\/pt\/#organization\"},\"potentialAction\":[{\"@type\":\"SearchAction\",\"target\":{\"@type\":\"EntryPoint\",\"urlTemplate\":\"https:\/\/www.aladi.org\/pt\/?s={search_term_string}\"},\"query-input\":{\"@type\":\"PropertyValueSpecification\",\"valueRequired\":true,\"valueName\":\"search_term_string\"}}],\"inLanguage\":\"pt-BR\"},{\"@type\":\"Organization\",\"@id\":\"https:\/\/www.aladi.org\/pt\/#organization\",\"name\":\"ALADI\",\"url\":\"https:\/\/www.aladi.org\/pt\/\",\"logo\":{\"@type\":\"ImageObject\",\"inLanguage\":\"pt-BR\",\"@id\":\"https:\/\/www.aladi.org\/pt\/#\/schema\/logo\/image\/\",\"url\":\"https:\/\/www.aladi.org\/wp-content\/uploads\/2025\/12\/Logo-ALADI.png\",\"contentUrl\":\"https:\/\/www.aladi.org\/wp-content\/uploads\/2025\/12\/Logo-ALADI.png\",\"width\":375,\"height\":235,\"caption\":\"ALADI\"},\"image\":{\"@id\":\"https:\/\/www.aladi.org\/pt\/#\/schema\/logo\/image\/\"},\"sameAs\":[\"https:\/\/es-la.facebook.com\/people\/ALADI\/100064606213084\/\",\"https:\/\/x.com\/ALADI_SG\",\"https:\/\/www.instagram.com\/aladi_sg\/?hl=es\",\"https:\/\/www.linkedin.com\/company\/aladi\/\",\"https:\/\/www.flickr.com\/photos\/aladi\/\",\"https:\/\/www.youtube.com\/channel\/UCrkJWOWHKF6igQmWE8Clnpg\"]},{\"@type\":\"Person\",\"@id\":\"https:\/\/www.aladi.org\/#\/schema\/person\/00d87afb58ad41856e7df1dbcc5fdd61\",\"name\":\"vsoaresdelima\",\"image\":{\"@type\":\"ImageObject\",\"inLanguage\":\"pt-BR\",\"@id\":\"https:\/\/www.aladi.org\/#\/schema\/person\/image\/\",\"url\":\"https:\/\/secure.gravatar.com\/avatar\/33de2cda862c62c8c2bba234e5debe59db46f9f90496cca848fff282d9f16d52?s=96&d=mm&r=g\",\"contentUrl\":\"https:\/\/secure.gravatar.com\/avatar\/33de2cda862c62c8c2bba234e5debe59db46f9f90496cca848fff282d9f16d52?s=96&d=mm&r=g\",\"caption\":\"vsoaresdelima\"},\"url\":\"https:\/\/www.aladi.org\/pt\/author\/vsoaresdelima\/\"}]}<\/script>\n<!-- \/ Yoast SEO plugin. -->","yoast_head_json":{"title":"Reuni\u00e3o do ATIT na ALADI: pa\u00edses avan\u00e7am em medidas para agilizar o transporte internacional terrestre","description":"Durante os dois dias de trabalho, foram debatidas medidas para agilizar os procedimentos aduaneiros e migrat\u00f3rios, fortalecer a coopera\u00e7\u00e3o regional e facilitar o com\u00e9rcio entre os pa\u00edses da regi\u00e3o.","robots":{"index":"index","follow":"follow","max-snippet":"max-snippet:-1","max-image-preview":"max-image-preview:large","max-video-preview":"max-video-preview:-1"},"canonical":"Durante os dois dias de trabalho, foram debatidas medidas para agilizar os procedimentos aduaneiros e migrat\u00f3rios, fortalecer a coopera\u00e7\u00e3o regional e facilitar o com\u00e9rcio entre os pa\u00edses da regi\u00e3o.","og_locale":"pt_BR","og_type":"article","og_title":"Reuni\u00e3o do ATIT na ALADI: pa\u00edses avan\u00e7am em medidas para agilizar o transporte internacional terrestre","og_description":"Durante os dois dias de trabalho, foram debatidas medidas para agilizar os procedimentos aduaneiros e migrat\u00f3rios, fortalecer a coopera\u00e7\u00e3o regional e facilitar o com\u00e9rcio entre os pa\u00edses da regi\u00e3o.","og_url":"https:\/\/www.aladi.org\/pt\/reunion-del-atit-en-la-aladi-paises-avanzan-en-medidas-para-agilizar-el-transporte-internacional-terrestre-pt\/","og_site_name":"ALADI","article_publisher":"https:\/\/es-la.facebook.com\/people\/ALADI\/100064606213084\/","article_published_time":"2025-10-06T16:53:23+00:00","article_modified_time":"2025-10-07T19:02:47+00:00","og_image":[{"width":1920,"height":900,"url":"https:\/\/www.aladi.org\/wp-content\/uploads\/2025\/10\/IMG-Com-Prensa.png","type":"image\/png"}],"author":"vsoaresdelima","twitter_card":"summary_large_image","twitter_creator":"@ALADI_SG","twitter_site":"@ALADI_SG","twitter_misc":{"Written by":"vsoaresdelima","Est. reading time":"1 minute"},"schema":{"@context":"https:\/\/schema.org","@graph":[{"@type":"Article","@id":"https:\/\/www.aladi.org\/pt\/reunion-del-atit-en-la-aladi-paises-avanzan-en-medidas-para-agilizar-el-transporte-internacional-terrestre-pt\/#article","isPartOf":{"@id":"https:\/\/www.aladi.org\/pt\/reunion-del-atit-en-la-aladi-paises-avanzan-en-medidas-para-agilizar-el-transporte-internacional-terrestre-pt\/"},"author":{"name":"vsoaresdelima","@id":"https:\/\/www.aladi.org\/#\/schema\/person\/00d87afb58ad41856e7df1dbcc5fdd61"},"headline":"Reuni\u00e3o do ATIT na ALADI: pa\u00edses avan\u00e7am em medidas para agilizar o transporte internacional terrestre","datePublished":"2025-10-06T16:53:23+00:00","dateModified":"2025-10-07T19:02:47+00:00","mainEntityOfPage":{"@id":"https:\/\/www.aladi.org\/pt\/reunion-del-atit-en-la-aladi-paises-avanzan-en-medidas-para-agilizar-el-transporte-internacional-terrestre-pt\/"},"wordCount":308,"publisher":{"@id":"https:\/\/www.aladi.org\/#organization"},"image":{"@id":"https:\/\/www.aladi.org\/pt\/reunion-del-atit-en-la-aladi-paises-avanzan-en-medidas-para-agilizar-el-transporte-internacional-terrestre-pt\/#primaryimage"},"thumbnailUrl":"https:\/\/www.aladi.org\/wp-content\/uploads\/2025\/10\/IMG-Com-Prensa.png","keywords":["Acuerdo","ALADI","ATIT","Comercio","Integraci\u00f3n","Internacional","Pa\u00edses","Terrestre","Transporte"],"articleSection":["Comunicados de imprensa"],"inLanguage":"pt-BR"},{"@type":"WebPage","@id":"https:\/\/www.aladi.org\/pt\/reunion-del-atit-en-la-aladi-paises-avanzan-en-medidas-para-agilizar-el-transporte-internacional-terrestre-pt\/","url":"https:\/\/www.aladi.org\/pt\/reunion-del-atit-en-la-aladi-paises-avanzan-en-medidas-para-agilizar-el-transporte-internacional-terrestre-pt\/","name":"Reuni\u00f3n del ATIT en la ALADI: pa\u00edses avanzan en medidas para agilizar el transporte internacional terrestre - ALADI","isPartOf":{"@id":"https:\/\/www.aladi.org\/#website"},"primaryImageOfPage":{"@id":"https:\/\/www.aladi.org\/pt\/reunion-del-atit-en-la-aladi-paises-avanzan-en-medidas-para-agilizar-el-transporte-internacional-terrestre-pt\/#primaryimage"},"image":{"@id":"https:\/\/www.aladi.org\/pt\/reunion-del-atit-en-la-aladi-paises-avanzan-en-medidas-para-agilizar-el-transporte-internacional-terrestre-pt\/#primaryimage"},"thumbnailUrl":"https:\/\/www.aladi.org\/wp-content\/uploads\/2025\/10\/IMG-Com-Prensa.png","datePublished":"2025-10-06T16:53:23+00:00","dateModified":"2025-10-07T19:02:47+00:00","breadcrumb":{"@id":"https:\/\/www.aladi.org\/pt\/reunion-del-atit-en-la-aladi-paises-avanzan-en-medidas-para-agilizar-el-transporte-internacional-terrestre-pt\/#breadcrumb"},"inLanguage":"pt-BR","potentialAction":[{"@type":"ReadAction","target":["https:\/\/www.aladi.org\/pt\/reunion-del-atit-en-la-aladi-paises-avanzan-en-medidas-para-agilizar-el-transporte-internacional-terrestre-pt\/"]}]},{"@type":"ImageObject","inLanguage":"pt-BR","@id":"https:\/\/www.aladi.org\/pt\/reunion-del-atit-en-la-aladi-paises-avanzan-en-medidas-para-agilizar-el-transporte-internacional-terrestre-pt\/#primaryimage","url":"https:\/\/www.aladi.org\/wp-content\/uploads\/2025\/10\/IMG-Com-Prensa.png","contentUrl":"https:\/\/www.aladi.org\/wp-content\/uploads\/2025\/10\/IMG-Com-Prensa.png","width":1920,"height":900},{"@type":"BreadcrumbList","@id":"https:\/\/www.aladi.org\/pt\/reunion-del-atit-en-la-aladi-paises-avanzan-en-medidas-para-agilizar-el-transporte-internacional-terrestre-pt\/#breadcrumb","itemListElement":[{"@type":"ListItem","position":1,"name":"Home","item":"https:\/\/www.aladi.org\/"},{"@type":"ListItem","position":2,"name":"Reuni\u00e3o do ATIT na ALADI: pa\u00edses avan\u00e7am em medidas para agilizar o transporte internacional terrestre"}]},{"@type":"WebSite","@id":"https:\/\/www.aladi.org\/pt\/#website","url":"https:\/\/www.aladi.org\/pt\/","name":"ALADI","description":"Asociaci\u00f3n Latinoamericana de Integraci\u00f3n","publisher":{"@id":"https:\/\/www.aladi.org\/pt\/#organization"},"potentialAction":[{"@type":"SearchAction","target":{"@type":"EntryPoint","urlTemplate":"https:\/\/www.aladi.org\/pt\/?s={search_term_string}"},"query-input":{"@type":"PropertyValueSpecification","valueRequired":true,"valueName":"search_term_string"}}],"inLanguage":"pt-BR"},{"@type":"Organization","@id":"https:\/\/www.aladi.org\/pt\/#organization","name":"ALADI","url":"https:\/\/www.aladi.org\/pt\/","logo":{"@type":"ImageObject","inLanguage":"pt-BR","@id":"https:\/\/www.aladi.org\/pt\/#\/schema\/logo\/image\/","url":"https:\/\/www.aladi.org\/wp-content\/uploads\/2025\/12\/Logo-ALADI.png","contentUrl":"https:\/\/www.aladi.org\/wp-content\/uploads\/2025\/12\/Logo-ALADI.png","width":375,"height":235,"caption":"ALADI"},"image":{"@id":"https:\/\/www.aladi.org\/pt\/#\/schema\/logo\/image\/"},"sameAs":["https:\/\/es-la.facebook.com\/people\/ALADI\/100064606213084\/","https:\/\/x.com\/ALADI_SG","https:\/\/www.instagram.com\/aladi_sg\/?hl=es","https:\/\/www.linkedin.com\/company\/aladi\/","https:\/\/www.flickr.com\/photos\/aladi\/","https:\/\/www.youtube.com\/channel\/UCrkJWOWHKF6igQmWE8Clnpg"]},{"@type":"Person","@id":"https:\/\/www.aladi.org\/#\/schema\/person\/00d87afb58ad41856e7df1dbcc5fdd61","name":"vsoaresdelima","image":{"@type":"ImageObject","inLanguage":"pt-BR","@id":"https:\/\/www.aladi.org\/#\/schema\/person\/image\/","url":"https:\/\/secure.gravatar.com\/avatar\/33de2cda862c62c8c2bba234e5debe59db46f9f90496cca848fff282d9f16d52?s=96&d=mm&r=g","contentUrl":"https:\/\/secure.gravatar.com\/avatar\/33de2cda862c62c8c2bba234e5debe59db46f9f90496cca848fff282d9f16d52?s=96&d=mm&r=g","caption":"vsoaresdelima"},"url":"https:\/\/www.aladi.org\/pt\/author\/vsoaresdelima\/"}]}},"jetpack_featured_media_url":"https:\/\/www.aladi.org\/wp-content\/uploads\/2025\/10\/IMG-Com-Prensa.png","jetpack_sharing_enabled":true,"_links":{"self":[{"href":"https:\/\/www.aladi.org\/pt\/wp-json\/wp\/v2\/posts\/9170","targetHints":{"allow":["GET"]}}],"collection":[{"href":"https:\/\/www.aladi.org\/pt\/wp-json\/wp\/v2\/posts"}],"about":[{"href":"https:\/\/www.aladi.org\/pt\/wp-json\/wp\/v2\/types\/post"}],"author":[{"embeddable":true,"href":"https:\/\/www.aladi.org\/pt\/wp-json\/wp\/v2\/users\/3"}],"replies":[{"embeddable":true,"href":"https:\/\/www.aladi.org\/pt\/wp-json\/wp\/v2\/comments?post=9170"}],"version-history":[{"count":6,"href":"https:\/\/www.aladi.org\/pt\/wp-json\/wp\/v2\/posts\/9170\/revisions"}],"predecessor-version":[{"id":9186,"href":"https:\/\/www.aladi.org\/pt\/wp-json\/wp\/v2\/posts\/9170\/revisions\/9186"}],"wp:featuredmedia":[{"embeddable":true,"href":"https:\/\/www.aladi.org\/pt\/wp-json\/wp\/v2\/media\/9171"}],"wp:attachment":[{"href":"https:\/\/www.aladi.org\/pt\/wp-json\/wp\/v2\/media?parent=9170"}],"wp:term":[{"taxonomy":"category","embeddable":true,"href":"https:\/\/www.aladi.org\/pt\/wp-json\/wp\/v2\/categories?post=9170"},{"taxonomy":"post_tag","embeddable":true,"href":"https:\/\/www.aladi.org\/pt\/wp-json\/wp\/v2\/tags?post=9170"},{"taxonomy":"post_flag","embeddable":true,"href":"https:\/\/www.aladi.org\/pt\/wp-json\/wp\/v2\/post_flags?post=9170"}],"curies":[{"name":"wp","href":"https:\/\/api.w.org\/{rel}","templated":true}]}}