{"id":8988,"date":"2025-09-29T12:15:54","date_gmt":"2025-09-29T12:15:54","guid":{"rendered":"https:\/\/sitio.aladi.org\/?p=8988"},"modified":"2025-09-29T12:20:26","modified_gmt":"2025-09-29T12:20:26","slug":"tendencias-del-comercio-internacional-abril-junio-2025","status":"publish","type":"post","link":"https:\/\/www.aladi.org\/pt\/tendencias-do-comercio-internacional-de-bens-abril-junho-de-2025\/","title":{"rendered":"Tend\u00eancias do com\u00e9rcio internacional de bens (abril- junho de 2025)"},"content":{"rendered":"<ul>\n<li>\n<p><a href=\"#punto-uno\"><a href=\"#punto-uno\">1. Principales variables que influyen en la evoluci\u00f3n del comercio internacional de bienes de los pa\u00edses miembros de la ALADI<\/a><\/a><\/p>\n<\/li>\n<li>\n<p><a href=\"#segundo-punto\"><a href=\"#segundo-punto\">2. Exportaci\u00f3n de bienes de los pa\u00edses miembros de la ALADI<\/a><\/a><\/p>\n<\/li>\n<li>\n<p><a href=\"#tercer-punto\"><a href=\"#tercer-punto\">3. Importaciones de bienes de los pa\u00edses miembros de la ALADI<\/a><\/a><\/p>\n<\/li>\n<li>\n<div><a href=\"#cuarto-punto\">4. Comercio intrarregional<\/a><\/div>\n<\/li>\n<li>\n<div><a href=\"#quinto-punto\">5. Conclusiones<\/a><\/div>\n<\/li>\n<li>\n<div><a href=\"#sexto-punto\">6. Datos de gr\u00e1ficas y tablas<\/a><\/div>\n<\/li>\n<li>\n<div><a href=\"#septimo-punto\">7. Metodolog\u00eda y otros documentos<\/a><\/div>\n<\/li>\n<\/ul>\n<h1>Tendencias del comercio internacional de bienes (abril-junio 2025)<\/h1>\n<div>\n<p>La Secretar\u00eda General de la ALADI, con el objetivo de brindar apoyo a la toma de decisiones a los actores econ\u00f3micos de la regi\u00f3n, desarrolla indicadores que describen y anticipan el comportamiento tanto del comercio intrarregional como del comercio de los pa\u00edses miembros con el resto del mundo.<\/p>\n<\/div>\n<div>\n<p>Principales variables que influyen en la evoluci\u00f3n del comercio internacional de bienes de los pa\u00edses miembros de la ALADI<\/p>\n<\/div>\n<div>\n<p>El comercio internacional de bienes entre los pa\u00edses miembros de la ALADI est\u00e1 condicionado por la evoluci\u00f3n de la actividad econ\u00f3mica, tanto intrarregional como con sus principales socios extrarregionales, por los precios internacionales de los productos b\u00e1sicos, por la din\u00e1mica de los precios internos y por las fluctuaciones en los tipos de cambio.<\/p>\n<p>Durante el segundo trimestre de 2025, el agravamiento de las tensiones comerciales llegaron a su m\u00e1xima expresi\u00f3n en lo que va del a\u00f1o, aumentando la incertidumbre sobre el comportamiento futuro de las principales variables en los mercados de bienes, servicios y activos financieros. A continuaci\u00f3n, se presenta una s\u00edntesis del comportamiento registrado en el trimestre por las principales variables.<\/p>\n<\/div>\n<h2>\n<ul>\n<li>\n<h5><em>Actividad econ\u00f3mica en los pa\u00edses miembros de la ALADI<\/em><\/h5>\n<\/li>\n<\/ul>\n<\/h2>\n<div>A comienzos del segundo trimestre se intensificaron las tensiones comerciales, elevando la incertidumbre a nivel global y regional. Para medir este fen\u00f3meno, se utilizan indicadores que contabilizan la proporci\u00f3n de noticias publicadas en los principales peri\u00f3dicos de pa\u00edses seleccionados que hacen referencia simult\u00e1neamente a pol\u00edtica econ\u00f3mica \u2014en general o comercial\u2014 y a t\u00e9rminos vinculados con incertidumbre o riesgo. Las noticias relacionadas con los cambios en la pol\u00edtica comercial de Estados Unidos a comienzos de abril impulsaron al alza dichos indicadores, reflejando un aumento de la incertidumbre en la econom\u00eda mundial y en las econom\u00edas de la regi\u00f3n.<\/div>\n<div>\n<p>    <iframe scrolling=\"no\" frameborder=\"0\" title=\"Interactive or visual content\" sandbox=\"allow-same-origin allow-forms allow-scripts allow-downloads allow-popups allow-popups-to-escape-sandbox allow-top-navigation-by-user-activation\" style=\"width: 100%; height: 600px;\" src=\"https:\/\/flo.uri.sh\/visualisation\/25337623\/embed?auto=1\"><\/iframe>\n<\/div>\n<div>\n<p>Si bien los anuncios sobre un aumento de los aranceles de Estados Unidos hacia sus socios comerciales se implementaron en la pr\u00e1ctica, diversas estimaciones muestran que el arancel efectivo promedio aplicado fue menor al originalmente anunciado, debido a ajustes y negociaciones posteriores (Wharton Budget Model, 2025). Esto limita el impacto sobre la inversi\u00f3n, el consumo y el comercio, generando efectos heterog\u00e9neos entre pa\u00edses.<\/p>\n<p>En este contexto, el FMI proyecta un crecimiento global de 3,0% en 2025, lo que representa una revisi\u00f3n al alza de 0,2 puntos porcentuales, respectivamente, respecto a lo previsto en abril de 2025. Esta mejora responde al adelanto de operaciones comerciales frente a posibles aranceles m\u00e1s altos, a la aplicaci\u00f3n de aranceles efectivos m\u00e1s bajos que los inicialmente anunciados, a una mejora en las condiciones financieras y a la expansi\u00f3n fiscal en algunas econom\u00edas (IMF, World Economic Outlook Update, julio 2025). No obstante, el crecimiento global esperado se mantiene por debajo del 3,3% registrado en 2024, confirmando un escenario de desaceleraci\u00f3n moderada.<\/p>\n<\/div>\n<div>\n<p>    <iframe scrolling=\"no\" frameborder=\"0\" title=\"Interactive or visual content\" sandbox=\"allow-same-origin allow-forms allow-scripts allow-downloads allow-popups allow-popups-to-escape-sandbox allow-top-navigation-by-user-activation\" style=\"width: 100%; height: 600px;\" src=\"https:\/\/flo.uri.sh\/visualisation\/24856267\/embed?auto=1\"><\/iframe>\n<\/div>\n<div>\n<p>Para Am\u00e9rica Latina y el Caribe, el FMI proyecta un crecimiento de 2,2% en 2025 y de 2,4% en 2026, con una revisi\u00f3n al alza de 0,2 puntos porcentuales respecto a abril. A nivel de pa\u00edses, se anticipa un desempe\u00f1o m\u00e1s favorable en Brasil (2,3% en 2025), mientras que en M\u00e9xico la expansi\u00f3n ser\u00e1 muy limitada (0,2% en 2025), lo que refleja la heterogeneidad del panorama regional (IMF, 2025).<\/p>\n<p>En l\u00ednea con lo anterior, los analistas consultados por los bancos centrales de la regi\u00f3n prev\u00e9n para los pa\u00edses de la ALADI un crecimiento promedio cercano al 2% en 2025, con revisiones al alza para Brasil y a la baja para M\u00e9xico y Per\u00fa.<\/p>\n<\/div>\n<div>\n<p>    <iframe scrolling=\"no\" frameborder=\"0\" title=\"Interactive or visual content\" sandbox=\"allow-same-origin allow-forms allow-scripts allow-downloads allow-popups allow-popups-to-escape-sandbox allow-top-navigation-by-user-activation\" style=\"width: 100%; height: 800px;\" src=\"https:\/\/flo.uri.sh\/visualisation\/24856277\/embed?auto=1\"><\/iframe>\n<\/div>\n<hr>\n<h2>\n<ul>\n<li>\n<h5><em>Evoluci\u00f3n de los precios internacionales de las materias primas<\/em><\/h5>\n<\/li>\n<\/ul>\n<\/h2>\n<div>\n<p>En el segundo trimestre de 2025, la combinaci\u00f3n de una menor demanda desde China, tensiones geopol\u00edticas y una mayor oferta de algunos productos agr\u00edcolas provoc\u00f3 una ca\u00edda en t\u00e9rminos reales de los precios de las materias primas de 5,3% frente al trimestre anterior y de 5,6% en comparaci\u00f3n con el mismo per\u00edodo de 2024.<\/p>\n<p>El desempe\u00f1o de los precios, sin embargo, fue heterog\u00e9neo. Los metales preciosos, en particular el oro, siguieron aumentando al consolidarse como reserva de valor en un contexto de incertidumbre. Los fertilizantes tambi\u00e9n se encarecieron debido a restricciones de oferta vinculadas a factores geopol\u00edticos. En contraste, los combustibles \u2014especialmente el petr\u00f3leo y el gas natural\u2014 registraron descensos significativos.<\/p>\n<\/div>\n<div>\n\n<table id=\"tablepress-42\" class=\"tablepress tablepress-id-42\">\n<thead>\n<tr class=\"row-1\">\n\t<th colspan=\"4\" class=\"column-1\">Tabla 1. Tasa de variaci\u00f3n real de los precios internacionales de materias primas seleccionadas (en %)<\/th>\n<\/tr>\n<\/thead>\n<tbody class=\"row-striping row-hover\">\n<tr class=\"row-2\">\n\t<td class=\"column-1\">Rubro<br \/>\n<\/td><td class=\"column-2\">Promedio Abr.-jun.\/2025 - Ene.-mar.\/2024<\/td><td class=\"column-3\">Promedio Abr.-jun.\/2025 - Oct.-dic.\/2024<\/td><td class=\"column-4\">Promedio Abr.-jun.\/2025 - Abr.-jun.\/2024<\/td>\n<\/tr>\n<tr class=\"row-3\">\n\t<td class=\"column-1\">Total<\/td><td class=\"column-2\">-5,3<\/td><td class=\"column-3\">-3,9<\/td><td class=\"column-4\">-5,6<\/td>\n<\/tr>\n<tr class=\"row-4\">\n\t<td class=\"column-1\">Alimentos y bebidas<\/td><td class=\"column-2\">-5,4<\/td><td class=\"column-3\">-4,8<\/td><td class=\"column-4\">-5,7<\/td>\n<\/tr>\n<tr class=\"row-5\">\n\t<td class=\"column-1\">Productos agr\u00edcolas<\/td><td class=\"column-2\">-5,0<\/td><td class=\"column-3\">-4,5<\/td><td class=\"column-4\">-5,4<\/td>\n<\/tr>\n<tr class=\"row-6\">\n\t<td class=\"column-1\">Metales b\u00e1sicos<\/td><td class=\"column-2\">-4,3<\/td><td class=\"column-3\">-4,7<\/td><td class=\"column-4\">-9,3<\/td>\n<\/tr>\n<tr class=\"row-7\">\n\t<td class=\"column-1\">Metales preciosos<\/td><td class=\"column-2\">13,1<\/td><td class=\"column-3\">19,7<\/td><td class=\"column-4\">34,6<\/td>\n<\/tr>\n<tr class=\"row-8\">\n\t<td class=\"column-1\">Fertilizantes<\/td><td class=\"column-2\">3,0<\/td><td class=\"column-3\">5,3<\/td><td class=\"column-4\">-5,0<\/td>\n<\/tr>\n<tr class=\"row-9\">\n\t<td class=\"column-1\">Combustibles<\/td><td class=\"column-2\">-12,5<\/td><td class=\"column-3\">-11,3<\/td><td class=\"column-4\">-15,8<\/td>\n<\/tr>\n<tr class=\"row-10\">\n\t<td class=\"column-1\">--Petr\u00f3leo<\/td><td class=\"column-2\">-14,6<\/td><td class=\"column-3\">-13,3<\/td><td class=\"column-4\">-25,3<\/td>\n<\/tr>\n<tr class=\"row-11\">\n\t<td class=\"column-1\">--Gas natural<\/td><td class=\"column-2\">-15,6<\/td><td class=\"column-3\">-8,3<\/td><td class=\"column-4\">18,8<\/td>\n<\/tr>\n<\/tbody>\n<tfoot>\n<tr class=\"row-12\">\n\t<th colspan=\"4\" class=\"column-1\">Fuente: Secretar\u00eda General de la ALADI con base en datos del Fondo Monetario Internacional y Bureau of Labour Statistics.<\/th>\n<\/tr>\n<\/tfoot>\n<\/table>\n<!-- #tablepress-42 from cache --><\/div>\n<div>\n<p>    <iframe scrolling=\"no\" frameborder=\"0\" title=\"Interactive or visual content\" sandbox=\"allow-same-origin allow-forms allow-scripts allow-downloads allow-popups allow-popups-to-escape-sandbox allow-top-navigation-by-user-activation\" style=\"width: 100%; height: 600px;\" src=\"https:\/\/flo.uri.sh\/visualisation\/24856292\/embed?auto=1\"><\/iframe>\n<\/div>\n<hr>\n<h2>\n<ul>\n<li>\n<h5><em>Evoluci\u00f3n de los tipos de cambio<\/em><\/h5>\n<\/li>\n<\/ul>\n<\/h2>\n<div>\n<p>En el segundo trimestre de 2025, el entorno econ\u00f3mico internacional estuvo marcado por una depreciaci\u00f3n del d\u00f3lar frente al euro y al renminbi, tendencia que tambi\u00e9n se reflej\u00f3 en varias monedas de la regi\u00f3n ALADI.<\/p>\n<p>Al comparar los valores promedio de abril-junio frente a enero-marzo de 2025, se observan apreciaciones de las monedas de Brasil (-3,2%), M\u00e9xico (-4,4%), Uruguay (-3,2%) y Per\u00fa (-1,1%). En contraste, en pa\u00edses como Argentina (+8,8%), Colombia (+0,2%), Paraguay (+0,9%) y Venezuela (+48,8%) persistieron depreciaciones, aunque en la mayor\u00eda de los casos a un ritmo m\u00e1s moderado que en trimestres anteriores.<\/p>\n<\/div>\n<div>\n\n<table id=\"tablepress-43\" class=\"tablepress tablepress-id-43\">\n<thead>\n<tr class=\"row-1\">\n\t<th colspan=\"4\" class=\"column-1\">Tabla 2. Variaci\u00f3n de los tipos de cambio de la moneda nacional con respecto al d\u00f3lar (en %)<\/th>\n<\/tr>\n<\/thead>\n<tbody class=\"row-striping row-hover\">\n<tr class=\"row-2\">\n\t<td class=\"column-1\">Pa\u00eds o regi\u00f3n<\/td><td class=\"column-2\">Promedio Abr.-jun.\/2025 - Ene.-mar.\/2025<\/td><td class=\"column-3\">Promedio Abr.-jun.\/2025 - Oct.-dic.\/2024<\/td><td class=\"column-4\">Promedio Abr.-jun.\/2025 - Abr.-jun.\/2024<\/td>\n<\/tr>\n<tr class=\"row-3\">\n\t<td class=\"column-1\">Argentina<\/td><td class=\"column-2\">8,8<\/td><td class=\"column-3\">14,9<\/td><td class=\"column-4\">29,9<\/td>\n<\/tr>\n<tr class=\"row-4\">\n\t<td class=\"column-1\">Bolivia<\/td><td class=\"column-2\">0,0<\/td><td class=\"column-3\">0,0<\/td><td class=\"column-4\">0,0<\/td>\n<\/tr>\n<tr class=\"row-5\">\n\t<td class=\"column-1\">Brasil<\/td><td class=\"column-2\">-3,2<\/td><td class=\"column-3\">-2,6<\/td><td class=\"column-4\">9,0<\/td>\n<\/tr>\n<tr class=\"row-6\">\n\t<td class=\"column-1\">Chile<\/td><td class=\"column-2\">-1,7<\/td><td class=\"column-3\">-1,5<\/td><td class=\"column-4\">1,3<\/td>\n<\/tr>\n<tr class=\"row-7\">\n\t<td class=\"column-1\">Colombia<\/td><td class=\"column-2\">0,2<\/td><td class=\"column-3\">-3,4<\/td><td class=\"column-4\">7,1<\/td>\n<\/tr>\n<tr class=\"row-8\">\n\t<td class=\"column-1\">Cuba<\/td><td class=\"column-2\">0,0<\/td><td class=\"column-3\">0,0<\/td><td class=\"column-4\">0,0<\/td>\n<\/tr>\n<tr class=\"row-9\">\n\t<td class=\"column-1\">M\u00e9xico<\/td><td class=\"column-2\">-4,4<\/td><td class=\"column-3\">-2,7<\/td><td class=\"column-4\">13,4<\/td>\n<\/tr>\n<tr class=\"row-10\">\n\t<td class=\"column-1\">Per\u00fa<\/td><td class=\"column-2\">-1,1<\/td><td class=\"column-3\">-2,5<\/td><td class=\"column-4\">-2,1<\/td>\n<\/tr>\n<tr class=\"row-11\">\n\t<td class=\"column-1\">Uruguay<\/td><td class=\"column-2\">-3,2<\/td><td class=\"column-3\">-2,0<\/td><td class=\"column-4\">7,9<\/td>\n<\/tr>\n<tr class=\"row-12\">\n\t<td class=\"column-1\">Venezuela<\/td><td class=\"column-2\">48,8<\/td><td class=\"column-3\">104,2<\/td><td class=\"column-4\">147,7<\/td>\n<\/tr>\n<tr class=\"row-13\">\n\t<td class=\"column-1\">China<\/td><td class=\"column-2\">-0,7<\/td><td class=\"column-3\">0,5<\/td><td class=\"column-4\">-0,3<\/td>\n<\/tr>\n<tr class=\"row-14\">\n\t<td class=\"column-1\">Zona Euro<\/td><td class=\"column-2\">-7,5<\/td><td class=\"column-3\">-6,0<\/td><td class=\"column-4\">-5,2<\/td>\n<\/tr>\n<\/tbody>\n<tfoot>\n<tr class=\"row-15\">\n\t<th colspan=\"4\" class=\"column-1\">Fuente: Secretar\u00eda General de la ALADI con base a datos del Banco Central de Chile.<\/th>\n<\/tr>\n<\/tfoot>\n<\/table>\n<!-- #tablepress-43 from cache --><\/div>\n<h2>\n<ul>\n<li>\n<h5><em>El comportamiento de los precios al consumidor<\/em><\/h5>\n<\/li>\n<\/ul>\n<\/h2>\n<div>Al cierre del segundo trimestre de 2025, la inflaci\u00f3n interanual a junio mostr\u00f3 una moderaci\u00f3n en la Eurozona y en Estados Unidos, mientras que en China se mantuvo en niveles excepcionalmente bajos. En la Eurozona, la inflaci\u00f3n se ubic\u00f3 en torno al rango previsto por el Banco Central Europeo (2%). En Estados Unidos, aunque descendente, permaneci\u00f3 por encima del objetivo de la Reserva Federal (2%), alcanzando 2,7%. El impacto de los aumentos arancelarios a\u00fan no se traslad\u00f3 plenamente a los precios debido al adelantamiento de importaciones de algunos productos y a la ca\u00edda de los precios de la energ\u00eda, factores que moderaron su efecto inflacionario. En el caso de China, la inflaci\u00f3n se mantuvo en torno al 0,1%, muy por debajo de la meta del 3% fijada por el Banco Popular de China, reflejando un contexto de debilidad en la demanda interna.<\/div>\n<div>\n<p>    <iframe scrolling=\"no\" frameborder=\"0\" title=\"Interactive or visual content\" sandbox=\"allow-same-origin allow-forms allow-scripts allow-downloads allow-popups allow-popups-to-escape-sandbox allow-top-navigation-by-user-activation\" style=\"width: 100%; height: 600px;\" src=\"https:\/\/flo.uri.sh\/visualisation\/24856245\/embed?auto=1\"><\/iframe>\n<\/div>\n<div>\n<p>En los pa\u00edses de la ALADI, la inflaci\u00f3n present\u00f3 un comportamiento heterog\u00e9neo. Varios mostraron se\u00f1ales claras de desaceleraci\u00f3n respecto al a\u00f1o anterior, destacando reducciones significativas en Argentina y, en menor medida, en Chile, Colombia, Per\u00fa y Uruguay. Otros pa\u00edses, en cambio, mantuvieron tasas elevadas o registraron aumentos, como Bolivia y Cuba, mientras que Brasil y M\u00e9xico se ubicaron en niveles moderados.<\/p>\n<\/div>\n<div>\n\n<table id=\"tablepress-44\" class=\"tablepress tablepress-id-44\">\n<thead>\n<tr class=\"row-1\">\n\t<th colspan=\"4\" class=\"column-1\">Tabla 3. Variaci\u00f3n anual de los precios al consumidor (en %)<\/th>\n<\/tr>\n<\/thead>\n<tbody class=\"row-striping row-hover\">\n<tr class=\"row-2\">\n\t<td class=\"column-1\">Pa\u00eds<\/td><td class=\"column-2\">Jun.2025<\/td><td class=\"column-3\">Dic-2024<\/td><td class=\"column-4\">Jun.2024<\/td>\n<\/tr>\n<tr class=\"row-3\">\n\t<td class=\"column-1\">Argentina<\/td><td class=\"column-2\">39,4<\/td><td class=\"column-3\">117,8<\/td><td class=\"column-4\">271,5<\/td>\n<\/tr>\n<tr class=\"row-4\">\n\t<td class=\"column-1\">Bolivia<\/td><td class=\"column-2\">24,0<\/td><td class=\"column-3\">10,0<\/td><td class=\"column-4\">3,8<\/td>\n<\/tr>\n<tr class=\"row-5\">\n\t<td class=\"column-1\">Brasil<\/td><td class=\"column-2\">5,4<\/td><td class=\"column-3\">4,8<\/td><td class=\"column-4\">4,2<\/td>\n<\/tr>\n<tr class=\"row-6\">\n\t<td class=\"column-1\">Chile<\/td><td class=\"column-2\">4,1<\/td><td class=\"column-3\">4,5<\/td><td class=\"column-4\">4,2<\/td>\n<\/tr>\n<tr class=\"row-7\">\n\t<td class=\"column-1\">Colombia<\/td><td class=\"column-2\">4,8<\/td><td class=\"column-3\">5,2<\/td><td class=\"column-4\">7,2<\/td>\n<\/tr>\n<tr class=\"row-8\">\n\t<td class=\"column-1\">Cuba<\/td><td class=\"column-2\">32,3<\/td><td class=\"column-3\">32,3<\/td><td class=\"column-4\">32,3<\/td>\n<\/tr>\n<tr class=\"row-9\">\n\t<td class=\"column-1\">Ecuador<\/td><td class=\"column-2\">1,4<\/td><td class=\"column-3\">0,5<\/td><td class=\"column-4\">1,2<\/td>\n<\/tr>\n<tr class=\"row-10\">\n\t<td class=\"column-1\">M\u00e9xico<\/td><td class=\"column-2\">4,3<\/td><td class=\"column-3\">4,2<\/td><td class=\"column-4\">5,0<\/td>\n<\/tr>\n<tr class=\"row-11\">\n\t<td class=\"column-1\">Panam\u00e1<\/td><td class=\"column-2\">-0,4<\/td><td class=\"column-3\">-0,2<\/td><td class=\"column-4\">0,9<\/td>\n<\/tr>\n<tr class=\"row-12\">\n\t<td class=\"column-1\">Paraguay<\/td><td class=\"column-2\">4,0<\/td><td class=\"column-3\">3,8<\/td><td class=\"column-4\">4,3<\/td>\n<\/tr>\n<tr class=\"row-13\">\n\t<td class=\"column-1\">Per\u00fa<\/td><td class=\"column-2\">1,7<\/td><td class=\"column-3\">2,0<\/td><td class=\"column-4\">2,3<\/td>\n<\/tr>\n<tr class=\"row-14\">\n\t<td class=\"column-1\">Uruguay<\/td><td class=\"column-2\">4,6<\/td><td class=\"column-3\">5,5<\/td><td class=\"column-4\">5,0<\/td>\n<\/tr>\n<tr class=\"row-15\">\n\t<td class=\"column-1\">Venezuela<\/td><td class=\"column-2\">n\/d<\/td><td class=\"column-3\">n\/d<\/td><td class=\"column-4\">n\/d<\/td>\n<\/tr>\n<\/tbody>\n<tfoot>\n<tr class=\"row-16\">\n\t<th colspan=\"4\" class=\"column-1\">Nota: n\/d= no disponible. Fuente: Secretar\u00eda General de la ALADI con base en datos del Banco Centrales e Institutos de Estad\u00edsticas de los paises miembros.<\/th>\n<\/tr>\n<\/tfoot>\n<\/table>\n<!-- #tablepress-44 from cache --><\/div>\n<div>\n<p>Exportaci\u00f3n de bienes de los pa\u00edses miembros de la ALADI<\/p>\n<\/div>\n<div>\n<p><i>El Indicador Oportuno de Exportaciones Totales de Bienes de la ALADI <\/i>registr\u00f3 un aumento de 3,2% en el segundo trimestre de 2025 respecto al mismo per\u00edodo de 2024.<\/p>\n<p>Una vez eliminadas las variaciones estacionales, las exportaciones mostraron un alza de 0,2% en comparaci\u00f3n con el primer trimestre de 2025.<\/p>\n<\/div>\n<div>\n<p>    <iframe scrolling=\"no\" frameborder=\"0\" title=\"Interactive or visual content\" sandbox=\"allow-same-origin allow-forms allow-scripts allow-downloads allow-popups allow-popups-to-escape-sandbox allow-top-navigation-by-user-activation\" style=\"width: 100%; height: 600px;\" src=\"https:\/\/flo.uri.sh\/visualisation\/24856289\/embed?auto=1\"><\/iframe>\n<\/div>\n<div>\n<p>Importaciones de bienes de los pa\u00edses miembros de la ALADI <\/p>\n<\/div>\n<div>\n<p>El <i>Indicador Oportuno de Importaciones Totales de Bienes de la ALADI <\/i>creci\u00f3 6,1% en el segundo trimestre de 2025 en comparaci\u00f3n con igual per\u00edodo de 2024.<\/p>\n<\/div>\n<div>\n<p>    <iframe scrolling=\"no\" frameborder=\"0\" title=\"Interactive or visual content\" sandbox=\"allow-same-origin allow-forms allow-scripts allow-downloads allow-popups allow-popups-to-escape-sandbox allow-top-navigation-by-user-activation\" style=\"width: 100%; height: 600px;\" src=\"https:\/\/flo.uri.sh\/visualisation\/24856286\/embed?auto=1\"><\/iframe>\n<\/div>\n<div>\n<p>Al analizar el indicador ajustado por estacionalidad, se registr\u00f3 un crecimiento del 0,4% en las importaciones durante el per\u00edodo abril-junio de 2025, en comparaci\u00f3n con el trimestre enero-marzo de 2025.<\/p>\n<\/div>\n<div>\n<p>Comercio intrarregional<\/p>\n<\/div>\n<div>El <i>Indicador Oportuno de Comercio Intrarregional de Bienes de la ALADI<\/i> mostr\u00f3 un crecimiento de 9,5% en el segundo trimestre de 2025 frente al mismo per\u00edodo de 2024. En t\u00e9rminos desestacionalizados, el comercio intrarregional creci\u00f3 4,1% respecto al trimestre anterior.<\/div>\n<div>\n<p>    <iframe scrolling=\"no\" frameborder=\"0\" title=\"Interactive or visual content\" sandbox=\"allow-same-origin allow-forms allow-scripts allow-downloads allow-popups allow-popups-to-escape-sandbox allow-top-navigation-by-user-activation\" style=\"width: 100%; height: 600px;\" src=\"https:\/\/flo.uri.sh\/visualisation\/24856283\/embed?auto=1\"><\/iframe>\n<\/div>\n<div>\n<p>Conclusiones <\/p>\n<\/div>\n<div>\n<ul>\n<li><strong>Crecimiento econ\u00f3mico<\/strong>: El FMI proyecta un crecimiento mundial de 3,0% en 2025, 0,2 puntos porcentuales m\u00e1s que en abril, impulsado por menores aranceles, adelanto de importaciones, mejores condiciones financieras y est\u00edmulos fiscales. En la ALADI, el crecimiento promedio se estima cercano al 2%, con revisiones al alza en Brasil y a la baja en M\u00e9xico y Per\u00fa.<\/li>\n<li><strong>Precios de materias primas<\/strong>: descendieron en promedio 5,3 % en el trimestre, aunque con comportamientos divergentes entre productos: alzas en metales preciosos y fertilizantes, y ca\u00eddas marcadas en combustibles.<\/li>\n<li><strong>Tipos de cambio<\/strong>: El d\u00f3lar se depreci\u00f3 frente al euro y al renminbi, tendencia que tambi\u00e9n se reflej\u00f3 en varias monedas de la ALADI, con apreciaciones en Brasil, M\u00e9xico, Uruguay y Per\u00fa.<\/li>\n<li><strong>Inflaci\u00f3n<\/strong>: Se moder\u00f3 en las principales econom\u00edas (Eurozona, EE. UU. y China), mientras que en la ALADI el comportamiento fue heterog\u00e9neo: baj\u00f3 en Argentina, Chile, Colombia, Per\u00fa y Uruguay<\/li>\n<li><strong>Exportaciones<\/strong>: Las exportaciones totales de bienes de la ALADI crecieron 3,2% interanual y 0,2% trimestralmente (ajustado por estacionalidad).<\/li>\n<li><strong>Importaciones<\/strong>: Las importaciones de la ALADI crecen 6,1\u202f% interanual y 0,4% trimestralmente en t\u00e9rminos ajustados.<\/li>\n<li><strong>Comercio intrarregional<\/strong>: Se expandi\u00f3 9,5% interanual, mientras que en t\u00e9rminos desestacionalizados subi\u00f3 4,1% respecto al trimestre anterior.<\/li>\n<\/ul>\n<\/div>\n<div>\n<p>Datos de gr\u00e1ficas y tablas<\/p>\n<\/div>\n<table>\n<tbody>\n<tr>\n<td>\n<p><a href=\"\/wp-content\/uploads\/2025\/09\/Grafica-0-Indice-de-Incertidumbre-Economica-esp-abrjun25.xlsx\" data-type=\"link\">Indices de incertidumbre econ\u00f3mica<\/a><\/p>\n<\/td>\n<\/tr>\n<tr>\n<td>\n<p><a href=\"https:\/wp-content\/uploads\/2025\/09\/Grafica-1-esp-abrjun2025.xlsx\" >Tasa de crecimiento del PBI para el 2025 (FMI)<\/a><\/p>\n<\/td>\n<\/tr>\n<tr>\n<td>\n<p><a href=\"https:\/wp-content\/uploads\/2025\/09\/Grafica-2-esp-abrjun2025.xlsx\">Expectativas de crecimiento para 2025 en pa\u00edses miembros de la ALADI<\/a><\/p>\n<\/td>\n<\/tr>\n<tr>\n<td>\n<p><a href=\"https:\/\/www.aladi.org\/wp-content\/uploads\/2025\/09\/Grafica-3-esp-abrjun_2025.xlsx\" data-type=\"link\">\u00cdndice de precios internacionales de las materias primas<\/a><\/p>\n<\/td>\n<\/tr>\n<tr>\n<td>\n<p><a href=\"\/_https:\/wp-content\/uploads\/2025\/09\/Grafica-4-esp-abrjun2025.xlsx_#url\" data-type=\"link\" >Inflaci\u00f3n interanual (en %)<\/a><\/p>\n<\/td>\n<\/tr>\n<tr>\n<td>\n<p><a href=\"https:\/wp-content\/uploads\/2025\/09\/Grafica-5-esp-abrjun2025.xlsx\" data-type=\"link\" >Indicador oportuno de exportaciones totales &#8211; ALADI<\/a><\/p>\n<\/td>\n<\/tr>\n<tr>\n<td>\n<p><a href=\"https:\/wp-content\/uploads\/2025\/09\/Grafica-6-esp-abrjun2025.xlsx\" data-type=\"link\">Indicador oportuno de importaciones totales &#8211; ALADI<\/a><\/p>\n<\/td>\n<\/tr>\n<tr>\n<td>\n<p><a href=\"https:\/wp-content\/uploads\/2025\/09\/Grafica-7-esp-abrjun.2025.xlsx\" data-type=\"link\" >Indicador oportuno de comercio intrarregional<\/a><\/p>\n<\/td>\n<\/tr>\n<tr>\n<td>\n<p><a href=\"https:\/wp-content\/uploads\/2025\/09\/Tabla-1-esp-abrjun.2025.xlsx\" data-type=\"link\" >Tabla 1. Tasa de variaci\u00f3n de los precios internacionales de materias primas seleccionadas (en %)<\/a><\/p>\n<\/td>\n<\/tr>\n<tr>\n<td>\n<p><a href=\"https:\/wp-content\/uploads\/2025\/09\/Tabla-2-esp-abrjun.2025.xlsx\" data-type=\"link\" >Tabla 2. Tasa de variaci\u00f3n de los tipos de cambio de la moneda nacional en relaci\u00f3n al d\u00f3lar estadounidense (en %)<\/a><\/p>\n<\/td>\n<\/tr>\n<tr>\n<td>\n<p><a href=\"https:\/wp-content\/uploads\/2025\/09\/Tabla-3-esp-abrjun.2025.xlsx\" data-type=\"link\" >Tabla 3. Tasa de variaci\u00f3n anual de los precios al consumidor (en %)<\/a><\/p>\n<\/td>\n<\/tr>\n<\/tbody>\n<\/table>\n<div>\n<p>Metodolog\u00eda y otros documentos<\/p>\n<\/div>\n<div>\n<ul>\n<li><a href=\"https:\/wp-content\/uploads\/2025\/09\/MetodologiaTendenciasComercioMR.docx.pdf\">Metodolog\u00eda de construcci\u00f3n de los indicadores de comercio exterior de la ALADI<\/a><\/li>\n<li><a href=\"https:\/wp-content\/uploads\/2025\/09\/Bibliografia-esp-abrjun2025.docx-1.pdf\" data-type=\"link\">Bibliograf\u00eda<\/a><\/li>\n<li><a href=\"https:\/wp-content\/uploads\/2025\/09\/Bases-de-datos-consultadas-esp-abrjun25.docx-1.pdf\" data-type=\"link\">Bases de datos consultadas<\/a><\/li>\n<\/ul>\n<\/div>\n<hr>\n<h6>C\u00e1psula de Aprendizaje: \u00bfC\u00f3mo y para qu\u00e9  construimos nuestros indicadores oportunos?<\/h6>\n<ul>\n<li>\n<p><img decoding=\"async\" src=\"\/wp-content\/uploads\/2025\/09\/Indicadoresjpg.jpg\" alt=\"\"><\/p>\n<p><a href=\"https:\/\/campus.aladi-cvf.org\/course\/index.php?categoryid=8\">Ver<\/a><\/p>\n<\/li>\n<li>\n<div>En esta c\u00e1psula de aprendizaje explicamos el proceso de construcci\u00f3n de los indicadores oportunos de exportaciones, importaciones y comercio exterior, y tambi\u00e9n c\u00f3mo deben ser intepretados.<\/div>\n<\/li>\n<\/ul>\n<p><!--more--><br \/>\n<!-- {\"type\":\"layout\",\"children\":[{\"type\":\"section\",\"props\":{\"image_position\":\"center-center\",\"style\":\"default\",\"title_breakpoint\":\"xl\",\"title_position\":\"top-left\",\"title_rotation\":\"left\",\"vertical_align\":\"middle\",\"width\":\"default\"},\"children\":[{\"type\":\"row\",\"children\":[{\"type\":\"column\",\"props\":{\"image_position\":\"center-center\",\"position_sticky_breakpoint\":\"m\"},\"children\":[{\"type\":\"breadcrumbs\",\"props\":{\"show_current\":true,\"show_home\":true},\"name\":\"Migas de pan autogeneradas\"}]}]}]},{\"type\":\"section\",\"props\":{\"image_position\":\"center-center\",\"style\":\"default\",\"title_breakpoint\":\"xl\",\"title_position\":\"top-left\",\"title_rotation\":\"left\",\"vertical_align\":\"middle\",\"width\":\"default\"},\"children\":[{\"type\":\"row\",\"props\":{\"layout\":\"1-4,3-4\"},\"children\":[{\"type\":\"column\",\"props\":{\"image_position\":\"center-center\",\"position_blend\":false,\"position_sticky\":\"section\",\"position_sticky_breakpoint\":\"m\",\"position_sticky_offset\":\"125px\",\"width_medium\":\"1-4\"},\"children\":[{\"name\":\"Nav Menu Headings\",\"type\":\"nav\",\"children\":[{\"type\":\"nav_item\",\"props\":{\"content\":\"<a href=\\\"#punto-uno\\\">1. Principales variables que influyen en la evoluci\\u00f3n del comercio internacional de bienes de los pa\\u00edses miembros de la ALADI<\\\/a>\",\"content_pt_br\":\"<a href=\\\"#punto-uno\\\">1. Principais vari\\u00e1veis que influem na evolu\\u00e7\\u00e3o do com\\u00e9rcio internacional de bens dos pa\\u00edses-membros da ALADI<\\\/a>\",\"link\":\"#punto-uno\",\"type\":\"heading\"}},{\"type\":\"nav_item\",\"props\":{\"content\":\"<a href=\\\"#segundo-punto\\\">2. Exportaci\\u00f3n de bienes de los pa\\u00edses miembros de la ALADI<\\\/a>\",\"content_pt_br\":\"<a href=\\\"#segundo-punto\\\">2. Exporta\\u00e7\\u00e3o de bens dos pa\\u00edses-membros da ALADI <\\\/a>\",\"link\":\"#segundo-punto\"}},{\"type\":\"nav_item\",\"props\":{\"content\":\"<a href=\\\"#tercer-punto\\\">3. Importaciones de bienes de los pa\\u00edses miembros de la ALADI<\\\/a>\",\"content_pt_br\":\"<a href=\\\"#tercer-punto\\\">3. Importa\\u00e7\\u00f5es de bens dos pa\\u00edses-membros da ALADI<\\\/a>\",\"link\":\"#tercer-punto\"}},{\"type\":\"nav_item\",\"props\":{\"content\":\"<a href=\\\"#cuarto-punto\\\">4. Comercio intrarregional<\\\/a>\",\"content_pt_br\":\"<a href=\\\"#cuarto-punto\\\">4. Com\\u00e9rcio intrarregional<\\\/a>\"}},{\"type\":\"nav_item\",\"props\":{\"content\":\"<a href=\\\"#quinto-punto\\\">5. Conclusiones<\\\/a>\",\"content_pt_br\":\"<a href=\\\"#quinto-punto\\\">5. Conclus\\u00f5es <\\\/a>\"}},{\"type\":\"nav_item\",\"props\":{\"content\":\"<a href=\\\"#sexto-punto\\\">6. Datos de gr\\u00e1ficas y tablas<\\\/a>\",\"content_pt_br\":\"<a href=\\\"#sexto-punto\\\">6. Dados de gr\\u00e1ficos e tabelas<\\\/a>\"}},{\"type\":\"nav_item\",\"props\":{\"content\":\"<a href=\\\"#septimo-punto\\\">7. Metodolog\\u00eda y otros documentos<\\\/a>\",\"content_pt_br\":\"<a href=\\\"#septimo-punto\\\">7. Metodologia e outros documentos<\\\/a>\"}}],\"props\":{\"grid\":\"1\",\"grid_divider\":false,\"image_vertical_align\":true,\"margin\":\"remove-vertical\",\"margin_remove_top\":true,\"nav_divider\":true,\"nav_style\":\"default\",\"show_image\":true,\"show_meta\":true}}]},{\"type\":\"column\",\"props\":{\"image_position\":\"center-center\",\"position_sticky_breakpoint\":\"m\",\"width_medium\":\"3-4\"},\"children\":[{\"type\":\"headline\",\"props\":{\"content\":\"Tendencias del comercio internacional de bienes (abril-junio 2025)\",\"content_pt_br\":\"Tend\\u00eancias do com\\u00e9rcio internacional de bens (abril- junho de 2025)\",\"title_element\":\"h1\"},\"name\":\"T\\u00edtulo\"},{\"type\":\"text\",\"props\":{\"column_breakpoint\":\"m\",\"content\":\"\n\n<p>La Secretar\\u00eda General de la ALADI, con el objetivo de brindar apoyo a la toma de decisiones a los actores econ\\u00f3micos de la regi\\u00f3n, desarrolla indicadores que describen y anticipan el comportamiento tanto del comercio intrarregional como del comercio de los pa\\u00edses miembros con el resto del mundo.<\\\/p>\\n\",\"content_pt_br\":\"A Secretaria-Geral da ALADI, com o objetivo de dar apoio \\u00e0 tomada de decis\\u00f5es dos atores econ\\u00f4micos da regi\\u00e3o, desenvolve indicadores que descrevem e antecipam o comportamento tanto do com\\u00e9rcio intrarregional quanto do com\\u00e9rcio dos pa\\u00edses-membros com o resto do mundo.\",\"margin\":\"default\"},\"name\":\"P\\u00e1rrafo de texto\"},{\"type\":\"text\",\"props\":{\"column_breakpoint\":\"m\",\"content\":\"\n\n<p>Principales variables que influyen en la evoluci\\u00f3n del comercio internacional de bienes de los pa\\u00edses miembros de la ALADI<\\\/p>\",\"content_pt_br\":\"Principais vari\\u00e1veis que influem na evolu\\u00e7\\u00e3o do com\\u00e9rcio internacional de bens dos pa\\u00edses-membros da ALADI\",\"id\":\"primer-punto\",\"margin\":\"default\",\"text_color\":\"primary\",\"text_style\":\"lead\"},\"name\":\"Subt\\u00edtulo amarillo\"},{\"type\":\"text\",\"props\":{\"column_breakpoint\":\"m\",\"content\":\"\n\n<p>El comercio internacional de bienes entre los pa\\u00edses miembros de la ALADI est\\u00e1 condicionado por la evoluci\\u00f3n de la actividad econ\\u00f3mica, tanto intrarregional como con sus principales socios extrarregionales, por los precios internacionales de los productos b\\u00e1sicos, por la din\\u00e1mica de los precios internos y por las fluctuaciones en los tipos de cambio.<\\\/p>\\n\\n\n\n<p>Durante el segundo trimestre de 2025, el agravamiento de las tensiones comerciales llegaron a su m\\u00e1xima expresi\\u00f3n en lo que va del a\\u00f1o, aumentando la incertidumbre sobre el comportamiento futuro de las principales variables en los mercados de bienes, servicios y activos financieros. A continuaci\\u00f3n, se presenta una s\\u00edntesis del comportamiento registrado en el trimestre por las principales variables.<\\\/p>\",\"content_pt_br\":\"\n\n<p>O com\\u00e9rcio internacional de bens entre os pa\\u00edses-membros da ALADI est\\u00e1 condicionado pela evolu\\u00e7\\u00e3o da atividade econ\\u00f4mica, tanto intrarregional quanto com seus principais s\\u00f3cios extrarregionais, pelos pre\\u00e7os internacionais dos produtos b\\u00e1sicos, pela din\\u00e2mica dos pre\\u00e7os internos e pelas flutua\\u00e7\\u00f5es nas taxas de c\\u00e2mbio.<\\\/p>\\n\\n\n\n<p>Durante o segundo trimestre de 2025, o agravamento das tens\\u00f5es comerciais atingiu seu pico neste ano, aumentando a incerteza quanto ao comportamento futuro das principais vari\\u00e1veis nos mercados de bens, servi\\u00e7os e ativos financeiros. A seguir, uma s\\u00edntese do comportamento registrado no trimestre pelas principais vari\\u00e1veis.<\\\/p>\",\"margin\":\"default\"}},{\"type\":\"headline\",\"props\":{\"content\":\"\n\n<ul>\\n\n\n<li>\\n\n\n<h5><em>Actividad econ\\u00f3mica en los pa\\u00edses miembros de la ALADI<\\\/em><\\\/h5>\\n<\\\/li>\\n<\\\/ul>\",\"content_pt_br\":\"\n\n<ul>\\n\n\n<li>\\n\n\n<h5><em>Atividade econ\\u00f4mica nos pa\\u00edses-membros da ALADI<\\\/em><\\\/h5>\\n<\\\/li>\\n<\\\/ul>\",\"title_color\":\"secondary\",\"title_element\":\"h2\",\"title_style\":\"h5\"},\"name\":\"Subt\\u00edtulo con bullet - Actividad econ\\u00f3mica en los PM\"},{\"type\":\"text\",\"props\":{\"column_breakpoint\":\"m\",\"content\":\"A comienzos del segundo trimestre se intensificaron las tensiones comerciales, elevando la incertidumbre a nivel global y regional. Para medir este fen\\u00f3meno, se utilizan indicadores que contabilizan la proporci\\u00f3n de noticias publicadas en los principales peri\\u00f3dicos de pa\\u00edses seleccionados que hacen referencia simult\\u00e1neamente a pol\\u00edtica econ\\u00f3mica \\u2014en general o comercial\\u2014 y a t\\u00e9rminos vinculados con incertidumbre o riesgo. Las noticias relacionadas con los cambios en la pol\\u00edtica comercial de Estados Unidos a comienzos de abril impulsaron al alza dichos indicadores, reflejando un aumento de la incertidumbre en la econom\\u00eda mundial y en las econom\\u00edas de la regi\\u00f3n.\",\"content_pt_br\":\"No in\\u00edcio do segundo trimestre do ano intensificaram-se as tens\\u00f5es comerciais, o qual aumentou a incerteza tanto global quanto regional. Para medir este fen\\u00f4meno, s\\u00e3o utilizados indicadores que contabilizam a propor\\u00e7\\u00e3o de not\\u00edcias publicadas nos principais jornais de pa\\u00edses selecionados que fazem refer\\u00eancia simultaneamente \\u00e0 pol\\u00edtica econ\\u00f4mica \\u2014em geral ou comercial\\u2014 e a termos vinculados \\u00e0 incerteza ou risco. Como \\u00e9 poss\\u00edvel observar, as not\\u00edcias relacionadas \\u00e0s mudan\\u00e7as na pol\\u00edtica comercial dos Estados Unidos no in\\u00edcio de abril impulsionaram em alta os referidos indicadores, refletindo um aumento da incerteza na economia mundial e tamb\\u00e9m nas economias da regi\\u00e3o.\",\"margin\":\"large\",\"margin_remove_top\":true}},{\"type\":\"html\",\"props\":{\"content\":\"<iframe scrolling=\\\"no\\\" frameborder=\\\"0\\\" title=\\\"Interactive or visual content\\\" sandbox=\\\"allow-same-origin allow-forms allow-scripts allow-downloads allow-popups allow-popups-to-escape-sandbox allow-top-navigation-by-user-activation\\\" style=\\\"width: 100%; height: 600px;\\\" src=\\\"https:\\\/\\\/flo.uri.sh\\\/visualisation\\\/25337623\\\/embed?auto=1\\\"><\\\/iframe>\",\"content_pt_br\":\"<iframe scrolling=\\\"no\\\" frameborder=\\\"0\\\" title=\\\"Interactive or visual content\\\" sandbox=\\\"allow-same-origin allow-forms allow-scripts allow-downloads allow-popups allow-popups-to-escape-sandbox allow-top-navigation-by-user-activation\\\" style=\\\"width: 100%; height: 600px;\\\" src=\\\"https:\\\/\\\/flo.uri.sh\\\/visualisation\\\/25337622\\\/embed?auto=1\\\"><\\\/iframe>\"},\"name\":\"Gr\\u00e1fica externa - Indice de Incertidumbre economica\"},{\"type\":\"text\",\"props\":{\"column_breakpoint\":\"m\",\"content\":\"\n\n<p>Si bien los anuncios sobre un aumento de los aranceles de Estados Unidos hacia sus socios comerciales se implementaron en la pr\\u00e1ctica, diversas estimaciones muestran que el arancel efectivo promedio aplicado fue menor al originalmente anunciado, debido a ajustes y negociaciones posteriores (Wharton Budget Model, 2025). Esto limita el impacto sobre la inversi\\u00f3n, el consumo y el comercio, generando efectos heterog\\u00e9neos entre pa\\u00edses.<\\\/p>\\n\\n\n\n<p>En este contexto, el FMI proyecta un crecimiento global de 3,0% en 2025, lo que representa una revisi\\u00f3n al alza de 0,2 puntos porcentuales, respectivamente, respecto a lo previsto en abril de 2025. Esta mejora responde al adelanto de operaciones comerciales frente a posibles aranceles m\\u00e1s altos, a la aplicaci\\u00f3n de aranceles efectivos m\\u00e1s bajos que los inicialmente anunciados, a una mejora en las condiciones financieras y a la expansi\\u00f3n fiscal en algunas econom\\u00edas (IMF, World Economic Outlook Update, julio 2025). No obstante, el crecimiento global esperado se mantiene por debajo del 3,3% registrado en 2024, confirmando un escenario de desaceleraci\\u00f3n moderada.<\\\/p>\",\"content_pt_br\":\"\n\n<p>Embora os an\\u00fancios sobre um aumento das tarifas dos Estados Unidos para seus s\\u00f3cios comerciais hajam sido implementados na pr\\u00e1tica, diversas estima\\u00e7\\u00f5es mostram que a m\\u00e9dia da tarifa efetiva foi menor \\u00e0 originalmente anunciada, devido a ajustes e negocia\\u00e7\\u00f5es posteriores (Wharton Budget Model, 2025). Isto limitou o impacto no investimento, consumo e com\\u00e9rcio, gerando efeitos heterog\\u00eaneos entre pa\\u00edses.(Wharton Budget Model, 2025).<\\\/p>\\n\\n\n\n<p>Neste contexto, o FMI projeta um crescimento global de 3,0% em 2025, o que representa uma revis\\u00e3o em alta de 0,2 pontos percentuais, respectivamente, com respeito ao previsto em abril de 2025. Esta melhora responde ao adiantamento de opera\\u00e7\\u00f5es comerciais diante de poss\\u00edveis tarifas mais altas, \\u00e0 aplica\\u00e7\\u00e3o de tarifas efetivas mais baixas que as inicialmente anunciadas, a uma melhora nas condi\\u00e7\\u00f5es financeiras e \\u00e0 expans\\u00e3o fiscal em algumas economias (IMF, World Economic Outlook Update, julho 2025). N\\u00e3o obstante, o crescimento global esperado mant\\u00e9m-se por debaixo de 3,3% registrado em 2024, confirmando um cen\\u00e1rio de desacelera\\u00e7\\u00e3o moderada.<\\\/p>\",\"margin\":\"large\",\"margin_remove_top\":true}},{\"type\":\"html\",\"props\":{\"content\":\"<iframe scrolling=\\\"no\\\" frameborder=\\\"0\\\" title=\\\"Interactive or visual content\\\" sandbox=\\\"allow-same-origin allow-forms allow-scripts allow-downloads allow-popups allow-popups-to-escape-sandbox allow-top-navigation-by-user-activation\\\" style=\\\"width: 100%; height: 600px;\\\" src=\\\"https:\\\/\\\/flo.uri.sh\\\/visualisation\\\/24856267\\\/embed?auto=1\\\"><\\\/iframe>\",\"content_pt_br\":\"<iframe scrolling=\\\"no\\\" frameborder=\\\"0\\\" title=\\\"Interactive or visual content\\\" sandbox=\\\"allow-same-origin allow-forms allow-scripts allow-downloads allow-popups allow-popups-to-escape-sandbox allow-top-navigation-by-user-activation\\\" style=\\\"width: 100%; height: 600px;\\\" src=\\\"https:\\\/\\\/flo.uri.sh\\\/visualisation\\\/24922343\\\/embed?auto=1\\\"><\\\/iframe>\"},\"name\":\"Gr\\u00e1fica externa - Tasa de crecimiento del PBI proyectada\"},{\"type\":\"text\",\"props\":{\"column_breakpoint\":\"m\",\"content\":\"\n\n<p>Para Am\\u00e9rica Latina y el Caribe, el FMI proyecta un crecimiento de 2,2% en 2025 y de 2,4% en 2026, con una revisi\\u00f3n al alza de 0,2 puntos porcentuales respecto a abril. A nivel de pa\\u00edses, se anticipa un desempe\\u00f1o m\\u00e1s favorable en Brasil (2,3% en 2025), mientras que en M\\u00e9xico la expansi\\u00f3n ser\\u00e1 muy limitada (0,2% en 2025), lo que refleja la heterogeneidad del panorama regional (IMF, 2025).<\\\/p>\\n\\n\n\n<p>En l\\u00ednea con lo anterior, los analistas consultados por los bancos centrales de la regi\\u00f3n prev\\u00e9n para los pa\\u00edses de la ALADI un crecimiento promedio cercano al 2% en 2025, con revisiones al alza para Brasil y a la baja para M\\u00e9xico y Per\\u00fa.<\\\/p>\",\"content_pt_br\":\"\n\n<p>Para a Am\\u00e9rica Latina e o Caribe, o FMI projeta um crescimento de 2,2% em 2025 e de 2,4%, em 2026, com uma revis\\u00e3o em alta de 0,2 pontos percentuais com respeito a abril. Em n\\u00edvel de pa\\u00edses, antecipa-se um desempenho mais favor\\u00e1vel no Brasil (2,3% em 2025), enquanto que no M\\u00e9xico a expans\\u00e3o ser\\u00e1 muito limitada (0,2% em 2025), o que reflete a heterogeneidade do panorama regional (IMF, 2025).<\\\/p>\\n\\n\n\n<p>Em linha com o anterior, os analistas consultados pelos bancos centrais da regi\\u00e3o preveem para os pa\\u00edses da ALADI um crescimento m\\u00e9dio de cerca de 2% em 2025, com revis\\u00f5es em alta para o Brasil e revis\\u00f5es em baixa para o M\\u00e9xico e o Peru.<\\\/p>\",\"margin\":\"large\",\"margin_remove_top\":true}},{\"type\":\"html\",\"props\":{\"content\":\"<iframe scrolling=\\\"no\\\" frameborder=\\\"0\\\" title=\\\"Interactive or visual content\\\" sandbox=\\\"allow-same-origin allow-forms allow-scripts allow-downloads allow-popups allow-popups-to-escape-sandbox allow-top-navigation-by-user-activation\\\" style=\\\"width: 100%; height: 800px;\\\" src=\\\"https:\\\/\\\/flo.uri.sh\\\/visualisation\\\/24856277\\\/embed?auto=1\\\"><\\\/iframe>\",\"content_pt_br\":\"<iframe scrolling=\\\"no\\\" frameborder=\\\"0\\\" title=\\\"Interactive or visual content\\\" sandbox=\\\"allow-same-origin allow-forms allow-scripts allow-downloads allow-popups allow-popups-to-escape-sandbox allow-top-navigation-by-user-activation\\\" style=\\\"width: 100%; height: 800px;\\\" src=\\\"https:\\\/\\\/flo.uri.sh\\\/visualisation\\\/24922342\\\/embed?auto=1\\\"><\\\/iframe>\"},\"name\":\"Gr\\u00e1fica externa - Tasa de crecimiento esperada del PBI\"},{\"type\":\"divider\",\"props\":{\"divider_element\":\"hr\"},\"name\":\"L\\u00ednea divisoria\"},{\"type\":\"headline\",\"props\":{\"content\":\"\n\n<ul>\\n\n\n<li>\\n\n\n<h5><em>Evoluci\\u00f3n de los precios internacionales de las materias primas<\\\/em><\\\/h5>\\n<\\\/li>\\n<\\\/ul>\",\"content_pt_br\":\"\n\n<ul>\\n\n\n<li>\\n\n\n<h5><em>Evolu\\u00e7\\u00e3o dos pre\\u00e7os internacionais das mat\\u00e9rias-primas<\\\/em><\\\/h5>\\n<\\\/li>\\n<\\\/ul>\",\"title_color\":\"secondary\",\"title_element\":\"h2\",\"title_style\":\"h5\"},\"name\":\"Subt\\u00edtulo con bullet - Evoluci\\u00f3n de los precios internacionales de las materias primas\"},{\"type\":\"text\",\"props\":{\"column_breakpoint\":\"m\",\"content\":\"\n\n<p>En el segundo trimestre de 2025, la combinaci\\u00f3n de una menor demanda desde China, tensiones geopol\\u00edticas y una mayor oferta de algunos productos agr\\u00edcolas provoc\\u00f3 una ca\\u00edda en t\\u00e9rminos reales de los precios de las materias primas de 5,3% frente al trimestre anterior y de 5,6% en comparaci\\u00f3n con el mismo per\\u00edodo de 2024.<\\\/p>\\n\\n\n\n<p>El desempe\\u00f1o de los precios, sin embargo, fue heterog\\u00e9neo. Los metales preciosos, en particular el oro, siguieron aumentando al consolidarse como reserva de valor en un contexto de incertidumbre. Los fertilizantes tambi\\u00e9n se encarecieron debido a restricciones de oferta vinculadas a factores geopol\\u00edticos. En contraste, los combustibles \\u2014especialmente el petr\\u00f3leo y el gas natural\\u2014 registraron descensos significativos.<\\\/p>\",\"content_pt_br\":\"\n\n<p>No segundo trimestre de 2025, a combina\\u00e7\\u00e3o de menor demanda da China, tens\\u00f5es geopol\\u00edticas e aumento da oferta de alguns produtos agr\\u00edcolas levou a uma queda em termos reais dos pre\\u00e7os das mat\\u00e9rias-primas de 5,3% em rela\\u00e7\\u00e3o ao trimestre anterior e de 5,6% em rela\\u00e7\\u00e3o ao mesmo per\\u00edodo de 2024.<\\\/p>\\n\\n\n\n<p>O desempenho dos pre\\u00e7os, no entanto, foi heterog\\u00eaneo. Os metais preciosos, especialmente o ouro, continuaram a subir, consolidando-se como reserva de valor em um contexto de incerteza. Os fertilizantes tamb\\u00e9m ficaram mais caros devido a restri\\u00e7\\u00f5es de oferta relacionadas a fatores geopol\\u00edticos. Em contrapartida, os combust\\u00edveis \\u2014 especialmente petr\\u00f3leo e g\\u00e1s natural \\u2014 registraram quedas significativas.<\\\/p>\",\"margin\":\"large\",\"margin_remove_top\":true}},{\"type\":\"html\",\"props\":{\"content\":\"[table id= 42]\",\"content_pt_br\":\"[table id= 45]\"},\"name\":\"Tabla - Tasa de variaci\\u00f3n real de los precios internacionales de materias primas\"},{\"type\":\"html\",\"props\":{\"content\":\"<iframe scrolling=\\\"no\\\" frameborder=\\\"0\\\" title=\\\"Interactive or visual content\\\" sandbox=\\\"allow-same-origin allow-forms allow-scripts allow-downloads allow-popups allow-popups-to-escape-sandbox allow-top-navigation-by-user-activation\\\" style=\\\"width: 100%; height: 600px;\\\" src=\\\"https:\\\/\\\/flo.uri.sh\\\/visualisation\\\/24856292\\\/embed?auto=1\\\"><\\\/iframe>\",\"content_pt_br\":\"<iframe scrolling=\\\"no\\\" frameborder=\\\"0\\\" title=\\\"Interactive or visual content\\\" sandbox=\\\"allow-same-origin allow-forms allow-scripts allow-downloads allow-popups allow-popups-to-escape-sandbox allow-top-navigation-by-user-activation\\\" style=\\\"width: 100%; height: 600px;\\\" src=\\\"https:\\\/\\\/flo.uri.sh\\\/visualisation\\\/24938454\\\/embed?auto=1\\\"><\\\/iframe>\"},\"name\":\"Gr\\u00e1fica externa - Tasa de crecimiento esperada del PBI\"},{\"type\":\"divider\",\"props\":{\"divider_element\":\"hr\"},\"name\":\"L\\u00ednea divisoria\"},{\"type\":\"headline\",\"props\":{\"content\":\"\n\n<ul>\\n\n\n<li>\\n\n\n<h5><em>Evoluci\\u00f3n de los tipos de cambio<\\\/em><\\\/h5>\\n<\\\/li>\\n<\\\/ul>\",\"content_pt_br\":\"\n\n<ul>\\n\n\n<li>\\n\n\n<h5><em>Evolu\\u00e7\\u00e3o das taxas de c\\u00e2mbio<\\\/em><\\\/h5>\\n<\\\/li>\\n<\\\/ul>\",\"title_color\":\"secondary\",\"title_element\":\"h2\",\"title_style\":\"h5\"},\"name\":\"Subt\\u00edtulo con bullet - Evoluci\\u00f3n de los precios internacionales de las materias primas\"},{\"type\":\"text\",\"props\":{\"column_breakpoint\":\"m\",\"content\":\"\n\n<p>En el segundo trimestre de 2025, el entorno econ\\u00f3mico internacional estuvo marcado por una depreciaci\\u00f3n del d\\u00f3lar frente al euro y al renminbi, tendencia que tambi\\u00e9n se reflej\\u00f3 en varias monedas de la regi\\u00f3n ALADI.<\\\/p>\\n\\n\n\n<p>Al comparar los valores promedio de abril-junio frente a enero-marzo de 2025, se observan apreciaciones de las monedas de Brasil (-3,2%), M\\u00e9xico (-4,4%), Uruguay (-3,2%) y Per\\u00fa (-1,1%). En contraste, en pa\\u00edses como Argentina (+8,8%), Colombia (+0,2%), Paraguay (+0,9%) y Venezuela (+48,8%) persistieron depreciaciones, aunque en la mayor\\u00eda de los casos a un ritmo m\\u00e1s moderado que en trimestres anteriores.<\\\/p>\",\"content_pt_br\":\"\n\n<p>No segundo trimestre de 2025, o entorno econ\\u00f4mico internacional esteve marcado pela desvaloriza\\u00e7\\u00e3o do d\\u00f3lar em rela\\u00e7\\u00e3o ao euro e ao renminbi, tend\\u00eancia tamb\\u00e9m refletida em diversas moedas da regi\\u00e3o ALADI.<\\\/p>\\n\\n\n\n<p>Comparando as m\\u00e9dias de abril a junho com as de janeiro a mar\\u00e7o de 2025, observam-se aprecia\\u00e7\\u00f5es nas moedas do Brasil (-3,2%), M\\u00e9xico (-4,4%), Uruguai (-3,2%) e Peru (-1,1%). Em contrapartida, as desvaloriza\\u00e7\\u00f5es persistiram em pa\\u00edses como Argentina (+8,8%), Col\\u00f4mbia (+0,2%), Paraguai (+0,9%) e Venezuela (+48,8%), embora na maioria dos casos em ritmo mais moderado do que em trimestres anteriores.<\\\/p>\",\"margin\":\"large\",\"margin_remove_top\":true}},{\"type\":\"html\",\"props\":{\"content\":\"[table id= 43]\",\"content_pt_br\":\"[table id= 46]\"},\"name\":\"Tabla - Tasa de variaci\\u00f3n de los tipos de cambio\"},{\"type\":\"headline\",\"props\":{\"content\":\"\n\n<ul>\\n\n\n<li>\\n\n\n<h5><em>El comportamiento de los precios al consumidor<\\\/em><\\\/h5>\\n<\\\/li>\\n<\\\/ul>\",\"content_pt_br\":\"\n\n<ul>\\n\n\n<li>\\n\n\n<h5><em>O comportamento dos pre\\u00e7os ao consumidor<\\\/em><\\\/h5>\\n<\\\/li>\\n<\\\/ul>\",\"title_color\":\"secondary\",\"title_element\":\"h2\",\"title_style\":\"h5\"},\"name\":\"Subt\\u00edtulo con bullet - Precios al consumidor\"},{\"type\":\"text\",\"props\":{\"column_breakpoint\":\"m\",\"content\":\"Al cierre del segundo trimestre de 2025, la inflaci\\u00f3n interanual a junio mostr\\u00f3 una moderaci\\u00f3n en la Eurozona y en Estados Unidos, mientras que en China se mantuvo en niveles excepcionalmente bajos. En la Eurozona, la inflaci\\u00f3n se ubic\\u00f3 en torno al rango previsto por el Banco Central Europeo (2%). En Estados Unidos, aunque descendente, permaneci\\u00f3 por encima del objetivo de la Reserva Federal (2%), alcanzando 2,7%. El impacto de los aumentos arancelarios a\\u00fan no se traslad\\u00f3 plenamente a los precios debido al adelantamiento de importaciones de algunos productos y a la ca\\u00edda de los precios de la energ\\u00eda, factores que moderaron su efecto inflacionario. En el caso de China, la inflaci\\u00f3n se mantuvo en torno al 0,1%, muy por debajo de la meta del 3% fijada por el Banco Popular de China, reflejando un contexto de debilidad en la demanda interna.\",\"content_pt_br\":\"No final do segundo trimestre de 2025, a infla\\u00e7\\u00e3o interanual at\\u00e9 junho moderou-se na Zona Euro e nos Estados Unidos, enquanto que na China permaneceu em n\\u00edveis excepcionalmente baixos. Na Zona Euro, a infla\\u00e7\\u00e3o situou-se em torno da faixa prevista pelo Banco Central Europeu (2%). Nos Estados Unidos, embora em queda, manteve-se acima do objetivo da Reserva Federal (Fed, Federal Reserve), atingindo 2,7%. O impacto dos aumentos tarif\\u00e1rios ainda n\\u00e3o se refletiu plenamente nos pre\\u00e7os devido \\u00e0 importa\\u00e7\\u00e3o antecipada de alguns produtos e \\u00e0 queda dos pre\\u00e7os da energia, fatores que moderaram seu efeito inflacion\\u00e1rio. No caso da China, a infla\\u00e7\\u00e3o se manteve em torno de 0,1%, bem abaixo da meta de 3% estabelecida pelo Banco Popular da China, refletindo um contexto de fraca procura interna.\",\"margin\":\"large\",\"margin_remove_top\":true}},{\"type\":\"html\",\"props\":{\"content\":\"<iframe scrolling=\\\"no\\\" frameborder=\\\"0\\\" title=\\\"Interactive or visual content\\\" sandbox=\\\"allow-same-origin allow-forms allow-scripts allow-downloads allow-popups allow-popups-to-escape-sandbox allow-top-navigation-by-user-activation\\\" style=\\\"width: 100%; height: 600px;\\\" src=\\\"https:\\\/\\\/flo.uri.sh\\\/visualisation\\\/24856245\\\/embed?auto=1\\\"><\\\/iframe>\",\"content_pt_br\":\"<iframe scrolling=\\\"no\\\" frameborder=\\\"0\\\" title=\\\"Interactive or visual content\\\" sandbox=\\\"allow-same-origin allow-forms allow-scripts allow-downloads allow-popups allow-popups-to-escape-sandbox allow-top-navigation-by-user-activation\\\" style=\\\"width: 100%; height: 600px;\\\" src=\\\"https:\\\/\\\/flo.uri.sh\\\/visualisation\\\/25141185\\\/embed?auto=1\\\"><\\\/iframe>\"},\"name\":\"Gr\\u00e1fica externa - Inflaci\\u00f3n interanual\"},{\"type\":\"text\",\"props\":{\"column_breakpoint\":\"m\",\"content\":\"\n\n<p>En los pa\\u00edses de la ALADI, la inflaci\\u00f3n present\\u00f3 un comportamiento heterog\\u00e9neo. Varios mostraron se\\u00f1ales claras de desaceleraci\\u00f3n respecto al a\\u00f1o anterior, destacando reducciones significativas en Argentina y, en menor medida, en Chile, Colombia, Per\\u00fa y Uruguay. Otros pa\\u00edses, en cambio, mantuvieron tasas elevadas o registraron aumentos, como Bolivia y Cuba, mientras que Brasil y M\\u00e9xico se ubicaron en niveles moderados.<\\\/p>\",\"content_pt_br\":\"A infla\\u00e7\\u00e3o nos pa\\u00edses da ALADI apresentou um desempenho heterog\\u00eaneo. V\\u00e1rios pa\\u00edses apresentaram sinais claros de desacelera\\u00e7\\u00e3o em rela\\u00e7\\u00e3o ao ano anterior, com redu\\u00e7\\u00f5es significativas na Argentina e, em menor grau, no Chile, Col\\u00f4mbia, Peru e Uruguai. Outros pa\\u00edses, no entanto, mantiveram taxas elevadas ou registraram aumentos, como Bol\\u00edvia e Cuba, enquanto que o Brasil e M\\u00e9xico ficaram em n\\u00edveis moderados.\",\"margin\":\"large\",\"margin_remove_top\":true},\"name\":\"P\\u00e1rrafo de texto\"},{\"type\":\"html\",\"props\":{\"content\":\"[table id= 44]\",\"content_pt_br\":\"[table id= 47]\"},\"name\":\"Tabla - Tasa de variaci\\u00f3n de los precios al consumidor\"},{\"type\":\"text\",\"props\":{\"column_breakpoint\":\"m\",\"content\":\"\n\n<p>Exportaci\\u00f3n de bienes de los pa\\u00edses miembros de la ALADI<\\\/p>\",\"content_pt_br\":\"Exporta\\u00e7\\u00e3o de bens dos pa\\u00edses-membros da ALADI \",\"id\":\"segundo-punto\",\"margin\":\"large\",\"margin_remove_bottom\":true,\"text_color\":\"primary\",\"text_style\":\"lead\"},\"name\":\"Subt\\u00edtulo amarillo - Exportaci\\u00f3n de bienes de los pa\\u00edses miembros\"},{\"type\":\"text\",\"props\":{\"column_breakpoint\":\"m\",\"content\":\"\n\n<p><i>El Indicador Oportuno de Exportaciones Totales de Bienes de la ALADI <\\\/i>registr\\u00f3 un aumento de 3,2% en el segundo trimestre de 2025 respecto al mismo per\\u00edodo de 2024.<\\\/p>\\n\\n\n\n<p>Una vez eliminadas las variaciones estacionales, las exportaciones mostraron un alza de 0,2% en comparaci\\u00f3n con el primer trimestre de 2025.<\\\/p>\",\"content_pt_br\":\"O <I>Indicador Oportuno de Exporta\\u00e7\\u00f5es Totais de Bens da ALADI<\\\/i> registrou um aumento de 3,2% no segundo trimestre de 2025 em compara\\u00e7\\u00e3o com o mesmo per\\u00edodo de 2024.\\n\\nAp\\u00f3s eliminadas as varia\\u00e7\\u00f5es sazonais, as exporta\\u00e7\\u00f5es apresentaram um aumento de 0,2% em compara\\u00e7\\u00e3o com o primeiro trimestre de 2025.\",\"margin\":\"default\",\"margin_remove_top\":false},\"name\":\"P\\u00e1rrafo de texto\"},{\"type\":\"html\",\"props\":{\"content\":\"<iframe scrolling=\\\"no\\\" frameborder=\\\"0\\\" title=\\\"Interactive or visual content\\\" sandbox=\\\"allow-same-origin allow-forms allow-scripts allow-downloads allow-popups allow-popups-to-escape-sandbox allow-top-navigation-by-user-activation\\\" style=\\\"width: 100%; height: 600px;\\\" src=\\\"https:\\\/\\\/flo.uri.sh\\\/visualisation\\\/24856289\\\/embed?auto=1\\\"><\\\/iframe>\",\"content_pt_br\":\"<iframe scrolling=\\\"no\\\" frameborder=\\\"0\\\" title=\\\"Interactive or visual content\\\" sandbox=\\\"allow-same-origin allow-forms allow-scripts allow-downloads allow-popups allow-popups-to-escape-sandbox allow-top-navigation-by-user-activation\\\" style=\\\"width: 100%; height: 600px;\\\" src=\\\"https:\\\/\\\/flo.uri.sh\\\/visualisation\\\/24938449\\\/embed?auto=1\\\"><\\\/iframe>\"},\"name\":\"Gr\\u00e1fica externa - exportaciones totales aladi\"},{\"type\":\"text\",\"props\":{\"column_breakpoint\":\"m\",\"content\":\"\n\n<p>Importaciones de bienes de los pa\\u00edses miembros de la ALADI <\\\/p>\",\"content_pt_br\":\"Importa\\u00e7\\u00f5es de bens dos pa\\u00edses-membros da ALADI\",\"id\":\"tercer-punto\",\"margin\":\"large\",\"margin_remove_bottom\":true,\"text_color\":\"primary\",\"text_style\":\"lead\"},\"name\":\"Subt\\u00edtulo amarillo - Importaciones de bienes \"},{\"type\":\"text\",\"props\":{\"column_breakpoint\":\"m\",\"content\":\"\n\n<p>El <i>Indicador Oportuno de Importaciones Totales de Bienes de la ALADI <\\\/i>creci\\u00f3 6,1% en el segundo trimestre de 2025 en comparaci\\u00f3n con igual per\\u00edodo de 2024.<\\\/p>\",\"content_pt_br\":\"\n\n<p>O <i>Indicador Oportuno de Importa\\u00e7\\u00f5es Totais de Bens da ALADI<\\\/i> cresceu 6,1% no segundo trimestre de 2025 em compara\\u00e7\\u00e3o com o mesmo per\\u00edodo de 2024.<\\\/p>\",\"margin\":\"default\"},\"name\":\"P\\u00e1rrafo de texto\"},{\"type\":\"html\",\"props\":{\"content\":\"<iframe scrolling=\\\"no\\\" frameborder=\\\"0\\\" title=\\\"Interactive or visual content\\\" sandbox=\\\"allow-same-origin allow-forms allow-scripts allow-downloads allow-popups allow-popups-to-escape-sandbox allow-top-navigation-by-user-activation\\\" style=\\\"width: 100%; height: 600px;\\\" src=\\\"https:\\\/\\\/flo.uri.sh\\\/visualisation\\\/24856286\\\/embed?auto=1\\\"><\\\/iframe>\",\"content_pt_br\":\"<iframe scrolling=\\\"no\\\" frameborder=\\\"0\\\" title=\\\"Interactive or visual content\\\" sandbox=\\\"allow-same-origin allow-forms allow-scripts allow-downloads allow-popups allow-popups-to-escape-sandbox allow-top-navigation-by-user-activation\\\" style=\\\"width: 100%; height: 600px;\\\" src=\\\"https:\\\/\\\/flo.uri.sh\\\/visualisation\\\/24938447\\\/embed?auto=1\\\"><\\\/iframe>\"},\"name\":\"Gr\\u00e1fica externa - importaciones totales aladi\"},{\"type\":\"text\",\"props\":{\"column_breakpoint\":\"m\",\"content\":\"\n\n<p>Al analizar el indicador ajustado por estacionalidad, se registr\\u00f3 un crecimiento del 0,4% en las importaciones durante el per\\u00edodo abril-junio de 2025, en comparaci\\u00f3n con el trimestre enero-marzo de 2025.<\\\/p>\",\"content_pt_br\":\"Analisando o indicador com ajuste sazonal, foi registrado um crescimento de 0,4% nas importa\\u00e7\\u00f5es durante o per\\u00edodo de abril - junho de 2025, em compara\\u00e7\\u00e3o com o trimestre de janeiro-mar\\u00e7o de 2025.\",\"margin\":\"default\"},\"name\":\"P\\u00e1rrafo de texto\"},{\"type\":\"text\",\"props\":{\"column_breakpoint\":\"m\",\"content\":\"\n\n<p>Comercio intrarregional<\\\/p>\",\"content_pt_br\":\"Com\\u00e9rcio intrarregional\",\"id\":\"cuarto-punto\",\"margin\":\"large\",\"margin_remove_bottom\":true,\"text_color\":\"primary\",\"text_style\":\"lead\"},\"name\":\"Subt\\u00edtulo amarillo - Importaciones de bienes \"},{\"type\":\"text\",\"props\":{\"column_breakpoint\":\"m\",\"content\":\"El <i>Indicador Oportuno de Comercio Intrarregional de Bienes de la ALADI<\\\/i> mostr\\u00f3 un crecimiento de 9,5% en el segundo trimestre de 2025 frente al mismo per\\u00edodo de 2024. En t\\u00e9rminos desestacionalizados, el comercio intrarregional creci\\u00f3 4,1% respecto al trimestre anterior.\",\"content_pt_br\":\"\n\n<p>O <i> Indicador Oportuno de Com\\u00e9rcio Intrarregional de Bens da ALADI<\\\/i> mostrou um crescimento de 9,5% no segundo trimestre de 2025 em compara\\u00e7\\u00e3o com o mesmo per\\u00edodo de 2024. Em termos dessazonalizados, o com\\u00e9rcio intrarregional cresceu 4,1% em rela\\u00e7\\u00e3o ao trimestre anterior.<\\\/p>\",\"margin\":\"default\"}},{\"type\":\"html\",\"props\":{\"content\":\"<iframe scrolling=\\\"no\\\" frameborder=\\\"0\\\" title=\\\"Interactive or visual content\\\" sandbox=\\\"allow-same-origin allow-forms allow-scripts allow-downloads allow-popups allow-popups-to-escape-sandbox allow-top-navigation-by-user-activation\\\" style=\\\"width: 100%; height: 600px;\\\" src=\\\"https:\\\/\\\/flo.uri.sh\\\/visualisation\\\/24856283\\\/embed?auto=1\\\"><\\\/iframe>\",\"content_pt_br\":\"<iframe scrolling=\\\"no\\\" frameborder=\\\"0\\\" title=\\\"Interactive or visual content\\\" sandbox=\\\"allow-same-origin allow-forms allow-scripts allow-downloads allow-popups allow-popups-to-escape-sandbox allow-top-navigation-by-user-activation\\\" style=\\\"width: 100%; height: 600px;\\\" src=\\\"https:\\\/\\\/flo.uri.sh\\\/visualisation\\\/24922351\\\/embed?auto=1\\\"><\\\/iframe>\"},\"name\":\"Gr\\u00e1fica externa - comercio intrarregional\"},{\"type\":\"text\",\"props\":{\"column_breakpoint\":\"m\",\"content\":\"\n\n<p>Conclusiones <\\\/p>\",\"content_pt_br\":\"Conclus\\u00f5es\",\"id\":\"quinto-punto\",\"margin\":\"default\",\"text_color\":\"primary\",\"text_style\":\"lead\"},\"name\":\"Subt\\u00edtulo amarillo - Importaciones de bienes \"},{\"type\":\"text\",\"props\":{\"column_breakpoint\":\"m\",\"content\":\"\n\n<ul>\\n  \n\n<li><strong>Crecimiento econ\\u00f3mico<\\\/strong>: El FMI proyecta un crecimiento mundial de 3,0% en 2025, 0,2 puntos porcentuales m\\u00e1s que en abril, impulsado por menores aranceles, adelanto de importaciones, mejores condiciones financieras y est\\u00edmulos fiscales. En la ALADI, el crecimiento promedio se estima cercano al 2%, con revisiones al alza en Brasil y a la baja en M\\u00e9xico y Per\\u00fa.<\\\/li>\\n\\n\n\n<li><strong>Precios de materias primas<\\\/strong>: descendieron en promedio 5,3 % en el trimestre, aunque con comportamientos divergentes entre productos: alzas en metales preciosos y fertilizantes, y ca\\u00eddas marcadas en combustibles.<\\\/li>\\n\\n\n\n<li><strong>Tipos de cambio<\\\/strong>: El d\\u00f3lar se depreci\\u00f3 frente al euro y al renminbi, tendencia que tambi\\u00e9n se reflej\\u00f3 en varias monedas de la ALADI, con apreciaciones en Brasil, M\\u00e9xico, Uruguay y Per\\u00fa.<\\\/li>\\n\\n\n\n<li><strong>Inflaci\\u00f3n<\\\/strong>: Se moder\\u00f3 en las principales econom\\u00edas (Eurozona, EE. UU. y China), mientras que en la ALADI el comportamiento fue heterog\\u00e9neo: baj\\u00f3 en Argentina, Chile, Colombia, Per\\u00fa y Uruguay<\\\/li>\\n\\n\n\n<li><strong>Exportaciones<\\\/strong>: Las exportaciones totales de bienes de la ALADI crecieron 3,2% interanual y 0,2% trimestralmente (ajustado por estacionalidad).<\\\/li>\\n\\n\n\n<li><strong>Importaciones<\\\/strong>: Las importaciones de la ALADI crecen 6,1\\u202f% interanual y 0,4% trimestralmente en t\\u00e9rminos ajustados.<\\\/li>\\n\\n\n\n<li><strong>Comercio intrarregional<\\\/strong>: Se expandi\\u00f3 9,5% interanual, mientras que en t\\u00e9rminos desestacionalizados subi\\u00f3 4,1% respecto al trimestre anterior.<\\\/li><\\\/ul>\",\"content_pt_br\":\"\n\n<ul>\n\n<li><strong>Crescimento Econ\\u00f4mico<\\\/strong>: O FMI projeta um crescimento global de 3,0% em 2025, 0,2 pontos percentuais mais que em abril, impulsionado por tarifas menores, importa\\u00e7\\u00f5es antecipadas, melhores condi\\u00e7\\u00f5es financeiras e\\nest\\u00edmulos fiscais. Na regi\\u00e3o da ALADI, o crescimento m\\u00e9dio \\u00e9 estimado em torno de 2%, com revis\\u00f5es em alta no Brasil e em baixa no M\\u00e9xico e Peru.<\\\/li>\\n\\n\n\n<li><strong>Pre\\u00e7os das mat\\u00e9rias-primas<\\\/strong>: Ca\\u00edram em m\\u00e9dia 5,3% no trimestre, embora com comportamentos divergentes entre produtos: aumentos em metais preciosos e fertilizantes e quedas acentuadas em combust\\u00edveis.<\\\/li>\\n\\n\n\n<li><strong>Taxas de C\\u00e2mbio<\\\/strong>: O d\\u00f3lar se desvalorizou em rela\\u00e7\\u00e3o ao euro e ao renminbi, tend\\u00eancia tamb\\u00e9m refletida em v\\u00e1rias moedas da ALADI, com valoriza\\u00e7\\u00f5es no Brasil, M\\u00e9xico, Uruguai e Peru.<\\\/li>\\n\\n\n\n<li><strong>Infla\\u00e7\\u00e3o<\\\/strong>: moderou-se nas principais economias (Zona Euro, EUA e China), enquanto que na ALADI o comportamento foi heterog\\u00eaneo: queda na Argentina, Chile, Col\\u00f4mbia, Peru e Uruguai.<\\\/li>\\n\\n\n\n<li><strong>Exporta\\u00e7\\u00f5es<\\\/strong>: As exporta\\u00e7\\u00f5es totais de bens da ALADI cresceram 3,2% interanual e 0,2% trimestralmente (com ajuste sazonal).<\\\/li>\\n\\n\n\n<li><strong>Importa\\u00e7\\u00f5es<\\\/strong>: As importa\\u00e7\\u00f5es da ALADI crescem 6,1% interanual e 0,4% trimestral, em termos ajustados.<\\\/li>\\n\\n\n\n<li><strong>Com\\u00e9rcio intrarregional<\\\/strong>: expandiu-se 9,5% interanual, enquanto que em termos dessazonalizados\\naumentou 4,1% em rela\\u00e7\\u00e3o ao trimestre anterior.<\\\/li>\",\"margin\":\"default\"}},{\"type\":\"text\",\"props\":{\"column_breakpoint\":\"m\",\"content\":\"\n\n<p>Datos de gr\\u00e1ficas y tablas<\\\/p>\",\"content_pt_br\":\"Dados de gr\\u00e1ficos e tabelas\",\"id\":\"sexto-punto\",\"margin\":\"xlarge\",\"margin_remove_bottom\":true,\"text_color\":\"primary\",\"text_style\":\"lead\"},\"name\":\"Subt\\u00edtulo amarillo -Datos de gr\\u00e1ficas y tablas\"},{\"type\":\"table\",\"props\":{\"image_svg_color\":\"emphasis\",\"link_style\":\"default\",\"link_text\":\"Read more\",\"meta_style\":\"text-meta\",\"show_content\":true,\"show_image\":true,\"show_link\":true,\"show_meta\":true,\"show_title\":true,\"table_hover\":false,\"table_order\":\"1\",\"table_responsive\":\"overflow\",\"table_style\":\"divider\",\"table_width_meta\":\"shrink\",\"table_width_title\":\"shrink\"},\"children\":[{\"type\":\"table_item\",\"props\":{\"content\":\"\n\n<p><a href=\\\"\\\/wp-content\\\/uploads\\\/2025\\\/09\\\/Grafica-0-Indice-de-Incertidumbre-Economica-esp-abrjun25.xlsx\\\" data-type=\\\"link\\\">Indices de incertidumbre econ\\u00f3mica<\\\/a><\\\/p>\",\"content_pt_br\":\"\n\n<p><a href=\\\"\\\/wp-content\\\/uploads\\\/2025\\\/09\\\/Grafica-0-Indices-de-Incerteza-Economica-por-abrjun25.xlsx\\\" data-type=\\\"link\\\">\\u00cdndices de incerteza econ\\u00f4mica\\\/a><\\\/p>\",\"title\":\"\"}},{\"type\":\"table_item\",\"props\":{\"content\":\"\n\n<p><a href=\\\"https:\\\/wp-content\\\/uploads\\\/2025\\\/09\\\/Grafica-1-esp-abrjun2025.xlsx\\\" >Tasa de crecimiento del PBI para el 2025 (FMI)<\\\/a><\\\/p>\",\"content_pt_br\":\"\n\n<p><a href=\\\"https:\\\/wp-content\\\/uploads\\\/2025\\\/09\\\/Grafica-1-por-abrjun2025.xlsx\\\">Taxa de crescimento esperada do PBI para 2025 (FMI)<\\\/a><\\\/p>\",\"title\":\"\"}},{\"type\":\"table_item\",\"props\":{\"content\":\"\n\n<p><a href=\\\"https:\\\/wp-content\\\/uploads\\\/2025\\\/09\\\/Grafica-2-esp-abrjun2025.xlsx\\\">Expectativas de crecimiento para 2025 en pa\\u00edses miembros de la ALADI<\\\/a><\\\/p>\",\"content_pt_br\":\"\n\n<p><a href=\\\"https:\\\/wp-content\\\/uploads\\\/2025\\\/09\\\/Grafica-2-por-abrjun2025.xlsx\\\" data-type=\\\"link\\\" >Taxa de crescimento esperada do PBI para 2025<\\\/a><\\\/p>\",\"title\":\"\"}},{\"type\":\"table_item\",\"props\":{\"content\":\"\n\n<p><a href=\\\"https:\\\/\\\/sitio.aladi.org\\\/wp-content\\\/uploads\\\/2025\\\/09\\\/Grafica-3-esp-abrjun_2025.xlsx\\\" data-type=\\\"link\\\">\\u00cdndice de precios internacionales de las materias primas<\\\/a><\\\/p>\",\"content_pt_br\":\"\n\n<p><a href=\\\"https:\\\/wp-content\\\/uploads\\\/2025\\\/09\\\/Grafica-3-por-abrjun2025.xlsx\\\" data-type=\\\"link\\\" >\\u00cdndice de pre\\u00e7os internacionais das mat\\u00e9rias-primas<\\\/a><\\\/p>\"}},{\"type\":\"table_item\",\"props\":{\"content\":\"\n\n<p><a href=\\\"\\nhttps:\\\/wp-content\\\/uploads\\\/2025\\\/09\\\/Grafica-4-esp-abrjun2025.xlsx\\n#url\\\" data-type=\\\"link\\\" >Inflaci\\u00f3n interanual (en %)<\\\/a><\\\/p>\",\"content_pt_br\":\"\n\n<p><a href=\\\"https:\\\/wp-content\\\/uploads\\\/2025\\\/09\\\/Grafica-4-por-abrjun2025.xlsx\\\" data-type=\\\"link\\\" >Infla\\u00e7\\u00e3o interanual (%)<\\\/a><\\\/p>\"}},{\"type\":\"table_item\",\"props\":{\"content\":\"\n\n<p><a href=\\\"https:\\\/wp-content\\\/uploads\\\/2025\\\/09\\\/Grafica-5-esp-abrjun2025.xlsx\\\" data-type=\\\"link\\\" >Indicador oportuno de exportaciones totales - ALADI<\\\/a><\\\/p>\",\"content_pt_br\":\"\n\n<p><a href=\\\"https:\\\/wp-content\\\/uploads\\\/2025\\\/09\\\/Grafica-5-por-abrjun2025.xlsx\\\" data-type=\\\"link\\\" >Indicador oportuno de exporta\\u00e7\\u00f5es totais \\u2013 ALADI<\\\/a><\\\/p>\"}},{\"type\":\"table_item\",\"props\":{\"content\":\"\n\n<p><a href=\\\"https:\\\/wp-content\\\/uploads\\\/2025\\\/09\\\/Grafica-6-esp-abrjun2025.xlsx\\\" data-type=\\\"link\\\">Indicador oportuno de importaciones totales - ALADI<\\\/a><\\\/p>\",\"content_pt_br\":\"\n\n<p><a href=\\\"https:\\\/wp-content\\\/uploads\\\/2025\\\/09\\\/Grafica-6-por-abrjun2025.xlsx\\\" data-type=\\\"link\\\">Indicador oportuno de importa\\u00e7\\u00f5es totais \\u2013 ALADI<\\\/a><\\\/p>\"}},{\"type\":\"table_item\",\"props\":{\"content\":\"\n\n<p><a href=\\\"https:\\\/wp-content\\\/uploads\\\/2025\\\/09\\\/Grafica-7-esp-abrjun.2025.xlsx\\\" data-type=\\\"link\\\" >Indicador oportuno de comercio intrarregional<\\\/a><\\\/p>\",\"content_pt_br\":\"\n\n<p><a href=\\\"https:\\\/wp-content\\\/uploads\\\/2025\\\/09\\\/Grafica-7-por-abrjun2025.xlsx\\\" data-type=\\\"link\\\" >Indicador oportuno de com\\u00e9rcio intrarregional \\u2013 ALADI<\\\/a><\\\/p>\"}},{\"type\":\"table_item\",\"props\":{\"content\":\"\n\n<p><a href=\\\"https:\\\/wp-content\\\/uploads\\\/2025\\\/09\\\/Tabla-1-esp-abrjun.2025.xlsx\\\" data-type=\\\"link\\\" >Tabla 1. Tasa de variaci\\u00f3n de los precios internacionales de materias primas seleccionadas (en %)<\\\/a><\\\/p>\",\"content_pt_br\":\"\n\n<p><a href=\\\"https:\\\/wp-content\\\/uploads\\\/2025\\\/09\\\/Tabela-1-por-abrjun2025.xlsx\\\" data-type=\\\"link\\\">Tabela 1:Taxa de varia\\u00e7\\u00e3o real dos pre\\u00e7os internacionais de mat\\u00e9rias-primas selecionadas (em %)<\\\/a><\\\/p>\\n\"}},{\"type\":\"table_item\",\"props\":{\"content\":\"\n\n<p><a href=\\\"https:\\\/wp-content\\\/uploads\\\/2025\\\/09\\\/Tabla-2-esp-abrjun.2025.xlsx\\\" data-type=\\\"link\\\" >Tabla 2. Tasa de variaci\\u00f3n de los tipos de cambio de la moneda nacional en relaci\\u00f3n al d\\u00f3lar estadounidense (en %)<\\\/a><\\\/p>\",\"content_pt_br\":\"\n\n<p><a href=\\\"https:\\\/wp-content\\\/uploads\\\/2025\\\/09\\\/Tabela-2-por-abrjun2025.xlsx\\\" data-type=\\\"link\\\">Tabela 2: Varia\\u00e7\\u00e3o das taxas de c\\u00e2mbio da moeda nacional em rela\\u00e7\\u00e3o ao d\\u00f3lar (em %)<\\\/a><\\\/p>\"}},{\"type\":\"table_item\",\"props\":{\"content\":\"\n\n<p><a href=\\\"https:\\\/wp-content\\\/uploads\\\/2025\\\/09\\\/Tabla-3-esp-abrjun.2025.xlsx\\\" data-type=\\\"link\\\" >Tabla 3. Tasa de variaci\\u00f3n anual de los precios al consumidor (en %)<\\\/a><\\\/p>\",\"content_pt_br\":\"\n\n<p><a href=\\\"https:\\\/wp-content\\\/uploads\\\/2025\\\/09\\\/Tabela-3-por-abrjun2025.xlsx\\\" data-type=\\\"link\\\">Tabela 3: Varia\\u00e7\\u00e3o anual dos pre\\u00e7os ao consumidor (em %)<\\\/a><\\\/p>\"}}],\"name\":\"Lista de links\"},{\"type\":\"text\",\"props\":{\"column_breakpoint\":\"m\",\"content\":\"\n\n<p>Metodolog\\u00eda y otros documentos<\\\/p>\",\"content_pt_br\":\"Metodologia e outros documentos\",\"id\":\"septimo-punto\",\"margin\":\"large\",\"margin_remove_bottom\":true,\"text_color\":\"primary\",\"text_style\":\"lead\"},\"name\":\"Subt\\u00edtulo amarillo -Datos de gr\\u00e1ficas y tablas\"},{\"type\":\"text\",\"props\":{\"column_breakpoint\":\"m\",\"content\":\"\n\n<ul>\\n    \n\n<li><a href=\\\"https:\\\/wp-content\\\/uploads\\\/2025\\\/09\\\/MetodologiaTendenciasComercioMR.docx.pdf\\\">Metodolog\\u00eda de construcci\\u00f3n de los indicadores de comercio exterior de la ALADI<\\\/a><\\\/li>\\n    \n\n<li><a href=\\\"https:\\\/wp-content\\\/uploads\\\/2025\\\/09\\\/Bibliografia-esp-abrjun2025.docx-1.pdf\\\" data-type=\\\"link\\\">Bibliograf\\u00eda<\\\/a><\\\/li>\\n    \n\n<li><a href=\\\"https:\\\/wp-content\\\/uploads\\\/2025\\\/09\\\/Bases-de-datos-consultadas-esp-abrjun25.docx-1.pdf\\\" data-type=\\\"link\\\">Bases de datos consultadas<\\\/a><\\\/li>\\n<\\\/ul>\\n\",\"content_pt_br\":\"\n\n<ul>\\n    \n\n<li><a href=\\\"https:\\\/wp-content\\\/uploads\\\/2025\\\/09\\\/MetodologiaTendenciasComercioMR.docx.pdf\\\">Metodologia para constru\\u00e7\\u00e3o de indicadores oportunos de com\\u00e9rcio exterior da ALADI<\\\/a><\\\/li>\\n    \n\n<li><a href=\\\"https:\\\/wp-content\\\/uploads\\\/2025\\\/09\\\/Bibliografia-esp-abrjun2025.docx-1.pdf\\\" data-type=\\\"link\\\">Bibliograf\\u00eda<\\\/a><\\\/li>\\n    \n\n<li><a href=\\\"https:\\\/wp-content\\\/uploads\\\/2025\\\/09\\\/Bases-de-datos-port-abrjun-25.docx.pdf\\\" data-type=\\\"link\\\">Bases de dados consultadas<\\\/a><\\\/li>\\n<\\\/ul>\\n\\n\",\"margin\":\"default\"}},{\"type\":\"divider\",\"props\":{\"divider_element\":\"hr\",\"margin\":\"large\"}},{\"type\":\"headline\",\"props\":{\"content\":\"C\\u00e1psula de Aprendizaje: \\u00bfC\\u00f3mo y para qu\\u00e9  construimos nuestros indicadores oportunos?\",\"title_element\":\"h6\",\"title_style\":\"h6\"}},{\"type\":\"fragment\",\"props\":{\"margin\":\"default\"},\"children\":[{\"type\":\"row\",\"children\":[{\"type\":\"column\",\"props\":{\"image_position\":\"center-center\",\"position_sticky_breakpoint\":\"m\"},\"children\":[{\"type\":\"grid\",\"props\":{\"content_column_breakpoint\":\"m\",\"filter_align\":\"left\",\"filter_all\":true,\"filter_grid_breakpoint\":\"m\",\"filter_grid_width\":\"auto\",\"filter_position\":\"top\",\"filter_style\":\"tab\",\"grid_default\":\"1\",\"grid_medium\":\"3\",\"icon_width\":80,\"image_align\":\"top\",\"image_grid_breakpoint\":\"m\",\"image_grid_width\":\"1-2\",\"image_svg_color\":\"emphasis\",\"item_animation\":true,\"link_style\":\"default\",\"link_text\":\"Read more\",\"margin\":\"default\",\"meta_align\":\"below-title\",\"meta_element\":\"div\",\"meta_style\":\"text-meta\",\"show_content\":true,\"show_image\":true,\"show_link\":true,\"show_meta\":false,\"show_title\":false,\"title_align\":\"top\",\"title_element\":\"h3\",\"title_grid_breakpoint\":\"m\",\"title_grid_width\":\"1-2\",\"title_hover_style\":\"reset\"},\"children\":[{\"type\":\"grid_item\",\"props\":{\"content\":\"\",\"image\":\"wp-content\\\/uploads\\\/2025\\\/09\\\/Indicadoresjpg.jpg\",\"image_focal_point\":\"top-left\",\"link\":\"https:\\\/\\\/campus.aladi-cvf.org\\\/course\\\/index.php?categoryid=8\",\"link_text\":\"Ver\"}},{\"type\":\"grid_item\",\"props\":{\"content\":\"En esta c\\u00e1psula de aprendizaje explicamos el proceso de construcci\\u00f3n de los indicadores oportunos de exportaciones, importaciones y comercio exterior, y tambi\\u00e9n c\\u00f3mo deben ser intepretados.\",\"content_pt_br\":\"En esta c\\u00e1psula de aprendizaje explicamos el proceso de construcci\\u00f3n de los indicadores oportunos de exportaciones, importaciones y comercio exterior, y tambi\\u00e9n c\\u00f3mo deben ser intepretados.\",\"title\":\"\"}}]}]}],\"props\":{\"alignment\":\"center\",\"column_gap\":\"large\",\"width\":\"xlarge\",\"width_expand\":\"right\"}}]}]}]}]}],\"version\":\"4.4.12\"} --><\/p>\n","protected":false},"excerpt":{"rendered":"<p>1. Principales variables que influyen en la evoluci\u00f3n del comercio internacional de bienes de los pa\u00edses miembros de la ALADI 2. Exportaci\u00f3n de bienes de los pa\u00edses miembros de la ALADI 3. Importaciones de bienes de los pa\u00edses miembros de la ALADI 4. Comercio intrarregional 5. Conclusiones 6. Datos de gr\u00e1ficas y tablas 7. Metodolog\u00eda [&hellip;]<\/p>\n","protected":false},"author":12,"featured_media":0,"comment_status":"closed","ping_status":"closed","sticky":false,"template":"","format":"standard","meta":{"_acf_changed":false,"_jetpack_memberships_contains_paid_content":false,"footnotes":""},"categories":[21],"tags":[],"post_flags":[],"class_list":["post-8988","post","type-post","status-publish","format-standard","hentry","category-tenci"],"acf":[],"yoast_head":"<!-- This site is optimized with the Yoast SEO plugin v26.5 - https:\/\/yoast.com\/wordpress\/plugins\/seo\/ -->\n<title>Tend\u00eancias do com\u00e9rcio internacional de bens (abril- junho de 2025)<\/title>\n<meta name=\"robots\" content=\"index, follow, max-snippet:-1, max-image-preview:large, max-video-preview:-1\" \/>\n<meta property=\"og:locale\" content=\"pt_BR\" \/>\n<meta property=\"og:type\" content=\"article\" \/>\n<meta property=\"og:title\" content=\"Tend\u00eancias do com\u00e9rcio internacional de bens (abril- junho de 2025)\" \/>\n<meta property=\"og:url\" content=\"https:\/\/www.aladi.org\/pt\/tendencias-do-comercio-internacional-de-bens-abril-junho-de-2025\/\" \/>\n<meta property=\"og:site_name\" content=\"ALADI\" \/>\n<meta property=\"article:publisher\" content=\"https:\/\/es-la.facebook.com\/people\/ALADI\/100064606213084\/\" \/>\n<meta property=\"article:published_time\" content=\"2025-09-29T12:15:54+00:00\" \/>\n<meta property=\"article:modified_time\" content=\"2025-09-29T12:20:26+00:00\" \/>\n<meta name=\"author\" content=\"Desarrollo ALADI\" \/>\n<meta name=\"twitter:card\" content=\"summary_large_image\" \/>\n<meta name=\"twitter:creator\" content=\"@ALADI_SG\" \/>\n<meta name=\"twitter:site\" content=\"@ALADI_SG\" \/>\n<meta name=\"twitter:label1\" content=\"Written by\" \/>\n\t<meta name=\"twitter:data1\" content=\"Desarrollo ALADI\" \/>\n\t<meta name=\"twitter:label2\" content=\"Est. reading time\" \/>\n\t<meta name=\"twitter:data2\" content=\"8 minutes\" \/>\n<script type=\"application\/ld+json\" class=\"yoast-schema-graph\">{\"@context\":\"https:\/\/schema.org\",\"@graph\":[{\"@type\":\"Article\",\"@id\":\"https:\/\/www.aladi.org\/pt\/tendencias-do-comercio-internacional-de-bens-abril-junho-de-2025\/#article\",\"isPartOf\":{\"@id\":\"https:\/\/www.aladi.org\/pt\/tendencias-do-comercio-internacional-de-bens-abril-junho-de-2025\/\"},\"author\":{\"name\":\"Desarrollo ALADI\",\"@id\":\"https:\/\/www.aladi.org\/#\/schema\/person\/e1a3f6b8dd7c94a53aae40fc7d441a4d\"},\"headline\":\"Tend\u00eancias do com\u00e9rcio internacional de bens (abril- junho de 2025)\",\"datePublished\":\"2025-09-29T12:15:54+00:00\",\"dateModified\":\"2025-09-29T12:20:26+00:00\",\"mainEntityOfPage\":{\"@id\":\"https:\/\/www.aladi.org\/pt\/tendencias-do-comercio-internacional-de-bens-abril-junho-de-2025\/\"},\"wordCount\":1666,\"publisher\":{\"@id\":\"https:\/\/www.aladi.org\/#organization\"},\"articleSection\":[\"Tendencias del comercio internacional\"],\"inLanguage\":\"pt-BR\"},{\"@type\":\"WebPage\",\"@id\":\"https:\/\/www.aladi.org\/pt\/tendencias-do-comercio-internacional-de-bens-abril-junho-de-2025\/\",\"url\":\"https:\/\/www.aladi.org\/pt\/tendencias-do-comercio-internacional-de-bens-abril-junho-de-2025\/\",\"name\":\"Tendencias del comercio internacional de bienes (abril-junio 2025) - ALADI\",\"isPartOf\":{\"@id\":\"https:\/\/www.aladi.org\/#website\"},\"datePublished\":\"2025-09-29T12:15:54+00:00\",\"dateModified\":\"2025-09-29T12:20:26+00:00\",\"breadcrumb\":{\"@id\":\"https:\/\/www.aladi.org\/pt\/tendencias-do-comercio-internacional-de-bens-abril-junho-de-2025\/#breadcrumb\"},\"inLanguage\":\"pt-BR\",\"potentialAction\":[{\"@type\":\"ReadAction\",\"target\":[\"https:\/\/www.aladi.org\/pt\/tendencias-do-comercio-internacional-de-bens-abril-junho-de-2025\/\"]}]},{\"@type\":\"BreadcrumbList\",\"@id\":\"https:\/\/www.aladi.org\/pt\/tendencias-do-comercio-internacional-de-bens-abril-junho-de-2025\/#breadcrumb\",\"itemListElement\":[{\"@type\":\"ListItem\",\"position\":1,\"name\":\"Home\",\"item\":\"https:\/\/www.aladi.org\/\"},{\"@type\":\"ListItem\",\"position\":2,\"name\":\"Tend\u00eancias do com\u00e9rcio internacional de bens (abril- junho de 2025)\"}]},{\"@type\":\"WebSite\",\"@id\":\"https:\/\/www.aladi.org\/pt\/#website\",\"url\":\"https:\/\/www.aladi.org\/pt\/\",\"name\":\"ALADI\",\"description\":\"Asociaci\u00f3n Latinoamericana de Integraci\u00f3n\",\"publisher\":{\"@id\":\"https:\/\/www.aladi.org\/pt\/#organization\"},\"potentialAction\":[{\"@type\":\"SearchAction\",\"target\":{\"@type\":\"EntryPoint\",\"urlTemplate\":\"https:\/\/www.aladi.org\/pt\/?s={search_term_string}\"},\"query-input\":{\"@type\":\"PropertyValueSpecification\",\"valueRequired\":true,\"valueName\":\"search_term_string\"}}],\"inLanguage\":\"pt-BR\"},{\"@type\":\"Organization\",\"@id\":\"https:\/\/www.aladi.org\/pt\/#organization\",\"name\":\"ALADI\",\"url\":\"https:\/\/www.aladi.org\/pt\/\",\"logo\":{\"@type\":\"ImageObject\",\"inLanguage\":\"pt-BR\",\"@id\":\"https:\/\/www.aladi.org\/pt\/#\/schema\/logo\/image\/\",\"url\":\"https:\/\/www.aladi.org\/wp-content\/uploads\/2025\/12\/Logo-ALADI.png\",\"contentUrl\":\"https:\/\/www.aladi.org\/wp-content\/uploads\/2025\/12\/Logo-ALADI.png\",\"width\":375,\"height\":235,\"caption\":\"ALADI\"},\"image\":{\"@id\":\"https:\/\/www.aladi.org\/pt\/#\/schema\/logo\/image\/\"},\"sameAs\":[\"https:\/\/es-la.facebook.com\/people\/ALADI\/100064606213084\/\",\"https:\/\/x.com\/ALADI_SG\",\"https:\/\/www.instagram.com\/aladi_sg\/?hl=es\",\"https:\/\/www.linkedin.com\/company\/aladi\/\",\"https:\/\/www.flickr.com\/photos\/aladi\/\",\"https:\/\/www.youtube.com\/channel\/UCrkJWOWHKF6igQmWE8Clnpg\"]},{\"@type\":\"Person\",\"@id\":\"https:\/\/www.aladi.org\/#\/schema\/person\/e1a3f6b8dd7c94a53aae40fc7d441a4d\",\"name\":\"Desarrollo ALADI\",\"image\":{\"@type\":\"ImageObject\",\"inLanguage\":\"pt-BR\",\"@id\":\"https:\/\/www.aladi.org\/#\/schema\/person\/image\/\",\"url\":\"https:\/\/secure.gravatar.com\/avatar\/e9d24d1780e1f774df87e2eac41826197c1a7fc05e26b078619fa7105a029f13?s=96&d=mm&r=g\",\"contentUrl\":\"https:\/\/secure.gravatar.com\/avatar\/e9d24d1780e1f774df87e2eac41826197c1a7fc05e26b078619fa7105a029f13?s=96&d=mm&r=g\",\"caption\":\"Desarrollo ALADI\"},\"url\":\"https:\/\/www.aladi.org\/pt\/author\/devaladi\/\"}]}<\/script>\n<!-- \/ Yoast SEO plugin. -->","yoast_head_json":{"title":"Tend\u00eancias do com\u00e9rcio internacional de bens (abril- junho de 2025)","robots":{"index":"index","follow":"follow","max-snippet":"max-snippet:-1","max-image-preview":"max-image-preview:large","max-video-preview":"max-video-preview:-1"},"og_locale":"pt_BR","og_type":"article","og_title":"Tend\u00eancias do com\u00e9rcio internacional de bens (abril- junho de 2025)","og_url":"https:\/\/www.aladi.org\/pt\/tendencias-do-comercio-internacional-de-bens-abril-junho-de-2025\/","og_site_name":"ALADI","article_publisher":"https:\/\/es-la.facebook.com\/people\/ALADI\/100064606213084\/","article_published_time":"2025-09-29T12:15:54+00:00","article_modified_time":"2025-09-29T12:20:26+00:00","author":"Desarrollo ALADI","twitter_card":"summary_large_image","twitter_creator":"@ALADI_SG","twitter_site":"@ALADI_SG","twitter_misc":{"Written by":"Desarrollo ALADI","Est. reading time":"8 minutes"},"schema":{"@context":"https:\/\/schema.org","@graph":[{"@type":"Article","@id":"https:\/\/www.aladi.org\/pt\/tendencias-do-comercio-internacional-de-bens-abril-junho-de-2025\/#article","isPartOf":{"@id":"https:\/\/www.aladi.org\/pt\/tendencias-do-comercio-internacional-de-bens-abril-junho-de-2025\/"},"author":{"name":"Desarrollo ALADI","@id":"https:\/\/www.aladi.org\/#\/schema\/person\/e1a3f6b8dd7c94a53aae40fc7d441a4d"},"headline":"Tend\u00eancias do com\u00e9rcio internacional de bens (abril- junho de 2025)","datePublished":"2025-09-29T12:15:54+00:00","dateModified":"2025-09-29T12:20:26+00:00","mainEntityOfPage":{"@id":"https:\/\/www.aladi.org\/pt\/tendencias-do-comercio-internacional-de-bens-abril-junho-de-2025\/"},"wordCount":1666,"publisher":{"@id":"https:\/\/www.aladi.org\/#organization"},"articleSection":["Tendencias del comercio internacional"],"inLanguage":"pt-BR"},{"@type":"WebPage","@id":"https:\/\/www.aladi.org\/pt\/tendencias-do-comercio-internacional-de-bens-abril-junho-de-2025\/","url":"https:\/\/www.aladi.org\/pt\/tendencias-do-comercio-internacional-de-bens-abril-junho-de-2025\/","name":"Tendencias del comercio internacional de bienes (abril-junio 2025) - ALADI","isPartOf":{"@id":"https:\/\/www.aladi.org\/#website"},"datePublished":"2025-09-29T12:15:54+00:00","dateModified":"2025-09-29T12:20:26+00:00","breadcrumb":{"@id":"https:\/\/www.aladi.org\/pt\/tendencias-do-comercio-internacional-de-bens-abril-junho-de-2025\/#breadcrumb"},"inLanguage":"pt-BR","potentialAction":[{"@type":"ReadAction","target":["https:\/\/www.aladi.org\/pt\/tendencias-do-comercio-internacional-de-bens-abril-junho-de-2025\/"]}]},{"@type":"BreadcrumbList","@id":"https:\/\/www.aladi.org\/pt\/tendencias-do-comercio-internacional-de-bens-abril-junho-de-2025\/#breadcrumb","itemListElement":[{"@type":"ListItem","position":1,"name":"Home","item":"https:\/\/www.aladi.org\/"},{"@type":"ListItem","position":2,"name":"Tend\u00eancias do com\u00e9rcio internacional de bens (abril- junho de 2025)"}]},{"@type":"WebSite","@id":"https:\/\/www.aladi.org\/pt\/#website","url":"https:\/\/www.aladi.org\/pt\/","name":"ALADI","description":"Asociaci\u00f3n Latinoamericana de Integraci\u00f3n","publisher":{"@id":"https:\/\/www.aladi.org\/pt\/#organization"},"potentialAction":[{"@type":"SearchAction","target":{"@type":"EntryPoint","urlTemplate":"https:\/\/www.aladi.org\/pt\/?s={search_term_string}"},"query-input":{"@type":"PropertyValueSpecification","valueRequired":true,"valueName":"search_term_string"}}],"inLanguage":"pt-BR"},{"@type":"Organization","@id":"https:\/\/www.aladi.org\/pt\/#organization","name":"ALADI","url":"https:\/\/www.aladi.org\/pt\/","logo":{"@type":"ImageObject","inLanguage":"pt-BR","@id":"https:\/\/www.aladi.org\/pt\/#\/schema\/logo\/image\/","url":"https:\/\/www.aladi.org\/wp-content\/uploads\/2025\/12\/Logo-ALADI.png","contentUrl":"https:\/\/www.aladi.org\/wp-content\/uploads\/2025\/12\/Logo-ALADI.png","width":375,"height":235,"caption":"ALADI"},"image":{"@id":"https:\/\/www.aladi.org\/pt\/#\/schema\/logo\/image\/"},"sameAs":["https:\/\/es-la.facebook.com\/people\/ALADI\/100064606213084\/","https:\/\/x.com\/ALADI_SG","https:\/\/www.instagram.com\/aladi_sg\/?hl=es","https:\/\/www.linkedin.com\/company\/aladi\/","https:\/\/www.flickr.com\/photos\/aladi\/","https:\/\/www.youtube.com\/channel\/UCrkJWOWHKF6igQmWE8Clnpg"]},{"@type":"Person","@id":"https:\/\/www.aladi.org\/#\/schema\/person\/e1a3f6b8dd7c94a53aae40fc7d441a4d","name":"Desarrollo ALADI","image":{"@type":"ImageObject","inLanguage":"pt-BR","@id":"https:\/\/www.aladi.org\/#\/schema\/person\/image\/","url":"https:\/\/secure.gravatar.com\/avatar\/e9d24d1780e1f774df87e2eac41826197c1a7fc05e26b078619fa7105a029f13?s=96&d=mm&r=g","contentUrl":"https:\/\/secure.gravatar.com\/avatar\/e9d24d1780e1f774df87e2eac41826197c1a7fc05e26b078619fa7105a029f13?s=96&d=mm&r=g","caption":"Desarrollo ALADI"},"url":"https:\/\/www.aladi.org\/pt\/author\/devaladi\/"}]}},"jetpack_featured_media_url":"","jetpack_sharing_enabled":true,"_links":{"self":[{"href":"https:\/\/www.aladi.org\/pt\/wp-json\/wp\/v2\/posts\/8988","targetHints":{"allow":["GET"]}}],"collection":[{"href":"https:\/\/www.aladi.org\/pt\/wp-json\/wp\/v2\/posts"}],"about":[{"href":"https:\/\/www.aladi.org\/pt\/wp-json\/wp\/v2\/types\/post"}],"author":[{"embeddable":true,"href":"https:\/\/www.aladi.org\/pt\/wp-json\/wp\/v2\/users\/12"}],"replies":[{"embeddable":true,"href":"https:\/\/www.aladi.org\/pt\/wp-json\/wp\/v2\/comments?post=8988"}],"version-history":[{"count":13,"href":"https:\/\/www.aladi.org\/pt\/wp-json\/wp\/v2\/posts\/8988\/revisions"}],"predecessor-version":[{"id":9002,"href":"https:\/\/www.aladi.org\/pt\/wp-json\/wp\/v2\/posts\/8988\/revisions\/9002"}],"wp:attachment":[{"href":"https:\/\/www.aladi.org\/pt\/wp-json\/wp\/v2\/media?parent=8988"}],"wp:term":[{"taxonomy":"category","embeddable":true,"href":"https:\/\/www.aladi.org\/pt\/wp-json\/wp\/v2\/categories?post=8988"},{"taxonomy":"post_tag","embeddable":true,"href":"https:\/\/www.aladi.org\/pt\/wp-json\/wp\/v2\/tags?post=8988"},{"taxonomy":"post_flag","embeddable":true,"href":"https:\/\/www.aladi.org\/pt\/wp-json\/wp\/v2\/post_flags?post=8988"}],"curies":[{"name":"wp","href":"https:\/\/api.w.org\/{rel}","templated":true}]}}