{"id":39134,"date":"2026-09-03T16:13:14","date_gmt":"2026-09-03T16:13:14","guid":{"rendered":"https:\/\/www.aladi.org\/?p=39134"},"modified":"2026-09-03T16:13:42","modified_gmt":"2026-09-03T16:13:42","slug":"adhemar-guzman-ballivian-secretario-general-aladi","status":"publish","type":"post","link":"https:\/\/www.aladi.org\/pt\/adhemar-guzman-ballivian-secretario-general-aladi-pt\/","title":{"rendered":"Adhemar Guzm\u00e1n Ballivi\u00e1n assumir\u00e1 como Secret\u00e1rio-Geral da ALADI para o per\u00edodo 2026-2029"},"content":{"rendered":"<p class=\"isSelectedEnd\"><strong>O ex-ministro boliviano foi designado por consenso pelo Conselho de Ministros das Rela\u00e7\u00f5es Exteriores da ALADI. Durante a reuni\u00e3o, destacou seu compromisso com a integra\u00e7\u00e3o regional e com o fortalecimento do papel da Associa\u00e7\u00e3o como foro de negocia\u00e7\u00e3o.<\/strong><\/p>\n<p class=\"isSelectedEnd\">O Conselho de Ministros das Rela\u00e7\u00f5es Exteriores da ALADI designou por consenso <strong>Adhemar Guzm\u00e1n Ballivi\u00e1n como Secret\u00e1rio-Geral da Associa\u00e7\u00e3o para o per\u00edodo 2026-2029<\/strong>, a partir de 22 de setembro de 2026, por meio da Resolu\u00e7\u00e3o 91.<\/p>\n<p class=\"isSelectedEnd\">Guzm\u00e1n Ballivi\u00e1n agradeceu aos Ministros pela confian\u00e7a expressada e destacou que a designa\u00e7\u00e3o representa uma grande honra e a oportunidade de participar dos desafios e das a\u00e7\u00f5es que est\u00e3o a cargo da Associa\u00e7\u00e3o.<\/p>\n<p class=\"isSelectedEnd\">Ao assumir sua designa\u00e7\u00e3o, expressou seu compromisso de dedicar seus m\u00e1ximos esfor\u00e7os ao cumprimento das fun\u00e7\u00f5es que cabem \u00e0 Secretaria-Geral no \u00e2mbito do Tratado de Montevid\u00e9u de 1980.<\/p>\n<blockquote>\n<p class=\"isSelectedEnd\"><em>\u201cEstou convencido de que, embora o atual contexto internacional seja caracterizado pela fragmenta\u00e7\u00e3o, instabilidade e incerteza, a ALADI, com seu potencial normativo e comercial, nos ajudar\u00e1 a transformar essas dificuldades em oportunidades e, assim, poderemos avan\u00e7ar rumo a uma integra\u00e7\u00e3o mais profunda e promissora\u201d.<\/em><\/p>\n<\/blockquote>\n<p class=\"isSelectedEnd\">Nesse sentido, Guzm\u00e1n Ballivi\u00e1n apontou como um dos principais desafios de sua gest\u00e3o <strong>fortalecer o papel da ALADI como foro de negocia\u00e7\u00e3o, valorizar a integra\u00e7\u00e3o latino-americana e dar maior visibilidade internacional ao processo de integra\u00e7\u00e3o<\/strong>.<\/p>\n<blockquote>\n<p class=\"isSelectedEnd\"><em>\u201cEsses desafios nos convocam e nos comprometem a realizar os maiores esfor\u00e7os para fortalecer o papel da ALADI como foro de negocia\u00e7\u00e3o, com for\u00e7a e vontade catalisadora, valorizar a integra\u00e7\u00e3o latino-americana e dar maior visibilidade internacional ao nosso processo, para que a Associa\u00e7\u00e3o ocupe um lugar de destaque no concerto internacional\u201d.<\/em><\/p>\n<\/blockquote>\n<h3>Um perfil ligado ao com\u00e9rcio e ao desenvolvimento produtivo<\/h3>\n<p class=\"isSelectedEnd\">Adhemar Guzm\u00e1n Ballivi\u00e1n \u00e9 formado em Administra\u00e7\u00e3o de Empresas pela Universidad Cat\u00f3lica Boliviana e possui Mestrado em Administra\u00e7\u00e3o P\u00fablica pelo Centro de Investigaci\u00f3n y Docencia Econ\u00f3micas (CIDE), do M\u00e9xico.<\/p>\n<p class=\"isSelectedEnd\">No setor p\u00fablico, atuou como <strong>Ministro de Desenvolvimento Produtivo e Economia Plural da Bol\u00edvia (2020)<\/strong> e como <strong>Vice-Ministro de Com\u00e9rcio Interno (2019-2020)<\/strong> e de <strong>Exporta\u00e7\u00f5es (1997-2002)<\/strong>.<\/p>\n<p class=\"isSelectedEnd\">Tamb\u00e9m possui experi\u00eancia no setor empresarial e exportador. Foi Vice-Presidente Executivo da Curtiembre Illimani S.A., empresa ligada \u00e0 ind\u00fastria e \u00e0 exporta\u00e7\u00e3o de couros, e exerceu a presid\u00eancia da C\u00e1mara Nacional de Exportadores de Bolivia e da C\u00e1mara de Exportadores de La Paz. Tamb\u00e9m atuou como Diretor da Confederaci\u00f3n de Empresarios Privados de Bolivia.<\/p>\n<p class=\"isSelectedEnd\">Foi consultor de entidades do setor p\u00fablico e de organismos internacionais, entre eles a Comunidad Andina de Naciones (CAN) e a Organiza\u00e7\u00e3o das Na\u00e7\u00f5es Unidas para o Desenvolvimento Industrial (ONUDI). Tamb\u00e9m desenvolveu atividades acad\u00eamicas em institui\u00e7\u00f5es da Bol\u00edvia e do M\u00e9xico.<\/p>\n<h3>Bol\u00edvia destacou o consenso alcan\u00e7ado<\/h3>\n<p class=\"isSelectedEnd\">Ao apresentar a candidatura de Guzm\u00e1n Ballivi\u00e1n ao Conselho de Ministros, o Ministro das Rela\u00e7\u00f5es Exteriores da Bol\u00edvia, <strong>H\u00e9ctor Francisco Huanca Guti\u00e9rrez<\/strong>, expressou seu agradecimento aos pa\u00edses membros pela confian\u00e7a depositada no novo Secret\u00e1rio-Geral.<\/p>\n<p class=\"isSelectedEnd\">O Chanceler boliviano destacou o consenso pol\u00edtico e institucional alcan\u00e7ado e afirmou que, a partir de sua designa\u00e7\u00e3o, Guzm\u00e1n Ballivi\u00e1n assume uma responsabilidade perante o conjunto dos 13 pa\u00edses membros.<\/p>\n<blockquote>\n<p class=\"isSelectedEnd\"><em>\u201cSua origem \u00e9 boliviana, sua responsabilidade, a partir de hoje, \u00e9 a Am\u00e9rica Latina. Confiamos que exercer\u00e1 esta alta fun\u00e7\u00e3o com independ\u00eancia, equil\u00edbrio, capacidade t\u00e9cnica e permanente disposi\u00e7\u00e3o ao di\u00e1logo e \u00e0 constru\u00e7\u00e3o de consensos\u201d.<\/em><\/p>\n<\/blockquote>\n<p>Ao se referir ao processo de integra\u00e7\u00e3o regional, Guzm\u00e1n Ballivi\u00e1n tamb\u00e9m expressou seu reconhecimento ao Secret\u00e1rio-Geral cessante, Sergio Abreu, por seu compromisso e contribui\u00e7\u00e3o para a integra\u00e7\u00e3o regional.<\/p>\n","protected":false},"excerpt":{"rendered":"<p>O ex-ministro boliviano foi designado por consenso pelo Conselho de Ministros das Rela\u00e7\u00f5es Exteriores da ALADI. Durante a reuni\u00e3o, destacou seu compromisso com a integra\u00e7\u00e3o regional e com o fortalecimento do papel da Associa\u00e7\u00e3o como foro de negocia\u00e7\u00e3o.<\/p>\n","protected":false},"author":3,"featured_media":39135,"comment_status":"closed","ping_status":"closed","sticky":false,"template":"","format":"standard","meta":{"_acf_changed":false,"_jetpack_memberships_contains_paid_content":false,"footnotes":""},"categories":[15],"tags":[],"post_flags":[],"class_list":["post-39134","post","type-post","status-publish","format-standard","has-post-thumbnail","hentry","category-publicaciones"],"acf":[],"yoast_head":"<!-- This site is optimized with the Yoast SEO plugin v26.5 - https:\/\/yoast.com\/wordpress\/plugins\/seo\/ -->\n<title>Adhemar Guzm\u00e1n Ballivi\u00e1n assumir\u00e1 como Secret\u00e1rio-Geral da ALADI para o per\u00edodo 2026-2029<\/title>\n<meta name=\"description\" content=\"O ex-ministro boliviano foi designado por consenso pelo Conselho de Ministros das Rela\u00e7\u00f5es Exteriores da ALADI. Durante a reuni\u00e3o, destacou seu compromisso com a integra\u00e7\u00e3o regional e com o fortalecimento do papel da Associa\u00e7\u00e3o como foro de negocia\u00e7\u00e3o.\" \/>\n<meta name=\"robots\" content=\"index, follow, max-snippet:-1, max-image-preview:large, max-video-preview:-1\" \/>\n<link rel=\"canonical\" href=\"http:\/\/O%20ex-ministro%20boliviano%20foi%20designado%20por%20consenso%20pelo%20Conselho%20de%20Ministros%20das%20Rela\u00e7\u00f5es%20Exteriores%20da%20ALADI.%20Durante%20a%20reuni\u00e3o,%20destacou%20seu%20compromisso%20com%20a%20integra\u00e7\u00e3o%20regional%20e%20com%20o%20fortalecimento%20do%20papel%20da%20Associa\u00e7\u00e3o%20como%20foro%20de%20negocia\u00e7\u00e3o.\" \/>\n<meta property=\"og:locale\" content=\"pt_BR\" \/>\n<meta property=\"og:type\" content=\"article\" \/>\n<meta property=\"og:title\" content=\"Adhemar Guzm\u00e1n Ballivi\u00e1n assumir\u00e1 como Secret\u00e1rio-Geral da ALADI para o per\u00edodo 2026-2029\" \/>\n<meta property=\"og:description\" content=\"O ex-ministro boliviano foi designado por consenso pelo Conselho de Ministros das Rela\u00e7\u00f5es Exteriores da ALADI. Durante a reuni\u00e3o, destacou seu compromisso com a integra\u00e7\u00e3o regional e com o fortalecimento do papel da Associa\u00e7\u00e3o como foro de negocia\u00e7\u00e3o.\" \/>\n<meta property=\"og:url\" content=\"https:\/\/www.aladi.org\/pt\/adhemar-guzman-ballivian-secretario-general-aladi-pt\/\" \/>\n<meta property=\"og:site_name\" content=\"ALADI\" \/>\n<meta property=\"article:publisher\" content=\"https:\/\/es-la.facebook.com\/people\/ALADI\/100064606213084\/\" \/>\n<meta property=\"article:published_time\" content=\"2026-09-03T16:13:14+00:00\" \/>\n<meta property=\"article:modified_time\" content=\"2026-09-03T16:13:42+00:00\" \/>\n<meta property=\"og:image\" content=\"https:\/\/www.aladi.org\/wp-content\/uploads\/2026\/09\/img-com-prensa-sg-electo.png\" \/>\n\t<meta property=\"og:image:width\" content=\"1920\" \/>\n\t<meta property=\"og:image:height\" content=\"900\" \/>\n\t<meta property=\"og:image:type\" content=\"image\/png\" \/>\n<meta name=\"author\" content=\"vsoaresdelima\" \/>\n<meta name=\"twitter:card\" content=\"summary_large_image\" \/>\n<meta name=\"twitter:creator\" content=\"@ALADI_SG\" \/>\n<meta name=\"twitter:site\" content=\"@ALADI_SG\" \/>\n<meta name=\"twitter:label1\" content=\"Written by\" \/>\n\t<meta name=\"twitter:data1\" content=\"vsoaresdelima\" \/>\n\t<meta name=\"twitter:label2\" content=\"Est. reading time\" \/>\n\t<meta name=\"twitter:data2\" content=\"3 minutes\" \/>\n<script type=\"application\/ld+json\" class=\"yoast-schema-graph\">{\"@context\":\"https:\/\/schema.org\",\"@graph\":[{\"@type\":\"Article\",\"@id\":\"https:\/\/www.aladi.org\/pt\/adhemar-guzman-ballivian-secretario-general-aladi-pt\/#article\",\"isPartOf\":{\"@id\":\"https:\/\/www.aladi.org\/pt\/adhemar-guzman-ballivian-secretario-general-aladi-pt\/\"},\"author\":{\"name\":\"vsoaresdelima\",\"@id\":\"https:\/\/www.aladi.org\/#\/schema\/person\/00d87afb58ad41856e7df1dbcc5fdd61\"},\"headline\":\"Adhemar Guzm\u00e1n Ballivi\u00e1n assumir\u00e1 como Secret\u00e1rio-Geral da ALADI para o per\u00edodo 2026-2029\",\"datePublished\":\"2026-09-03T16:13:14+00:00\",\"dateModified\":\"2026-09-03T16:13:42+00:00\",\"mainEntityOfPage\":{\"@id\":\"https:\/\/www.aladi.org\/pt\/adhemar-guzman-ballivian-secretario-general-aladi-pt\/\"},\"wordCount\":676,\"publisher\":{\"@id\":\"https:\/\/www.aladi.org\/#organization\"},\"image\":{\"@id\":\"https:\/\/www.aladi.org\/pt\/adhemar-guzman-ballivian-secretario-general-aladi-pt\/#primaryimage\"},\"thumbnailUrl\":\"https:\/\/www.aladi.org\/wp-content\/uploads\/2026\/09\/img-com-prensa-sg-electo.png\",\"articleSection\":[\"Comunicados de imprensa\"],\"inLanguage\":\"pt-BR\"},{\"@type\":\"WebPage\",\"@id\":\"https:\/\/www.aladi.org\/pt\/adhemar-guzman-ballivian-secretario-general-aladi-pt\/\",\"url\":\"https:\/\/www.aladi.org\/pt\/adhemar-guzman-ballivian-secretario-general-aladi-pt\/\",\"name\":\"Adhemar Guzm\u00e1n Ballivi\u00e1n, nuevo Secretario General de la ALADI\",\"isPartOf\":{\"@id\":\"https:\/\/www.aladi.org\/#website\"},\"primaryImageOfPage\":{\"@id\":\"https:\/\/www.aladi.org\/pt\/adhemar-guzman-ballivian-secretario-general-aladi-pt\/#primaryimage\"},\"image\":{\"@id\":\"https:\/\/www.aladi.org\/pt\/adhemar-guzman-ballivian-secretario-general-aladi-pt\/#primaryimage\"},\"thumbnailUrl\":\"https:\/\/www.aladi.org\/wp-content\/uploads\/2026\/09\/img-com-prensa-sg-electo.png\",\"datePublished\":\"2026-09-03T16:13:14+00:00\",\"dateModified\":\"2026-09-03T16:13:42+00:00\",\"description\":\"Adhemar Guzm\u00e1n Ballivi\u00e1n fue designado Secretario General de la ALADI para el per\u00edodo 2026-2029. Conoce su trayectoria y sus prioridades.\",\"breadcrumb\":{\"@id\":\"https:\/\/www.aladi.org\/pt\/adhemar-guzman-ballivian-secretario-general-aladi-pt\/#breadcrumb\"},\"inLanguage\":\"pt-BR\",\"potentialAction\":[{\"@type\":\"ReadAction\",\"target\":[\"https:\/\/www.aladi.org\/pt\/adhemar-guzman-ballivian-secretario-general-aladi-pt\/\"]}]},{\"@type\":\"ImageObject\",\"inLanguage\":\"pt-BR\",\"@id\":\"https:\/\/www.aladi.org\/pt\/adhemar-guzman-ballivian-secretario-general-aladi-pt\/#primaryimage\",\"url\":\"https:\/\/www.aladi.org\/wp-content\/uploads\/2026\/09\/img-com-prensa-sg-electo.png\",\"contentUrl\":\"https:\/\/www.aladi.org\/wp-content\/uploads\/2026\/09\/img-com-prensa-sg-electo.png\",\"width\":1920,\"height\":900},{\"@type\":\"BreadcrumbList\",\"@id\":\"https:\/\/www.aladi.org\/pt\/adhemar-guzman-ballivian-secretario-general-aladi-pt\/#breadcrumb\",\"itemListElement\":[{\"@type\":\"ListItem\",\"position\":1,\"name\":\"Home\",\"item\":\"https:\/\/www.aladi.org\/\"},{\"@type\":\"ListItem\",\"position\":2,\"name\":\"Adhemar Guzm\u00e1n Ballivi\u00e1n assumir\u00e1 como Secret\u00e1rio-Geral da ALADI para o per\u00edodo 2026-2029\"}]},{\"@type\":\"WebSite\",\"@id\":\"https:\/\/www.aladi.org\/pt\/#website\",\"url\":\"https:\/\/www.aladi.org\/pt\/\",\"name\":\"ALADI\",\"description\":\"Asociaci\u00f3n Latinoamericana de Integraci\u00f3n\",\"publisher\":{\"@id\":\"https:\/\/www.aladi.org\/pt\/#organization\"},\"potentialAction\":[{\"@type\":\"SearchAction\",\"target\":{\"@type\":\"EntryPoint\",\"urlTemplate\":\"https:\/\/www.aladi.org\/pt\/?s={search_term_string}\"},\"query-input\":{\"@type\":\"PropertyValueSpecification\",\"valueRequired\":true,\"valueName\":\"search_term_string\"}}],\"inLanguage\":\"pt-BR\"},{\"@type\":\"Organization\",\"@id\":\"https:\/\/www.aladi.org\/pt\/#organization\",\"name\":\"ALADI\",\"url\":\"https:\/\/www.aladi.org\/pt\/\",\"logo\":{\"@type\":\"ImageObject\",\"inLanguage\":\"pt-BR\",\"@id\":\"https:\/\/www.aladi.org\/pt\/#\/schema\/logo\/image\/\",\"url\":\"https:\/\/www.aladi.org\/wp-content\/uploads\/2025\/12\/Logo-ALADI.png\",\"contentUrl\":\"https:\/\/www.aladi.org\/wp-content\/uploads\/2025\/12\/Logo-ALADI.png\",\"width\":375,\"height\":235,\"caption\":\"ALADI\"},\"image\":{\"@id\":\"https:\/\/www.aladi.org\/pt\/#\/schema\/logo\/image\/\"},\"sameAs\":[\"https:\/\/es-la.facebook.com\/people\/ALADI\/100064606213084\/\",\"https:\/\/x.com\/ALADI_SG\",\"https:\/\/www.instagram.com\/aladi_sg\/?hl=es\",\"https:\/\/www.linkedin.com\/company\/aladi\/\",\"https:\/\/www.flickr.com\/photos\/aladi\/\",\"https:\/\/www.youtube.com\/channel\/UCrkJWOWHKF6igQmWE8Clnpg\"]},{\"@type\":\"Person\",\"@id\":\"https:\/\/www.aladi.org\/#\/schema\/person\/00d87afb58ad41856e7df1dbcc5fdd61\",\"name\":\"vsoaresdelima\",\"image\":{\"@type\":\"ImageObject\",\"inLanguage\":\"pt-BR\",\"@id\":\"https:\/\/www.aladi.org\/#\/schema\/person\/image\/\",\"url\":\"https:\/\/secure.gravatar.com\/avatar\/33de2cda862c62c8c2bba234e5debe59db46f9f90496cca848fff282d9f16d52?s=96&d=mm&r=g\",\"contentUrl\":\"https:\/\/secure.gravatar.com\/avatar\/33de2cda862c62c8c2bba234e5debe59db46f9f90496cca848fff282d9f16d52?s=96&d=mm&r=g\",\"caption\":\"vsoaresdelima\"},\"url\":\"https:\/\/www.aladi.org\/pt\/author\/vsoaresdelima\/\"}]}<\/script>\n<!-- \/ Yoast SEO plugin. -->","yoast_head_json":{"title":"Adhemar Guzm\u00e1n Ballivi\u00e1n assumir\u00e1 como Secret\u00e1rio-Geral da ALADI para o per\u00edodo 2026-2029","description":"O ex-ministro boliviano foi designado por consenso pelo Conselho de Ministros das Rela\u00e7\u00f5es Exteriores da ALADI. Durante a reuni\u00e3o, destacou seu compromisso com a integra\u00e7\u00e3o regional e com o fortalecimento do papel da Associa\u00e7\u00e3o como foro de negocia\u00e7\u00e3o.","robots":{"index":"index","follow":"follow","max-snippet":"max-snippet:-1","max-image-preview":"max-image-preview:large","max-video-preview":"max-video-preview:-1"},"canonical":"O ex-ministro boliviano foi designado por consenso pelo Conselho de Ministros das Rela\u00e7\u00f5es Exteriores da ALADI. Durante a reuni\u00e3o, destacou seu compromisso com a integra\u00e7\u00e3o regional e com o fortalecimento do papel da Associa\u00e7\u00e3o como foro de negocia\u00e7\u00e3o.","og_locale":"pt_BR","og_type":"article","og_title":"Adhemar Guzm\u00e1n Ballivi\u00e1n assumir\u00e1 como Secret\u00e1rio-Geral da ALADI para o per\u00edodo 2026-2029","og_description":"O ex-ministro boliviano foi designado por consenso pelo Conselho de Ministros das Rela\u00e7\u00f5es Exteriores da ALADI. Durante a reuni\u00e3o, destacou seu compromisso com a integra\u00e7\u00e3o regional e com o fortalecimento do papel da Associa\u00e7\u00e3o como foro de negocia\u00e7\u00e3o.","og_url":"https:\/\/www.aladi.org\/pt\/adhemar-guzman-ballivian-secretario-general-aladi-pt\/","og_site_name":"ALADI","article_publisher":"https:\/\/es-la.facebook.com\/people\/ALADI\/100064606213084\/","article_published_time":"2026-09-03T16:13:14+00:00","article_modified_time":"2026-09-03T16:13:42+00:00","og_image":[{"width":1920,"height":900,"url":"https:\/\/www.aladi.org\/wp-content\/uploads\/2026\/09\/img-com-prensa-sg-electo.png","type":"image\/png"}],"author":"vsoaresdelima","twitter_card":"summary_large_image","twitter_creator":"@ALADI_SG","twitter_site":"@ALADI_SG","twitter_misc":{"Written by":"vsoaresdelima","Est. reading time":"3 minutes"},"schema":{"@context":"https:\/\/schema.org","@graph":[{"@type":"Article","@id":"https:\/\/www.aladi.org\/pt\/adhemar-guzman-ballivian-secretario-general-aladi-pt\/#article","isPartOf":{"@id":"https:\/\/www.aladi.org\/pt\/adhemar-guzman-ballivian-secretario-general-aladi-pt\/"},"author":{"name":"vsoaresdelima","@id":"https:\/\/www.aladi.org\/#\/schema\/person\/00d87afb58ad41856e7df1dbcc5fdd61"},"headline":"Adhemar Guzm\u00e1n Ballivi\u00e1n assumir\u00e1 como Secret\u00e1rio-Geral da ALADI para o per\u00edodo 2026-2029","datePublished":"2026-09-03T16:13:14+00:00","dateModified":"2026-09-03T16:13:42+00:00","mainEntityOfPage":{"@id":"https:\/\/www.aladi.org\/pt\/adhemar-guzman-ballivian-secretario-general-aladi-pt\/"},"wordCount":676,"publisher":{"@id":"https:\/\/www.aladi.org\/#organization"},"image":{"@id":"https:\/\/www.aladi.org\/pt\/adhemar-guzman-ballivian-secretario-general-aladi-pt\/#primaryimage"},"thumbnailUrl":"https:\/\/www.aladi.org\/wp-content\/uploads\/2026\/09\/img-com-prensa-sg-electo.png","articleSection":["Comunicados de imprensa"],"inLanguage":"pt-BR"},{"@type":"WebPage","@id":"https:\/\/www.aladi.org\/pt\/adhemar-guzman-ballivian-secretario-general-aladi-pt\/","url":"https:\/\/www.aladi.org\/pt\/adhemar-guzman-ballivian-secretario-general-aladi-pt\/","name":"Adhemar Guzm\u00e1n Ballivi\u00e1n, nuevo Secretario General de la ALADI","isPartOf":{"@id":"https:\/\/www.aladi.org\/#website"},"primaryImageOfPage":{"@id":"https:\/\/www.aladi.org\/pt\/adhemar-guzman-ballivian-secretario-general-aladi-pt\/#primaryimage"},"image":{"@id":"https:\/\/www.aladi.org\/pt\/adhemar-guzman-ballivian-secretario-general-aladi-pt\/#primaryimage"},"thumbnailUrl":"https:\/\/www.aladi.org\/wp-content\/uploads\/2026\/09\/img-com-prensa-sg-electo.png","datePublished":"2026-09-03T16:13:14+00:00","dateModified":"2026-09-03T16:13:42+00:00","description":"Adhemar Guzm\u00e1n Ballivi\u00e1n fue designado Secretario General de la ALADI para el per\u00edodo 2026-2029. Conoce su trayectoria y sus prioridades.","breadcrumb":{"@id":"https:\/\/www.aladi.org\/pt\/adhemar-guzman-ballivian-secretario-general-aladi-pt\/#breadcrumb"},"inLanguage":"pt-BR","potentialAction":[{"@type":"ReadAction","target":["https:\/\/www.aladi.org\/pt\/adhemar-guzman-ballivian-secretario-general-aladi-pt\/"]}]},{"@type":"ImageObject","inLanguage":"pt-BR","@id":"https:\/\/www.aladi.org\/pt\/adhemar-guzman-ballivian-secretario-general-aladi-pt\/#primaryimage","url":"https:\/\/www.aladi.org\/wp-content\/uploads\/2026\/09\/img-com-prensa-sg-electo.png","contentUrl":"https:\/\/www.aladi.org\/wp-content\/uploads\/2026\/09\/img-com-prensa-sg-electo.png","width":1920,"height":900},{"@type":"BreadcrumbList","@id":"https:\/\/www.aladi.org\/pt\/adhemar-guzman-ballivian-secretario-general-aladi-pt\/#breadcrumb","itemListElement":[{"@type":"ListItem","position":1,"name":"Home","item":"https:\/\/www.aladi.org\/"},{"@type":"ListItem","position":2,"name":"Adhemar Guzm\u00e1n Ballivi\u00e1n assumir\u00e1 como Secret\u00e1rio-Geral da ALADI para o per\u00edodo 2026-2029"}]},{"@type":"WebSite","@id":"https:\/\/www.aladi.org\/pt\/#website","url":"https:\/\/www.aladi.org\/pt\/","name":"ALADI","description":"Asociaci\u00f3n Latinoamericana de Integraci\u00f3n","publisher":{"@id":"https:\/\/www.aladi.org\/pt\/#organization"},"potentialAction":[{"@type":"SearchAction","target":{"@type":"EntryPoint","urlTemplate":"https:\/\/www.aladi.org\/pt\/?s={search_term_string}"},"query-input":{"@type":"PropertyValueSpecification","valueRequired":true,"valueName":"search_term_string"}}],"inLanguage":"pt-BR"},{"@type":"Organization","@id":"https:\/\/www.aladi.org\/pt\/#organization","name":"ALADI","url":"https:\/\/www.aladi.org\/pt\/","logo":{"@type":"ImageObject","inLanguage":"pt-BR","@id":"https:\/\/www.aladi.org\/pt\/#\/schema\/logo\/image\/","url":"https:\/\/www.aladi.org\/wp-content\/uploads\/2025\/12\/Logo-ALADI.png","contentUrl":"https:\/\/www.aladi.org\/wp-content\/uploads\/2025\/12\/Logo-ALADI.png","width":375,"height":235,"caption":"ALADI"},"image":{"@id":"https:\/\/www.aladi.org\/pt\/#\/schema\/logo\/image\/"},"sameAs":["https:\/\/es-la.facebook.com\/people\/ALADI\/100064606213084\/","https:\/\/x.com\/ALADI_SG","https:\/\/www.instagram.com\/aladi_sg\/?hl=es","https:\/\/www.linkedin.com\/company\/aladi\/","https:\/\/www.flickr.com\/photos\/aladi\/","https:\/\/www.youtube.com\/channel\/UCrkJWOWHKF6igQmWE8Clnpg"]},{"@type":"Person","@id":"https:\/\/www.aladi.org\/#\/schema\/person\/00d87afb58ad41856e7df1dbcc5fdd61","name":"vsoaresdelima","image":{"@type":"ImageObject","inLanguage":"pt-BR","@id":"https:\/\/www.aladi.org\/#\/schema\/person\/image\/","url":"https:\/\/secure.gravatar.com\/avatar\/33de2cda862c62c8c2bba234e5debe59db46f9f90496cca848fff282d9f16d52?s=96&d=mm&r=g","contentUrl":"https:\/\/secure.gravatar.com\/avatar\/33de2cda862c62c8c2bba234e5debe59db46f9f90496cca848fff282d9f16d52?s=96&d=mm&r=g","caption":"vsoaresdelima"},"url":"https:\/\/www.aladi.org\/pt\/author\/vsoaresdelima\/"}]}},"jetpack_featured_media_url":"https:\/\/www.aladi.org\/wp-content\/uploads\/2026\/09\/img-com-prensa-sg-electo.png","jetpack_sharing_enabled":true,"_links":{"self":[{"href":"https:\/\/www.aladi.org\/pt\/wp-json\/wp\/v2\/posts\/39134","targetHints":{"allow":["GET"]}}],"collection":[{"href":"https:\/\/www.aladi.org\/pt\/wp-json\/wp\/v2\/posts"}],"about":[{"href":"https:\/\/www.aladi.org\/pt\/wp-json\/wp\/v2\/types\/post"}],"author":[{"embeddable":true,"href":"https:\/\/www.aladi.org\/pt\/wp-json\/wp\/v2\/users\/3"}],"replies":[{"embeddable":true,"href":"https:\/\/www.aladi.org\/pt\/wp-json\/wp\/v2\/comments?post=39134"}],"version-history":[{"count":2,"href":"https:\/\/www.aladi.org\/pt\/wp-json\/wp\/v2\/posts\/39134\/revisions"}],"predecessor-version":[{"id":39137,"href":"https:\/\/www.aladi.org\/pt\/wp-json\/wp\/v2\/posts\/39134\/revisions\/39137"}],"wp:featuredmedia":[{"embeddable":true,"href":"https:\/\/www.aladi.org\/pt\/wp-json\/wp\/v2\/media\/39135"}],"wp:attachment":[{"href":"https:\/\/www.aladi.org\/pt\/wp-json\/wp\/v2\/media?parent=39134"}],"wp:term":[{"taxonomy":"category","embeddable":true,"href":"https:\/\/www.aladi.org\/pt\/wp-json\/wp\/v2\/categories?post=39134"},{"taxonomy":"post_tag","embeddable":true,"href":"https:\/\/www.aladi.org\/pt\/wp-json\/wp\/v2\/tags?post=39134"},{"taxonomy":"post_flag","embeddable":true,"href":"https:\/\/www.aladi.org\/pt\/wp-json\/wp\/v2\/post_flags?post=39134"}],"curies":[{"name":"wp","href":"https:\/\/api.w.org\/{rel}","templated":true}]}}