{"id":39129,"date":"2026-09-02T18:44:04","date_gmt":"2026-09-02T18:44:04","guid":{"rendered":"https:\/\/www.aladi.org\/?p=39129"},"modified":"2026-09-02T18:44:05","modified_gmt":"2026-09-02T18:44:05","slug":"consejo-ministros-aladi-nuevo-secretario-general","status":"publish","type":"post","link":"https:\/\/www.aladi.org\/pt\/consejo-ministros-aladi-nuevo-secretario-general-pt\/","title":{"rendered":"O Conselho de Ministros da ALADI designou Adhemar Guzm\u00e1n Ballivi\u00e1n como Secret\u00e1rio-Geral e estabeleceu diretrizes para a a\u00e7\u00e3o futura da Associa\u00e7\u00e3o"},"content":{"rendered":"<p class=\"cvGsUA block-font-kerning-none block-font-feature-liga-off block-font-feature-clig-off block-font-feature-calt-off direction-ltr align-start\"><strong><span class=\"a_GcMg font-feature-liga-off font-feature-clig-off font-feature-calt-off text-decoration-none text-strikethrough-none\">O Conselho de Ministros das Rela\u00e7\u00f5es Exteriores da ALADI reafirmou o papel da Associa\u00e7\u00e3o como <\/span><\/strong><span class=\"a_GcMg font-feature-liga-off font-feature-clig-off font-feature-calt-off text-decoration-none text-strikethrough-none\"><strong>plataforma-chave para o di\u00e1logo normativo e acordou novas diretrizes para impulsionar o com\u00e9rcio intrarregional, a facilita\u00e7\u00e3o de com\u00e9rcio e a integra\u00e7\u00e3o regional.<\/strong><br \/>\n<\/span><\/p>\n<p class=\"cvGsUA block-font-kerning-none block-font-feature-liga-off block-font-feature-clig-off block-font-feature-calt-off direction-ltr align-justify\"><span class=\"a_GcMg font-feature-liga-off font-feature-clig-off font-feature-calt-off text-decoration-none text-strikethrough-none\">O Conselho de Ministros das Rela\u00e7\u00f5es Exteriores da Associa\u00e7\u00e3o Latino-Americana de Integra\u00e7\u00e3o (ALADI) realizou, neste dia 2 de setembro, em Montevid\u00e9u, sua Vig\u00e9sima Reuni\u00e3o, com a participa\u00e7\u00e3o dos chanceleres e representantes dos treze pa\u00edses-membros.<\/span><\/p>\n<h3 class=\"cvGsUA block-font-kerning-none block-font-feature-liga-off block-font-feature-clig-off block-font-feature-calt-off direction-ltr align-justify\"><span class=\"a_GcMg font-feature-liga-off font-feature-clig-off font-feature-calt-off text-decoration-none text-strikethrough-none\">Novo Secret\u00e1rio-Geral da ALADI<\/span><\/h3>\n<p class=\"cvGsUA block-font-kerning-none block-font-feature-liga-off block-font-feature-clig-off block-font-feature-calt-off direction-ltr align-justify\"><span class=\"a_GcMg font-feature-liga-off font-feature-clig-off font-feature-calt-off text-decoration-none text-strikethrough-none\">Durante a reuni\u00e3o, o Conselho <\/span><strong><span class=\"a_GcMg font-feature-liga-off font-feature-clig-off font-feature-calt-off text-decoration-none text-strikethrough-none\">designou, por consenso, o economista e ex-ministro boliviano Adhemar Guzm\u00e1n Ballivi\u00e1n como Secret\u00e1rio-Geral da ALADI para o per\u00edodo 2026-2029<\/span><\/strong><span class=\"a_GcMg font-feature-liga-off font-feature-clig-off font-feature-calt-off text-decoration-none text-strikethrough-none\">, a partir de 22 de setembro de 2026. A designa\u00e7\u00e3o foi estabelecida por meio da Resolu\u00e7\u00e3o 91. Guzm\u00e1n Ballivi\u00e1n, de destacada trajet\u00f3ria nas \u00e1reas de com\u00e9rcio exterior e desenvolvimento produtivo, agradeceu a confian\u00e7a manifestada pelo Conselho de Ministros e apresentou as principais a\u00e7\u00f5es que impulsionar\u00e1 durante seu per\u00edodo \u00e0 frente da Secretaria-Geral.<\/span><\/p>\n<h3 class=\"cvGsUA block-font-kerning-none block-font-feature-liga-off block-font-feature-clig-off block-font-feature-calt-off direction-ltr align-justify\"><span class=\"a_GcMg font-feature-liga-off font-feature-clig-off font-feature-calt-off text-decoration-none text-strikethrough-none\">Diretrizes para fortalecer a integra\u00e7\u00e3o regional<\/span><\/h3>\n<p class=\"cvGsUA block-font-kerning-none block-font-feature-liga-off block-font-feature-clig-off block-font-feature-calt-off direction-ltr align-justify\"><span class=\"a_GcMg font-feature-liga-off font-feature-clig-off font-feature-calt-off text-decoration-none text-strikethrough-none\">O Conselho aprovou ainda a Resolu\u00e7\u00e3o 90: <\/span><strong><span class=\"a_GcMg font-feature-liga-off font-feature-clig-off font-feature-calt-off text-decoration-none text-strikethrough-none\">\u201cPapel da ALADI como f\u00f3rum negociador e diretrizes para sua a\u00e7\u00e3o futura\u201d<\/span><\/strong><span class=\"a_GcMg font-feature-liga-off font-feature-clig-off font-feature-calt-off text-decoration-none text-strikethrough-none\">, que estabelece orienta\u00e7\u00f5es destinadas a fortalecer a contribui\u00e7\u00e3o da Associa\u00e7\u00e3o para o processo de integra\u00e7\u00e3o latino-americana.<\/span><\/p>\n<p class=\"cvGsUA block-font-kerning-none block-font-feature-liga-off block-font-feature-clig-off block-font-feature-calt-off direction-ltr align-justify\"><span class=\"a_GcMg font-feature-liga-off font-feature-clig-off font-feature-calt-off text-decoration-none text-strikethrough-none\">Nesse contexto, <strong>a<\/strong><\/span><strong><span class=\"a_GcMg font-feature-liga-off font-feature-clig-off font-feature-calt-off text-decoration-none text-strikethrough-none\"> ALADI reafirma seu papel como espa\u00e7o ativo para o entendimento multilateral<\/span><\/strong><span class=\"a_GcMg font-feature-liga-off font-feature-clig-off font-feature-calt-off text-decoration-none text-strikethrough-none\">, priorizando a negocia\u00e7\u00e3o de instrumentos que contribuam para <strong>aumentar o com\u00e9rcio intrarregional, avan\u00e7ar na <\/strong><\/span><strong><span class=\"a_GcMg font-feature-liga-off font-feature-clig-off font-feature-calt-off text-decoration-none text-strikethrough-none\">converg\u00eancia regulat\u00f3ria e facilitar o com\u00e9rcio<\/span><\/strong><span class=\"a_GcMg font-feature-liga-off font-feature-clig-off font-feature-calt-off text-decoration-none text-strikethrough-none\"><strong>.<\/strong> Tamb\u00e9m \u00e9 promovida a continuidade das negocia\u00e7\u00f5es em curso e a negocia\u00e7\u00e3o de novos acordos de alcance parcial e regional.<\/span><\/p>\n<p class=\"cvGsUA block-font-kerning-none block-font-feature-liga-off block-font-feature-clig-off block-font-feature-calt-off direction-ltr align-justify\"><span class=\"a_GcMg font-feature-liga-off font-feature-clig-off font-feature-calt-off text-decoration-none text-strikethrough-none\">A resolu\u00e7\u00e3o estabelece, ainda, uma maior utiliza\u00e7\u00e3o do acervo normativo da Associa\u00e7\u00e3o para<\/span><strong><span class=\"a_GcMg font-feature-liga-off font-feature-clig-off font-feature-calt-off text-decoration-none text-strikethrough-none\"> favorecer o com\u00e9rcio de bens e servi\u00e7os<\/span><\/strong><span class=\"a_GcMg font-feature-liga-off font-feature-clig-off font-feature-calt-off text-decoration-none text-strikethrough-none\">, o com\u00e9rcio digital, os investimentos e a cria\u00e7\u00e3o de cadeias regionais de valor. Al\u00e9m disso, promove uma participa\u00e7\u00e3o mais ampla dos atores econ\u00f4micos e um apoio priorit\u00e1rio \u00e0s mulheres empres\u00e1rias e \u00e0s micro, pequenas e m\u00e9dias empresas (MPMEs).<\/span><\/p>\n<p class=\"cvGsUA block-font-kerning-none block-font-feature-liga-off block-font-feature-clig-off block-font-feature-calt-off direction-ltr align-justify\"><span class=\"a_GcMg font-feature-liga-off font-feature-clig-off font-feature-calt-off text-decoration-none text-strikethrough-none\">Em mat\u00e9ria de transforma\u00e7\u00e3o digital, os pa\u00edses-membros acordaram continuar promovendo ferramentas aplicadas ao com\u00e9rcio regional, incluindo o com\u00e9rcio sem papel, certificados e meios eletr\u00f4nicos, assinatura digital e aplica\u00e7\u00f5es baseadas em intelig\u00eancia artificial. Da mesma forma, acordou-se avan\u00e7ar na <\/span><strong><span class=\"a_GcMg font-feature-liga-off font-feature-clig-off font-feature-calt-off text-decoration-none text-strikethrough-none\">moderniza\u00e7\u00e3o digital interna da Associa\u00e7\u00e3o <\/span><\/strong><span class=\"a_GcMg font-feature-liga-off font-feature-clig-off font-feature-calt-off text-decoration-none text-strikethrough-none\">e na revis\u00e3o de seu sistema de estat\u00edsticas de com\u00e9rcio, com o objetivo de fortalecer a disponibilidade de informa\u00e7\u00f5es para a tomada de decis\u00f5es, a identifica\u00e7\u00e3o de oportunidades e a promo\u00e7\u00e3o do com\u00e9rcio.<\/span><\/p>\n<p class=\"cvGsUA block-font-kerning-none block-font-feature-liga-off block-font-feature-clig-off block-font-feature-calt-off direction-ltr align-justify\"><span class=\"a_GcMg font-feature-liga-off font-feature-clig-off font-feature-calt-off text-decoration-none text-strikethrough-none\">As diretrizes contemplam tamb\u00e9m a\u00e7\u00f5es para fortalecer o Sistema de Apoio aos Pa\u00edses de Menor Desenvolvimento Econ\u00f4mico Relativo (PMDERs), promover o com\u00e9rcio, gerar espa\u00e7os de di\u00e1logo voltados a assegurar o financiamento cont\u00ednuo da Associa\u00e7\u00e3o e aprofundar a coordena\u00e7\u00e3o com outros mecanismos de integra\u00e7\u00e3o e organismos regionais e internacionais.<\/span><\/p>\n<h3 class=\"cvGsUA block-font-kerning-none block-font-feature-liga-off block-font-feature-clig-off block-font-feature-calt-off direction-ltr align-justify\"><span class=\"a_GcMg font-feature-liga-off font-feature-clig-off font-feature-calt-off text-decoration-none text-strikethrough-none\">Apresenta\u00e7\u00e3o do Acordo sobre Produtos Cosm\u00e9ticos<\/span><\/h3>\n<p class=\"cvGsUA block-font-kerning-none block-font-feature-liga-off block-font-feature-clig-off block-font-feature-calt-off direction-ltr align-justify\"><span class=\"a_GcMg font-feature-liga-off font-feature-clig-off font-feature-calt-off text-decoration-none text-strikethrough-none\">No \u00e2mbito da reuni\u00e3o, tamb\u00e9m foi realizado o <\/span><strong><span class=\"a_GcMg font-feature-liga-off font-feature-clig-off font-feature-calt-off text-decoration-none text-strikethrough-none\">ato protocolar de apresenta\u00e7\u00e3o do Acordo de Alcance Parcial para a Elimina\u00e7\u00e3o de Barreiras T\u00e9cnicas ao Com\u00e9rcio de Produtos Cosm\u00e9ticos<\/span><\/strong><span class=\"a_GcMg font-feature-liga-off font-feature-clig-off font-feature-calt-off text-decoration-none text-strikethrough-none\">, resultado de um processo de negocia\u00e7\u00e3o desenvolvido entre dez dos treze pa\u00edses-membros da ALADI. O acordo representa um avan\u00e7o significativo em mat\u00e9ria de facilita\u00e7\u00e3o de com\u00e9rcio e converg\u00eancia regulat\u00f3ria na regi\u00e3o, em uma ind\u00fastria cujo mercado \u00e9 estimado em aproximadamente 71 bilh\u00f5es de d\u00f3lares.<\/span><\/p>\n<h3 class=\"cvGsUA block-font-kerning-none block-font-feature-liga-off block-font-feature-clig-off block-font-feature-calt-off direction-ltr align-justify\"><span class=\"a_GcMg font-feature-liga-off font-feature-clig-off font-feature-calt-off text-decoration-none text-strikethrough-none\">Participa\u00e7\u00e3o dos pa\u00edses-membros<\/span><\/h3>\n<p class=\"cvGsUA block-font-kerning-none block-font-feature-liga-off block-font-feature-clig-off block-font-feature-calt-off direction-ltr align-justify\"><span class=\"a_GcMg font-feature-liga-off font-feature-clig-off font-feature-calt-off text-decoration-none text-strikethrough-none\">A Vig\u00e9sima Reuni\u00e3o do Conselho de Ministros contou com a participa\u00e7\u00e3o de Ministros e Plenipotenci\u00e1rios dos treze pa\u00edses-membros.<\/span><\/p>\n<p class=\"cvGsUA block-font-kerning-none block-font-feature-liga-off block-font-feature-clig-off block-font-feature-calt-off direction-ltr align-justify\"><span class=\"a_GcMg font-feature-liga-off font-feature-clig-off font-feature-calt-off text-decoration-none text-strikethrough-none\">A sess\u00e3o foi instalada pelo <strong>Ministro das Rela\u00e7\u00f5es Exteriores do Brasil, Mauro Vieira<\/strong>, na qualidade de Presidente da D\u00e9cima Nona Reuni\u00e3o, e foi designado como Presidente da Vig\u00e9sima Reuni\u00e3o o <strong>Ministro das Rela\u00e7\u00f5es Exteriores do Paraguai, Rub\u00e9n Ram\u00edrez Lezcano<\/strong>.<\/span><\/p>\n<p class=\"cvGsUA block-font-kerning-none block-font-feature-liga-off block-font-feature-clig-off block-font-feature-calt-off direction-ltr align-justify\"><span class=\"a_GcMg font-feature-liga-off font-feature-clig-off font-feature-calt-off text-decoration-none text-strikethrough-none\">Em suas interven\u00e7\u00f5es, os representantes dos pa\u00edses-membros destacaram o papel da ALADI como <strong>f\u00f3rum de negocia\u00e7\u00e3o ativo<\/strong> para impulsionar novos acordos e aproveitar o acervo normativo existente, bem como a import\u00e2ncia da moderniza\u00e7\u00e3o digital, do apoio \u00e0s MPMEs e de uma maior participa\u00e7\u00e3o do setor privado no processo de integra\u00e7\u00e3o.<\/span><\/p>\n<p class=\"cvGsUA block-font-kerning-none block-font-feature-liga-off block-font-feature-clig-off block-font-feature-calt-off direction-ltr align-justify\"><span class=\"a_GcMg font-feature-liga-off font-feature-clig-off font-feature-calt-off text-decoration-none text-strikethrough-none\">Ao final da reuni\u00e3o, o <\/span><span class=\"a_GcMg font-feature-liga-off font-feature-clig-off font-feature-calt-off text-decoration-none text-strikethrough-none\">Conselho de Ministros <strong>expressou seu agradecimento ao Secret\u00e1rio-Geral, Sergio Abreu<\/strong><\/span><span class=\"a_GcMg font-feature-liga-off font-feature-clig-off font-feature-calt-off text-decoration-none text-strikethrough-none\">, por sua gest\u00e3o, bem como ao Governo do Uruguai pela recep\u00e7\u00e3o \u00e0s delega\u00e7\u00f5es e ao Presidente do Conselho pela condu\u00e7\u00e3o da reuni\u00e3o.<\/span><\/p>\n","protected":false},"excerpt":{"rendered":"<p>A reuni\u00e3o reafirmou o papel da ALADI como espa\u00e7o de di\u00e1logo e negocia\u00e7\u00e3o para aprofundar a integra\u00e7\u00e3o regional, com prioridades centradas no com\u00e9rcio intrarregional, na facilita\u00e7\u00e3o do com\u00e9rcio, na converg\u00eancia regulat\u00f3ria e na transforma\u00e7\u00e3o digital.<\/p>\n","protected":false},"author":3,"featured_media":39130,"comment_status":"closed","ping_status":"closed","sticky":false,"template":"","format":"standard","meta":{"_acf_changed":false,"_jetpack_memberships_contains_paid_content":false,"footnotes":""},"categories":[15],"tags":[],"post_flags":[],"class_list":["post-39129","post","type-post","status-publish","format-standard","has-post-thumbnail","hentry","category-publicaciones"],"acf":[],"yoast_head":"<!-- This site is optimized with the Yoast SEO plugin v26.5 - https:\/\/yoast.com\/wordpress\/plugins\/seo\/ -->\n<title>O Conselho de Ministros da ALADI designou Adhemar Guzm\u00e1n Ballivi\u00e1n como Secret\u00e1rio-Geral e estabeleceu diretrizes para a a\u00e7\u00e3o futura da Associa\u00e7\u00e3o<\/title>\n<meta name=\"description\" content=\"A reuni\u00e3o reafirmou o papel da ALADI como espa\u00e7o de di\u00e1logo e negocia\u00e7\u00e3o para aprofundar a integra\u00e7\u00e3o regional, com prioridades centradas no com\u00e9rcio intrarregional, na facilita\u00e7\u00e3o do com\u00e9rcio, na converg\u00eancia regulat\u00f3ria e na transforma\u00e7\u00e3o digital.\" \/>\n<meta name=\"robots\" content=\"index, follow, max-snippet:-1, max-image-preview:large, max-video-preview:-1\" \/>\n<link rel=\"canonical\" href=\"http:\/\/A%20reuni\u00e3o%20reafirmou%20o%20papel%20da%20ALADI%20como%20espa\u00e7o%20de%20di\u00e1logo%20e%20negocia\u00e7\u00e3o%20para%20aprofundar%20a%20integra\u00e7\u00e3o%20regional,%20com%20prioridades%20centradas%20no%20com\u00e9rcio%20intrarregional,%20na%20facilita\u00e7\u00e3o%20do%20com\u00e9rcio,%20na%20converg\u00eancia%20regulat\u00f3ria%20e%20na%20transforma\u00e7\u00e3o%20digital.\" \/>\n<meta property=\"og:locale\" content=\"pt_BR\" \/>\n<meta property=\"og:type\" content=\"article\" \/>\n<meta property=\"og:title\" content=\"O Conselho de Ministros da ALADI designou Adhemar Guzm\u00e1n Ballivi\u00e1n como Secret\u00e1rio-Geral e estabeleceu diretrizes para a a\u00e7\u00e3o futura da Associa\u00e7\u00e3o\" \/>\n<meta property=\"og:description\" content=\"A reuni\u00e3o reafirmou o papel da ALADI como espa\u00e7o de di\u00e1logo e negocia\u00e7\u00e3o para aprofundar a integra\u00e7\u00e3o regional, com prioridades centradas no com\u00e9rcio intrarregional, na facilita\u00e7\u00e3o do com\u00e9rcio, na converg\u00eancia regulat\u00f3ria e na transforma\u00e7\u00e3o digital.\" \/>\n<meta property=\"og:url\" content=\"https:\/\/www.aladi.org\/pt\/consejo-ministros-aladi-nuevo-secretario-general-pt\/\" \/>\n<meta property=\"og:site_name\" content=\"ALADI\" \/>\n<meta property=\"article:publisher\" content=\"https:\/\/es-la.facebook.com\/people\/ALADI\/100064606213084\/\" \/>\n<meta property=\"article:published_time\" content=\"2026-09-02T18:44:04+00:00\" \/>\n<meta property=\"article:modified_time\" content=\"2026-09-02T18:44:05+00:00\" \/>\n<meta property=\"og:image\" content=\"https:\/\/www.aladi.org\/wp-content\/uploads\/2026\/09\/IMG-Com-Prensa-CM-.png\" \/>\n\t<meta property=\"og:image:width\" content=\"1920\" \/>\n\t<meta property=\"og:image:height\" content=\"900\" \/>\n\t<meta property=\"og:image:type\" content=\"image\/png\" \/>\n<meta name=\"author\" content=\"vsoaresdelima\" \/>\n<meta name=\"twitter:card\" content=\"summary_large_image\" \/>\n<meta name=\"twitter:creator\" content=\"@ALADI_SG\" \/>\n<meta name=\"twitter:site\" content=\"@ALADI_SG\" \/>\n<meta name=\"twitter:label1\" content=\"Written by\" \/>\n\t<meta name=\"twitter:data1\" content=\"vsoaresdelima\" \/>\n\t<meta name=\"twitter:label2\" content=\"Est. reading time\" \/>\n\t<meta name=\"twitter:data2\" content=\"4 minutes\" \/>\n<script type=\"application\/ld+json\" class=\"yoast-schema-graph\">{\"@context\":\"https:\/\/schema.org\",\"@graph\":[{\"@type\":\"Article\",\"@id\":\"https:\/\/www.aladi.org\/pt\/consejo-ministros-aladi-nuevo-secretario-general-pt\/#article\",\"isPartOf\":{\"@id\":\"https:\/\/www.aladi.org\/pt\/consejo-ministros-aladi-nuevo-secretario-general-pt\/\"},\"author\":{\"name\":\"vsoaresdelima\",\"@id\":\"https:\/\/www.aladi.org\/#\/schema\/person\/00d87afb58ad41856e7df1dbcc5fdd61\"},\"headline\":\"O Conselho de Ministros da ALADI designou Adhemar Guzm\u00e1n Ballivi\u00e1n como Secret\u00e1rio-Geral e estabeleceu diretrizes para a a\u00e7\u00e3o futura da Associa\u00e7\u00e3o\",\"datePublished\":\"2026-09-02T18:44:04+00:00\",\"dateModified\":\"2026-09-02T18:44:05+00:00\",\"mainEntityOfPage\":{\"@id\":\"https:\/\/www.aladi.org\/pt\/consejo-ministros-aladi-nuevo-secretario-general-pt\/\"},\"wordCount\":808,\"publisher\":{\"@id\":\"https:\/\/www.aladi.org\/#organization\"},\"image\":{\"@id\":\"https:\/\/www.aladi.org\/pt\/consejo-ministros-aladi-nuevo-secretario-general-pt\/#primaryimage\"},\"thumbnailUrl\":\"https:\/\/www.aladi.org\/wp-content\/uploads\/2026\/09\/IMG-Com-Prensa-CM-.png\",\"articleSection\":[\"Comunicados de imprensa\"],\"inLanguage\":\"pt-BR\"},{\"@type\":\"WebPage\",\"@id\":\"https:\/\/www.aladi.org\/pt\/consejo-ministros-aladi-nuevo-secretario-general-pt\/\",\"url\":\"https:\/\/www.aladi.org\/pt\/consejo-ministros-aladi-nuevo-secretario-general-pt\/\",\"name\":\"Consejo de Ministros de la ALADI: nuevo Secretario General\",\"isPartOf\":{\"@id\":\"https:\/\/www.aladi.org\/#website\"},\"primaryImageOfPage\":{\"@id\":\"https:\/\/www.aladi.org\/pt\/consejo-ministros-aladi-nuevo-secretario-general-pt\/#primaryimage\"},\"image\":{\"@id\":\"https:\/\/www.aladi.org\/pt\/consejo-ministros-aladi-nuevo-secretario-general-pt\/#primaryimage\"},\"thumbnailUrl\":\"https:\/\/www.aladi.org\/wp-content\/uploads\/2026\/09\/IMG-Com-Prensa-CM-.png\",\"datePublished\":\"2026-09-02T18:44:04+00:00\",\"dateModified\":\"2026-09-02T18:44:05+00:00\",\"description\":\"El Consejo de Ministros de la ALADI design\u00f3 a Adhemar Guzm\u00e1n Ballivi\u00e1n como Secretario General y acord\u00f3 nuevos lineamientos.\",\"breadcrumb\":{\"@id\":\"https:\/\/www.aladi.org\/pt\/consejo-ministros-aladi-nuevo-secretario-general-pt\/#breadcrumb\"},\"inLanguage\":\"pt-BR\",\"potentialAction\":[{\"@type\":\"ReadAction\",\"target\":[\"https:\/\/www.aladi.org\/pt\/consejo-ministros-aladi-nuevo-secretario-general-pt\/\"]}]},{\"@type\":\"ImageObject\",\"inLanguage\":\"pt-BR\",\"@id\":\"https:\/\/www.aladi.org\/pt\/consejo-ministros-aladi-nuevo-secretario-general-pt\/#primaryimage\",\"url\":\"https:\/\/www.aladi.org\/wp-content\/uploads\/2026\/09\/IMG-Com-Prensa-CM-.png\",\"contentUrl\":\"https:\/\/www.aladi.org\/wp-content\/uploads\/2026\/09\/IMG-Com-Prensa-CM-.png\",\"width\":1920,\"height\":900},{\"@type\":\"BreadcrumbList\",\"@id\":\"https:\/\/www.aladi.org\/pt\/consejo-ministros-aladi-nuevo-secretario-general-pt\/#breadcrumb\",\"itemListElement\":[{\"@type\":\"ListItem\",\"position\":1,\"name\":\"Home\",\"item\":\"https:\/\/www.aladi.org\/\"},{\"@type\":\"ListItem\",\"position\":2,\"name\":\"O Conselho de Ministros da ALADI designou Adhemar Guzm\u00e1n Ballivi\u00e1n como Secret\u00e1rio-Geral e estabeleceu diretrizes para a a\u00e7\u00e3o futura da Associa\u00e7\u00e3o\"}]},{\"@type\":\"WebSite\",\"@id\":\"https:\/\/www.aladi.org\/pt\/#website\",\"url\":\"https:\/\/www.aladi.org\/pt\/\",\"name\":\"ALADI\",\"description\":\"Asociaci\u00f3n Latinoamericana de Integraci\u00f3n\",\"publisher\":{\"@id\":\"https:\/\/www.aladi.org\/pt\/#organization\"},\"potentialAction\":[{\"@type\":\"SearchAction\",\"target\":{\"@type\":\"EntryPoint\",\"urlTemplate\":\"https:\/\/www.aladi.org\/pt\/?s={search_term_string}\"},\"query-input\":{\"@type\":\"PropertyValueSpecification\",\"valueRequired\":true,\"valueName\":\"search_term_string\"}}],\"inLanguage\":\"pt-BR\"},{\"@type\":\"Organization\",\"@id\":\"https:\/\/www.aladi.org\/pt\/#organization\",\"name\":\"ALADI\",\"url\":\"https:\/\/www.aladi.org\/pt\/\",\"logo\":{\"@type\":\"ImageObject\",\"inLanguage\":\"pt-BR\",\"@id\":\"https:\/\/www.aladi.org\/pt\/#\/schema\/logo\/image\/\",\"url\":\"https:\/\/www.aladi.org\/wp-content\/uploads\/2025\/12\/Logo-ALADI.png\",\"contentUrl\":\"https:\/\/www.aladi.org\/wp-content\/uploads\/2025\/12\/Logo-ALADI.png\",\"width\":375,\"height\":235,\"caption\":\"ALADI\"},\"image\":{\"@id\":\"https:\/\/www.aladi.org\/pt\/#\/schema\/logo\/image\/\"},\"sameAs\":[\"https:\/\/es-la.facebook.com\/people\/ALADI\/100064606213084\/\",\"https:\/\/x.com\/ALADI_SG\",\"https:\/\/www.instagram.com\/aladi_sg\/?hl=es\",\"https:\/\/www.linkedin.com\/company\/aladi\/\",\"https:\/\/www.flickr.com\/photos\/aladi\/\",\"https:\/\/www.youtube.com\/channel\/UCrkJWOWHKF6igQmWE8Clnpg\"]},{\"@type\":\"Person\",\"@id\":\"https:\/\/www.aladi.org\/#\/schema\/person\/00d87afb58ad41856e7df1dbcc5fdd61\",\"name\":\"vsoaresdelima\",\"image\":{\"@type\":\"ImageObject\",\"inLanguage\":\"pt-BR\",\"@id\":\"https:\/\/www.aladi.org\/#\/schema\/person\/image\/\",\"url\":\"https:\/\/secure.gravatar.com\/avatar\/33de2cda862c62c8c2bba234e5debe59db46f9f90496cca848fff282d9f16d52?s=96&d=mm&r=g\",\"contentUrl\":\"https:\/\/secure.gravatar.com\/avatar\/33de2cda862c62c8c2bba234e5debe59db46f9f90496cca848fff282d9f16d52?s=96&d=mm&r=g\",\"caption\":\"vsoaresdelima\"},\"url\":\"https:\/\/www.aladi.org\/pt\/author\/vsoaresdelima\/\"}]}<\/script>\n<!-- \/ Yoast SEO plugin. -->","yoast_head_json":{"title":"O Conselho de Ministros da ALADI designou Adhemar Guzm\u00e1n Ballivi\u00e1n como Secret\u00e1rio-Geral e estabeleceu diretrizes para a a\u00e7\u00e3o futura da Associa\u00e7\u00e3o","description":"A reuni\u00e3o reafirmou o papel da ALADI como espa\u00e7o de di\u00e1logo e negocia\u00e7\u00e3o para aprofundar a integra\u00e7\u00e3o regional, com prioridades centradas no com\u00e9rcio intrarregional, na facilita\u00e7\u00e3o do com\u00e9rcio, na converg\u00eancia regulat\u00f3ria e na transforma\u00e7\u00e3o digital.","robots":{"index":"index","follow":"follow","max-snippet":"max-snippet:-1","max-image-preview":"max-image-preview:large","max-video-preview":"max-video-preview:-1"},"canonical":"A reuni\u00e3o reafirmou o papel da ALADI como espa\u00e7o de di\u00e1logo e negocia\u00e7\u00e3o para aprofundar a integra\u00e7\u00e3o regional, com prioridades centradas no com\u00e9rcio intrarregional, na facilita\u00e7\u00e3o do com\u00e9rcio, na converg\u00eancia regulat\u00f3ria e na transforma\u00e7\u00e3o digital.","og_locale":"pt_BR","og_type":"article","og_title":"O Conselho de Ministros da ALADI designou Adhemar Guzm\u00e1n Ballivi\u00e1n como Secret\u00e1rio-Geral e estabeleceu diretrizes para a a\u00e7\u00e3o futura da Associa\u00e7\u00e3o","og_description":"A reuni\u00e3o reafirmou o papel da ALADI como espa\u00e7o de di\u00e1logo e negocia\u00e7\u00e3o para aprofundar a integra\u00e7\u00e3o regional, com prioridades centradas no com\u00e9rcio intrarregional, na facilita\u00e7\u00e3o do com\u00e9rcio, na converg\u00eancia regulat\u00f3ria e na transforma\u00e7\u00e3o digital.","og_url":"https:\/\/www.aladi.org\/pt\/consejo-ministros-aladi-nuevo-secretario-general-pt\/","og_site_name":"ALADI","article_publisher":"https:\/\/es-la.facebook.com\/people\/ALADI\/100064606213084\/","article_published_time":"2026-09-02T18:44:04+00:00","article_modified_time":"2026-09-02T18:44:05+00:00","og_image":[{"width":1920,"height":900,"url":"https:\/\/www.aladi.org\/wp-content\/uploads\/2026\/09\/IMG-Com-Prensa-CM-.png","type":"image\/png"}],"author":"vsoaresdelima","twitter_card":"summary_large_image","twitter_creator":"@ALADI_SG","twitter_site":"@ALADI_SG","twitter_misc":{"Written by":"vsoaresdelima","Est. reading time":"4 minutes"},"schema":{"@context":"https:\/\/schema.org","@graph":[{"@type":"Article","@id":"https:\/\/www.aladi.org\/pt\/consejo-ministros-aladi-nuevo-secretario-general-pt\/#article","isPartOf":{"@id":"https:\/\/www.aladi.org\/pt\/consejo-ministros-aladi-nuevo-secretario-general-pt\/"},"author":{"name":"vsoaresdelima","@id":"https:\/\/www.aladi.org\/#\/schema\/person\/00d87afb58ad41856e7df1dbcc5fdd61"},"headline":"O Conselho de Ministros da ALADI designou Adhemar Guzm\u00e1n Ballivi\u00e1n como Secret\u00e1rio-Geral e estabeleceu diretrizes para a a\u00e7\u00e3o futura da Associa\u00e7\u00e3o","datePublished":"2026-09-02T18:44:04+00:00","dateModified":"2026-09-02T18:44:05+00:00","mainEntityOfPage":{"@id":"https:\/\/www.aladi.org\/pt\/consejo-ministros-aladi-nuevo-secretario-general-pt\/"},"wordCount":808,"publisher":{"@id":"https:\/\/www.aladi.org\/#organization"},"image":{"@id":"https:\/\/www.aladi.org\/pt\/consejo-ministros-aladi-nuevo-secretario-general-pt\/#primaryimage"},"thumbnailUrl":"https:\/\/www.aladi.org\/wp-content\/uploads\/2026\/09\/IMG-Com-Prensa-CM-.png","articleSection":["Comunicados de imprensa"],"inLanguage":"pt-BR"},{"@type":"WebPage","@id":"https:\/\/www.aladi.org\/pt\/consejo-ministros-aladi-nuevo-secretario-general-pt\/","url":"https:\/\/www.aladi.org\/pt\/consejo-ministros-aladi-nuevo-secretario-general-pt\/","name":"Consejo de Ministros de la ALADI: nuevo Secretario General","isPartOf":{"@id":"https:\/\/www.aladi.org\/#website"},"primaryImageOfPage":{"@id":"https:\/\/www.aladi.org\/pt\/consejo-ministros-aladi-nuevo-secretario-general-pt\/#primaryimage"},"image":{"@id":"https:\/\/www.aladi.org\/pt\/consejo-ministros-aladi-nuevo-secretario-general-pt\/#primaryimage"},"thumbnailUrl":"https:\/\/www.aladi.org\/wp-content\/uploads\/2026\/09\/IMG-Com-Prensa-CM-.png","datePublished":"2026-09-02T18:44:04+00:00","dateModified":"2026-09-02T18:44:05+00:00","description":"El Consejo de Ministros de la ALADI design\u00f3 a Adhemar Guzm\u00e1n Ballivi\u00e1n como Secretario General y acord\u00f3 nuevos lineamientos.","breadcrumb":{"@id":"https:\/\/www.aladi.org\/pt\/consejo-ministros-aladi-nuevo-secretario-general-pt\/#breadcrumb"},"inLanguage":"pt-BR","potentialAction":[{"@type":"ReadAction","target":["https:\/\/www.aladi.org\/pt\/consejo-ministros-aladi-nuevo-secretario-general-pt\/"]}]},{"@type":"ImageObject","inLanguage":"pt-BR","@id":"https:\/\/www.aladi.org\/pt\/consejo-ministros-aladi-nuevo-secretario-general-pt\/#primaryimage","url":"https:\/\/www.aladi.org\/wp-content\/uploads\/2026\/09\/IMG-Com-Prensa-CM-.png","contentUrl":"https:\/\/www.aladi.org\/wp-content\/uploads\/2026\/09\/IMG-Com-Prensa-CM-.png","width":1920,"height":900},{"@type":"BreadcrumbList","@id":"https:\/\/www.aladi.org\/pt\/consejo-ministros-aladi-nuevo-secretario-general-pt\/#breadcrumb","itemListElement":[{"@type":"ListItem","position":1,"name":"Home","item":"https:\/\/www.aladi.org\/"},{"@type":"ListItem","position":2,"name":"O Conselho de Ministros da ALADI designou Adhemar Guzm\u00e1n Ballivi\u00e1n como Secret\u00e1rio-Geral e estabeleceu diretrizes para a a\u00e7\u00e3o futura da Associa\u00e7\u00e3o"}]},{"@type":"WebSite","@id":"https:\/\/www.aladi.org\/pt\/#website","url":"https:\/\/www.aladi.org\/pt\/","name":"ALADI","description":"Asociaci\u00f3n Latinoamericana de Integraci\u00f3n","publisher":{"@id":"https:\/\/www.aladi.org\/pt\/#organization"},"potentialAction":[{"@type":"SearchAction","target":{"@type":"EntryPoint","urlTemplate":"https:\/\/www.aladi.org\/pt\/?s={search_term_string}"},"query-input":{"@type":"PropertyValueSpecification","valueRequired":true,"valueName":"search_term_string"}}],"inLanguage":"pt-BR"},{"@type":"Organization","@id":"https:\/\/www.aladi.org\/pt\/#organization","name":"ALADI","url":"https:\/\/www.aladi.org\/pt\/","logo":{"@type":"ImageObject","inLanguage":"pt-BR","@id":"https:\/\/www.aladi.org\/pt\/#\/schema\/logo\/image\/","url":"https:\/\/www.aladi.org\/wp-content\/uploads\/2025\/12\/Logo-ALADI.png","contentUrl":"https:\/\/www.aladi.org\/wp-content\/uploads\/2025\/12\/Logo-ALADI.png","width":375,"height":235,"caption":"ALADI"},"image":{"@id":"https:\/\/www.aladi.org\/pt\/#\/schema\/logo\/image\/"},"sameAs":["https:\/\/es-la.facebook.com\/people\/ALADI\/100064606213084\/","https:\/\/x.com\/ALADI_SG","https:\/\/www.instagram.com\/aladi_sg\/?hl=es","https:\/\/www.linkedin.com\/company\/aladi\/","https:\/\/www.flickr.com\/photos\/aladi\/","https:\/\/www.youtube.com\/channel\/UCrkJWOWHKF6igQmWE8Clnpg"]},{"@type":"Person","@id":"https:\/\/www.aladi.org\/#\/schema\/person\/00d87afb58ad41856e7df1dbcc5fdd61","name":"vsoaresdelima","image":{"@type":"ImageObject","inLanguage":"pt-BR","@id":"https:\/\/www.aladi.org\/#\/schema\/person\/image\/","url":"https:\/\/secure.gravatar.com\/avatar\/33de2cda862c62c8c2bba234e5debe59db46f9f90496cca848fff282d9f16d52?s=96&d=mm&r=g","contentUrl":"https:\/\/secure.gravatar.com\/avatar\/33de2cda862c62c8c2bba234e5debe59db46f9f90496cca848fff282d9f16d52?s=96&d=mm&r=g","caption":"vsoaresdelima"},"url":"https:\/\/www.aladi.org\/pt\/author\/vsoaresdelima\/"}]}},"jetpack_featured_media_url":"https:\/\/www.aladi.org\/wp-content\/uploads\/2026\/09\/IMG-Com-Prensa-CM-.png","jetpack_sharing_enabled":true,"_links":{"self":[{"href":"https:\/\/www.aladi.org\/pt\/wp-json\/wp\/v2\/posts\/39129","targetHints":{"allow":["GET"]}}],"collection":[{"href":"https:\/\/www.aladi.org\/pt\/wp-json\/wp\/v2\/posts"}],"about":[{"href":"https:\/\/www.aladi.org\/pt\/wp-json\/wp\/v2\/types\/post"}],"author":[{"embeddable":true,"href":"https:\/\/www.aladi.org\/pt\/wp-json\/wp\/v2\/users\/3"}],"replies":[{"embeddable":true,"href":"https:\/\/www.aladi.org\/pt\/wp-json\/wp\/v2\/comments?post=39129"}],"version-history":[{"count":1,"href":"https:\/\/www.aladi.org\/pt\/wp-json\/wp\/v2\/posts\/39129\/revisions"}],"predecessor-version":[{"id":39131,"href":"https:\/\/www.aladi.org\/pt\/wp-json\/wp\/v2\/posts\/39129\/revisions\/39131"}],"wp:featuredmedia":[{"embeddable":true,"href":"https:\/\/www.aladi.org\/pt\/wp-json\/wp\/v2\/media\/39130"}],"wp:attachment":[{"href":"https:\/\/www.aladi.org\/pt\/wp-json\/wp\/v2\/media?parent=39129"}],"wp:term":[{"taxonomy":"category","embeddable":true,"href":"https:\/\/www.aladi.org\/pt\/wp-json\/wp\/v2\/categories?post=39129"},{"taxonomy":"post_tag","embeddable":true,"href":"https:\/\/www.aladi.org\/pt\/wp-json\/wp\/v2\/tags?post=39129"},{"taxonomy":"post_flag","embeddable":true,"href":"https:\/\/www.aladi.org\/pt\/wp-json\/wp\/v2\/post_flags?post=39129"}],"curies":[{"name":"wp","href":"https:\/\/api.w.org\/{rel}","templated":true}]}}