{"id":39117,"date":"2026-08-28T13:35:02","date_gmt":"2026-08-28T13:35:02","guid":{"rendered":"https:\/\/www.aladi.org\/?p=39117"},"modified":"2026-09-01T13:46:43","modified_gmt":"2026-09-01T13:46:43","slug":"aladi-procuba-cooperacion-regional","status":"publish","type":"post","link":"https:\/\/www.aladi.org\/pt\/aladi-procuba-cooperacion-regional-pt\/","title":{"rendered":"ALADI e ProCuba fortalecem a coopera\u00e7\u00e3o para promover o com\u00e9rcio e a integra\u00e7\u00e3o regional"},"content":{"rendered":"<p>A Associa\u00e7\u00e3o Latino-Americana de Integra\u00e7\u00e3o (ALADI) e a Dire\u00e7\u00e3o de Comunica\u00e7\u00e3o e Promo\u00e7\u00e3o do Com\u00e9rcio Exterior e do Investimento Estrangeiro de Cuba (ProCuba) assinaram um <strong>Memorando de Entendimento<\/strong> para fortalecer a coopera\u00e7\u00e3o em mat\u00e9ria de promo\u00e7\u00e3o comercial, facilita\u00e7\u00e3o de neg\u00f3cios, conex\u00e3o empresarial e capacita\u00e7\u00e3o.<\/p>\n<p class=\"isSelectedEnd\">A assinatura foi realizada em 27 de agosto de 2026, na sede da ALADI, com a participa\u00e7\u00e3o do Secret\u00e1rio-Geral da ALADI, Sergio Abreu, e da Representante Permanente de Cuba junto \u00e0 ALADI, Embaixadora Lissette P\u00e9rez.<\/p>\n<h3>Um marco para fortalecer a coopera\u00e7\u00e3o regional<\/h3>\n<p class=\"isSelectedEnd\">O Memorando de Entendimento estabelece um marco de coopera\u00e7\u00e3o entre a ALADI e a ProCuba para desenvolver a\u00e7\u00f5es voltadas \u00e0 gera\u00e7\u00e3o de novas oportunidades para os pa\u00edses membros, suas empresas e, especialmente, para as micro, pequenas e m\u00e9dias empresas.<\/p>\n<p class=\"isSelectedEnd\">Nesse sentido, a coopera\u00e7\u00e3o busca contribuir para que os instrumentos e acordos constru\u00eddos no \u00e2mbito da ALADI sejam cada vez mais conhecidos, utilizados e aproveitados pelos operadores econ\u00f4micos da regi\u00e3o.<\/p>\n<p class=\"isSelectedEnd\">Entre as \u00e1reas de trabalho previstas est\u00e3o a promo\u00e7\u00e3o comercial, a facilita\u00e7\u00e3o de neg\u00f3cios, a conex\u00e3o empresarial e o desenvolvimento de atividades de capacita\u00e7\u00e3o e forma\u00e7\u00e3o para a internacionaliza\u00e7\u00e3o.<\/p>\n<h3>Promo\u00e7\u00e3o comercial e conex\u00e3o empresarial<\/h3>\n<p class=\"isSelectedEnd\">A coopera\u00e7\u00e3o entre a ALADI e a ProCuba permitir\u00e1 avan\u00e7ar em iniciativas como rodadas de neg\u00f3cios e encontros empresariais, al\u00e9m da identifica\u00e7\u00e3o e divulga\u00e7\u00e3o de setores estrat\u00e9gicos e oportunidades comerciais.<\/p>\n<p class=\"isSelectedEnd\">Tamb\u00e9m ser\u00e1 promovida uma maior articula\u00e7\u00e3o entre institui\u00e7\u00f5es p\u00fablicas e privadas, c\u00e2maras empresariais e ag\u00eancias de promo\u00e7\u00e3o, com o objetivo de facilitar novas conex\u00f5es entre os setores produtivos.<\/p>\n<p class=\"isSelectedEnd\">Essas a\u00e7\u00f5es s\u00e3o especialmente relevantes para as MPMEs, que podem encontrar na informa\u00e7\u00e3o, nas ferramentas e no acompanhamento o apoio necess\u00e1rio para acessar novos mercados e aproveitar as oportunidades oferecidas pelos acordos comerciais.<\/p>\n<h3>Capacita\u00e7\u00e3o para a internacionaliza\u00e7\u00e3o<\/h3>\n<p class=\"isSelectedEnd\">O Memorando tamb\u00e9m inclui um componente de capacita\u00e7\u00e3o. Por meio do Centro Virtual de Forma\u00e7\u00e3o da ALADI, as duas institui\u00e7\u00f5es poder\u00e3o coordenar atividades voltadas a funcion\u00e1rios p\u00fablicos, empres\u00e1rios e MPMEs.<\/p>\n<p class=\"isSelectedEnd\">As atividades de forma\u00e7\u00e3o poder\u00e3o abordar temas relacionados ao acesso a mercados, \u00e0 intelig\u00eancia comercial, ao aproveitamento dos acordos comerciais e a outras ferramentas pr\u00e1ticas para fortalecer a inser\u00e7\u00e3o internacional.<\/p>\n<p class=\"isSelectedEnd\">Tamb\u00e9m est\u00e1 prevista a possibilidade de articular capacidades e conhecimentos em \u00e1reas relacionadas \u00e0 propriedade intelectual e ao com\u00e9rcio, al\u00e9m de identificar especialistas e parceiros que possam contribuir para as iniciativas de forma\u00e7\u00e3o promovidas pela ALADI.<\/p>\n<h3>Interc\u00e2mbio de conhecimentos e estudos<\/h3>\n<p class=\"isSelectedEnd\">O acordo tamb\u00e9m abre possibilidades de colabora\u00e7\u00e3o em estudos sobre integra\u00e7\u00e3o regional, interc\u00e2mbio de conhecimentos e realiza\u00e7\u00e3o conjunta de confer\u00eancias, oficinas e semin\u00e1rios.<\/p>\n<p class=\"isSelectedEnd\">Dessa forma, a coopera\u00e7\u00e3o com a ProCuba permitir\u00e1 aproveitar as capacidades e experi\u00eancias existentes nas duas institui\u00e7\u00f5es para contribuir para o desenvolvimento de uma agenda regional de forma\u00e7\u00e3o e coopera\u00e7\u00e3o.<\/p>\n<p>Para a ALADI, essa iniciativa faz parte de uma concep\u00e7\u00e3o de integra\u00e7\u00e3o voltada n\u00e3o apenas \u00e0 cria\u00e7\u00e3o de instrumentos, mas tamb\u00e9m \u00e0 <strong>constru\u00e7\u00e3o de capacidades, \u00e0 articula\u00e7\u00e3o de conhecimentos e \u00e0 gera\u00e7\u00e3o de oportunidades para os setores produtivos<\/strong>.<\/p>\n","protected":false},"excerpt":{"rendered":"<p>A Secretaria-Geral da ALADI e a ProCuba assinaram um Memorando de Entendimento para fortalecer a coopera\u00e7\u00e3o em promo\u00e7\u00e3o comercial, conex\u00e3o empresarial e capacita\u00e7\u00e3o para a internacionaliza\u00e7\u00e3o.<\/p>\n","protected":false},"author":3,"featured_media":39118,"comment_status":"closed","ping_status":"closed","sticky":false,"template":"","format":"standard","meta":{"_acf_changed":false,"_jetpack_memberships_contains_paid_content":false,"footnotes":""},"categories":[15],"tags":[],"post_flags":[],"class_list":["post-39117","post","type-post","status-publish","format-standard","has-post-thumbnail","hentry","category-publicaciones"],"acf":[],"yoast_head":"<!-- This site is optimized with the Yoast SEO plugin v26.5 - https:\/\/yoast.com\/wordpress\/plugins\/seo\/ -->\n<title>ALADI e ProCuba fortalecem a coopera\u00e7\u00e3o para promover o com\u00e9rcio e a integra\u00e7\u00e3o regional<\/title>\n<meta name=\"description\" content=\"A Secretaria-Geral da ALADI e a ProCuba assinaram um Memorando de Entendimento para fortalecer a coopera\u00e7\u00e3o em promo\u00e7\u00e3o comercial, conex\u00e3o empresarial e capacita\u00e7\u00e3o para a internacionaliza\u00e7\u00e3o.\" \/>\n<meta name=\"robots\" content=\"index, follow, max-snippet:-1, max-image-preview:large, max-video-preview:-1\" \/>\n<link rel=\"canonical\" href=\"http:\/\/A%20Secretaria-Geral%20da%20ALADI%20e%20a%20ProCuba%20assinaram%20um%20Memorando%20de%20Entendimento%20para%20fortalecer%20a%20coopera\u00e7\u00e3o%20em%20promo\u00e7\u00e3o%20comercial,%20conex\u00e3o%20empresarial%20e%20capacita\u00e7\u00e3o%20para%20a%20internacionaliza\u00e7\u00e3o.\" \/>\n<meta property=\"og:locale\" content=\"pt_BR\" \/>\n<meta property=\"og:type\" content=\"article\" \/>\n<meta property=\"og:title\" content=\"ALADI e ProCuba fortalecem a coopera\u00e7\u00e3o para promover o com\u00e9rcio e a integra\u00e7\u00e3o regional\" \/>\n<meta property=\"og:description\" content=\"A Secretaria-Geral da ALADI e a ProCuba assinaram um Memorando de Entendimento para fortalecer a coopera\u00e7\u00e3o em promo\u00e7\u00e3o comercial, conex\u00e3o empresarial e capacita\u00e7\u00e3o para a internacionaliza\u00e7\u00e3o.\" \/>\n<meta property=\"og:url\" content=\"https:\/\/www.aladi.org\/pt\/aladi-procuba-cooperacion-regional-pt\/\" \/>\n<meta property=\"og:site_name\" content=\"ALADI\" \/>\n<meta property=\"article:publisher\" content=\"https:\/\/es-la.facebook.com\/people\/ALADI\/100064606213084\/\" \/>\n<meta property=\"article:published_time\" content=\"2026-08-28T13:35:02+00:00\" \/>\n<meta property=\"article:modified_time\" content=\"2026-09-01T13:46:43+00:00\" \/>\n<meta property=\"og:image\" content=\"https:\/\/www.aladi.org\/wp-content\/uploads\/2026\/09\/procuba.png\" \/>\n\t<meta property=\"og:image:width\" content=\"1920\" \/>\n\t<meta property=\"og:image:height\" content=\"900\" \/>\n\t<meta property=\"og:image:type\" content=\"image\/png\" \/>\n<meta name=\"author\" content=\"vsoaresdelima\" \/>\n<meta name=\"twitter:card\" content=\"summary_large_image\" \/>\n<meta name=\"twitter:creator\" content=\"@ALADI_SG\" \/>\n<meta name=\"twitter:site\" content=\"@ALADI_SG\" \/>\n<meta name=\"twitter:label1\" content=\"Written by\" \/>\n\t<meta name=\"twitter:data1\" content=\"vsoaresdelima\" \/>\n\t<meta name=\"twitter:label2\" content=\"Est. reading time\" \/>\n\t<meta name=\"twitter:data2\" content=\"3 minutes\" \/>\n<script type=\"application\/ld+json\" class=\"yoast-schema-graph\">{\"@context\":\"https:\/\/schema.org\",\"@graph\":[{\"@type\":\"Article\",\"@id\":\"https:\/\/www.aladi.org\/pt\/aladi-procuba-cooperacion-regional-pt\/#article\",\"isPartOf\":{\"@id\":\"https:\/\/www.aladi.org\/pt\/aladi-procuba-cooperacion-regional-pt\/\"},\"author\":{\"name\":\"vsoaresdelima\",\"@id\":\"https:\/\/www.aladi.org\/#\/schema\/person\/00d87afb58ad41856e7df1dbcc5fdd61\"},\"headline\":\"ALADI e ProCuba fortalecem a coopera\u00e7\u00e3o para promover o com\u00e9rcio e a integra\u00e7\u00e3o regional\",\"datePublished\":\"2026-08-28T13:35:02+00:00\",\"dateModified\":\"2026-09-01T13:46:43+00:00\",\"mainEntityOfPage\":{\"@id\":\"https:\/\/www.aladi.org\/pt\/aladi-procuba-cooperacion-regional-pt\/\"},\"wordCount\":565,\"publisher\":{\"@id\":\"https:\/\/www.aladi.org\/#organization\"},\"image\":{\"@id\":\"https:\/\/www.aladi.org\/pt\/aladi-procuba-cooperacion-regional-pt\/#primaryimage\"},\"thumbnailUrl\":\"https:\/\/www.aladi.org\/wp-content\/uploads\/2026\/09\/procuba.png\",\"articleSection\":[\"Comunicados de imprensa\"],\"inLanguage\":\"pt-BR\"},{\"@type\":\"WebPage\",\"@id\":\"https:\/\/www.aladi.org\/pt\/aladi-procuba-cooperacion-regional-pt\/\",\"url\":\"https:\/\/www.aladi.org\/pt\/aladi-procuba-cooperacion-regional-pt\/\",\"name\":\"ALADI y ProCuba fortalecen la cooperaci\u00f3n regional\",\"isPartOf\":{\"@id\":\"https:\/\/www.aladi.org\/#website\"},\"primaryImageOfPage\":{\"@id\":\"https:\/\/www.aladi.org\/pt\/aladi-procuba-cooperacion-regional-pt\/#primaryimage\"},\"image\":{\"@id\":\"https:\/\/www.aladi.org\/pt\/aladi-procuba-cooperacion-regional-pt\/#primaryimage\"},\"thumbnailUrl\":\"https:\/\/www.aladi.org\/wp-content\/uploads\/2026\/09\/procuba.png\",\"datePublished\":\"2026-08-28T13:35:02+00:00\",\"dateModified\":\"2026-09-01T13:46:43+00:00\",\"description\":\"ALADI y ProCuba suscribieron un Memor\u00e1ndum de Entendimiento para fortalecer la promoci\u00f3n comercial, la conexi\u00f3n empresarial y la capacitaci\u00f3n.\",\"breadcrumb\":{\"@id\":\"https:\/\/www.aladi.org\/pt\/aladi-procuba-cooperacion-regional-pt\/#breadcrumb\"},\"inLanguage\":\"pt-BR\",\"potentialAction\":[{\"@type\":\"ReadAction\",\"target\":[\"https:\/\/www.aladi.org\/pt\/aladi-procuba-cooperacion-regional-pt\/\"]}]},{\"@type\":\"ImageObject\",\"inLanguage\":\"pt-BR\",\"@id\":\"https:\/\/www.aladi.org\/pt\/aladi-procuba-cooperacion-regional-pt\/#primaryimage\",\"url\":\"https:\/\/www.aladi.org\/wp-content\/uploads\/2026\/09\/procuba.png\",\"contentUrl\":\"https:\/\/www.aladi.org\/wp-content\/uploads\/2026\/09\/procuba.png\",\"width\":1920,\"height\":900},{\"@type\":\"BreadcrumbList\",\"@id\":\"https:\/\/www.aladi.org\/pt\/aladi-procuba-cooperacion-regional-pt\/#breadcrumb\",\"itemListElement\":[{\"@type\":\"ListItem\",\"position\":1,\"name\":\"Home\",\"item\":\"https:\/\/www.aladi.org\/\"},{\"@type\":\"ListItem\",\"position\":2,\"name\":\"ALADI e ProCuba fortalecem a coopera\u00e7\u00e3o para promover o com\u00e9rcio e a integra\u00e7\u00e3o regional\"}]},{\"@type\":\"WebSite\",\"@id\":\"https:\/\/www.aladi.org\/pt\/#website\",\"url\":\"https:\/\/www.aladi.org\/pt\/\",\"name\":\"ALADI\",\"description\":\"Asociaci\u00f3n Latinoamericana de Integraci\u00f3n\",\"publisher\":{\"@id\":\"https:\/\/www.aladi.org\/pt\/#organization\"},\"potentialAction\":[{\"@type\":\"SearchAction\",\"target\":{\"@type\":\"EntryPoint\",\"urlTemplate\":\"https:\/\/www.aladi.org\/pt\/?s={search_term_string}\"},\"query-input\":{\"@type\":\"PropertyValueSpecification\",\"valueRequired\":true,\"valueName\":\"search_term_string\"}}],\"inLanguage\":\"pt-BR\"},{\"@type\":\"Organization\",\"@id\":\"https:\/\/www.aladi.org\/pt\/#organization\",\"name\":\"ALADI\",\"url\":\"https:\/\/www.aladi.org\/pt\/\",\"logo\":{\"@type\":\"ImageObject\",\"inLanguage\":\"pt-BR\",\"@id\":\"https:\/\/www.aladi.org\/pt\/#\/schema\/logo\/image\/\",\"url\":\"https:\/\/www.aladi.org\/wp-content\/uploads\/2025\/12\/Logo-ALADI.png\",\"contentUrl\":\"https:\/\/www.aladi.org\/wp-content\/uploads\/2025\/12\/Logo-ALADI.png\",\"width\":375,\"height\":235,\"caption\":\"ALADI\"},\"image\":{\"@id\":\"https:\/\/www.aladi.org\/pt\/#\/schema\/logo\/image\/\"},\"sameAs\":[\"https:\/\/es-la.facebook.com\/people\/ALADI\/100064606213084\/\",\"https:\/\/x.com\/ALADI_SG\",\"https:\/\/www.instagram.com\/aladi_sg\/?hl=es\",\"https:\/\/www.linkedin.com\/company\/aladi\/\",\"https:\/\/www.flickr.com\/photos\/aladi\/\",\"https:\/\/www.youtube.com\/channel\/UCrkJWOWHKF6igQmWE8Clnpg\"]},{\"@type\":\"Person\",\"@id\":\"https:\/\/www.aladi.org\/#\/schema\/person\/00d87afb58ad41856e7df1dbcc5fdd61\",\"name\":\"vsoaresdelima\",\"image\":{\"@type\":\"ImageObject\",\"inLanguage\":\"pt-BR\",\"@id\":\"https:\/\/www.aladi.org\/#\/schema\/person\/image\/\",\"url\":\"https:\/\/secure.gravatar.com\/avatar\/33de2cda862c62c8c2bba234e5debe59db46f9f90496cca848fff282d9f16d52?s=96&d=mm&r=g\",\"contentUrl\":\"https:\/\/secure.gravatar.com\/avatar\/33de2cda862c62c8c2bba234e5debe59db46f9f90496cca848fff282d9f16d52?s=96&d=mm&r=g\",\"caption\":\"vsoaresdelima\"},\"url\":\"https:\/\/www.aladi.org\/pt\/author\/vsoaresdelima\/\"}]}<\/script>\n<!-- \/ Yoast SEO plugin. -->","yoast_head_json":{"title":"ALADI e ProCuba fortalecem a coopera\u00e7\u00e3o para promover o com\u00e9rcio e a integra\u00e7\u00e3o regional","description":"A Secretaria-Geral da ALADI e a ProCuba assinaram um Memorando de Entendimento para fortalecer a coopera\u00e7\u00e3o em promo\u00e7\u00e3o comercial, conex\u00e3o empresarial e capacita\u00e7\u00e3o para a internacionaliza\u00e7\u00e3o.","robots":{"index":"index","follow":"follow","max-snippet":"max-snippet:-1","max-image-preview":"max-image-preview:large","max-video-preview":"max-video-preview:-1"},"canonical":"A Secretaria-Geral da ALADI e a ProCuba assinaram um Memorando de Entendimento para fortalecer a coopera\u00e7\u00e3o em promo\u00e7\u00e3o comercial, conex\u00e3o empresarial e capacita\u00e7\u00e3o para a internacionaliza\u00e7\u00e3o.","og_locale":"pt_BR","og_type":"article","og_title":"ALADI e ProCuba fortalecem a coopera\u00e7\u00e3o para promover o com\u00e9rcio e a integra\u00e7\u00e3o regional","og_description":"A Secretaria-Geral da ALADI e a ProCuba assinaram um Memorando de Entendimento para fortalecer a coopera\u00e7\u00e3o em promo\u00e7\u00e3o comercial, conex\u00e3o empresarial e capacita\u00e7\u00e3o para a internacionaliza\u00e7\u00e3o.","og_url":"https:\/\/www.aladi.org\/pt\/aladi-procuba-cooperacion-regional-pt\/","og_site_name":"ALADI","article_publisher":"https:\/\/es-la.facebook.com\/people\/ALADI\/100064606213084\/","article_published_time":"2026-08-28T13:35:02+00:00","article_modified_time":"2026-09-01T13:46:43+00:00","og_image":[{"width":1920,"height":900,"url":"https:\/\/www.aladi.org\/wp-content\/uploads\/2026\/09\/procuba.png","type":"image\/png"}],"author":"vsoaresdelima","twitter_card":"summary_large_image","twitter_creator":"@ALADI_SG","twitter_site":"@ALADI_SG","twitter_misc":{"Written by":"vsoaresdelima","Est. reading time":"3 minutes"},"schema":{"@context":"https:\/\/schema.org","@graph":[{"@type":"Article","@id":"https:\/\/www.aladi.org\/pt\/aladi-procuba-cooperacion-regional-pt\/#article","isPartOf":{"@id":"https:\/\/www.aladi.org\/pt\/aladi-procuba-cooperacion-regional-pt\/"},"author":{"name":"vsoaresdelima","@id":"https:\/\/www.aladi.org\/#\/schema\/person\/00d87afb58ad41856e7df1dbcc5fdd61"},"headline":"ALADI e ProCuba fortalecem a coopera\u00e7\u00e3o para promover o com\u00e9rcio e a integra\u00e7\u00e3o regional","datePublished":"2026-08-28T13:35:02+00:00","dateModified":"2026-09-01T13:46:43+00:00","mainEntityOfPage":{"@id":"https:\/\/www.aladi.org\/pt\/aladi-procuba-cooperacion-regional-pt\/"},"wordCount":565,"publisher":{"@id":"https:\/\/www.aladi.org\/#organization"},"image":{"@id":"https:\/\/www.aladi.org\/pt\/aladi-procuba-cooperacion-regional-pt\/#primaryimage"},"thumbnailUrl":"https:\/\/www.aladi.org\/wp-content\/uploads\/2026\/09\/procuba.png","articleSection":["Comunicados de imprensa"],"inLanguage":"pt-BR"},{"@type":"WebPage","@id":"https:\/\/www.aladi.org\/pt\/aladi-procuba-cooperacion-regional-pt\/","url":"https:\/\/www.aladi.org\/pt\/aladi-procuba-cooperacion-regional-pt\/","name":"ALADI y ProCuba fortalecen la cooperaci\u00f3n regional","isPartOf":{"@id":"https:\/\/www.aladi.org\/#website"},"primaryImageOfPage":{"@id":"https:\/\/www.aladi.org\/pt\/aladi-procuba-cooperacion-regional-pt\/#primaryimage"},"image":{"@id":"https:\/\/www.aladi.org\/pt\/aladi-procuba-cooperacion-regional-pt\/#primaryimage"},"thumbnailUrl":"https:\/\/www.aladi.org\/wp-content\/uploads\/2026\/09\/procuba.png","datePublished":"2026-08-28T13:35:02+00:00","dateModified":"2026-09-01T13:46:43+00:00","description":"ALADI y ProCuba suscribieron un Memor\u00e1ndum de Entendimiento para fortalecer la promoci\u00f3n comercial, la conexi\u00f3n empresarial y la capacitaci\u00f3n.","breadcrumb":{"@id":"https:\/\/www.aladi.org\/pt\/aladi-procuba-cooperacion-regional-pt\/#breadcrumb"},"inLanguage":"pt-BR","potentialAction":[{"@type":"ReadAction","target":["https:\/\/www.aladi.org\/pt\/aladi-procuba-cooperacion-regional-pt\/"]}]},{"@type":"ImageObject","inLanguage":"pt-BR","@id":"https:\/\/www.aladi.org\/pt\/aladi-procuba-cooperacion-regional-pt\/#primaryimage","url":"https:\/\/www.aladi.org\/wp-content\/uploads\/2026\/09\/procuba.png","contentUrl":"https:\/\/www.aladi.org\/wp-content\/uploads\/2026\/09\/procuba.png","width":1920,"height":900},{"@type":"BreadcrumbList","@id":"https:\/\/www.aladi.org\/pt\/aladi-procuba-cooperacion-regional-pt\/#breadcrumb","itemListElement":[{"@type":"ListItem","position":1,"name":"Home","item":"https:\/\/www.aladi.org\/"},{"@type":"ListItem","position":2,"name":"ALADI e ProCuba fortalecem a coopera\u00e7\u00e3o para promover o com\u00e9rcio e a integra\u00e7\u00e3o regional"}]},{"@type":"WebSite","@id":"https:\/\/www.aladi.org\/pt\/#website","url":"https:\/\/www.aladi.org\/pt\/","name":"ALADI","description":"Asociaci\u00f3n Latinoamericana de Integraci\u00f3n","publisher":{"@id":"https:\/\/www.aladi.org\/pt\/#organization"},"potentialAction":[{"@type":"SearchAction","target":{"@type":"EntryPoint","urlTemplate":"https:\/\/www.aladi.org\/pt\/?s={search_term_string}"},"query-input":{"@type":"PropertyValueSpecification","valueRequired":true,"valueName":"search_term_string"}}],"inLanguage":"pt-BR"},{"@type":"Organization","@id":"https:\/\/www.aladi.org\/pt\/#organization","name":"ALADI","url":"https:\/\/www.aladi.org\/pt\/","logo":{"@type":"ImageObject","inLanguage":"pt-BR","@id":"https:\/\/www.aladi.org\/pt\/#\/schema\/logo\/image\/","url":"https:\/\/www.aladi.org\/wp-content\/uploads\/2025\/12\/Logo-ALADI.png","contentUrl":"https:\/\/www.aladi.org\/wp-content\/uploads\/2025\/12\/Logo-ALADI.png","width":375,"height":235,"caption":"ALADI"},"image":{"@id":"https:\/\/www.aladi.org\/pt\/#\/schema\/logo\/image\/"},"sameAs":["https:\/\/es-la.facebook.com\/people\/ALADI\/100064606213084\/","https:\/\/x.com\/ALADI_SG","https:\/\/www.instagram.com\/aladi_sg\/?hl=es","https:\/\/www.linkedin.com\/company\/aladi\/","https:\/\/www.flickr.com\/photos\/aladi\/","https:\/\/www.youtube.com\/channel\/UCrkJWOWHKF6igQmWE8Clnpg"]},{"@type":"Person","@id":"https:\/\/www.aladi.org\/#\/schema\/person\/00d87afb58ad41856e7df1dbcc5fdd61","name":"vsoaresdelima","image":{"@type":"ImageObject","inLanguage":"pt-BR","@id":"https:\/\/www.aladi.org\/#\/schema\/person\/image\/","url":"https:\/\/secure.gravatar.com\/avatar\/33de2cda862c62c8c2bba234e5debe59db46f9f90496cca848fff282d9f16d52?s=96&d=mm&r=g","contentUrl":"https:\/\/secure.gravatar.com\/avatar\/33de2cda862c62c8c2bba234e5debe59db46f9f90496cca848fff282d9f16d52?s=96&d=mm&r=g","caption":"vsoaresdelima"},"url":"https:\/\/www.aladi.org\/pt\/author\/vsoaresdelima\/"}]}},"jetpack_featured_media_url":"https:\/\/www.aladi.org\/wp-content\/uploads\/2026\/09\/procuba.png","jetpack_sharing_enabled":true,"_links":{"self":[{"href":"https:\/\/www.aladi.org\/pt\/wp-json\/wp\/v2\/posts\/39117","targetHints":{"allow":["GET"]}}],"collection":[{"href":"https:\/\/www.aladi.org\/pt\/wp-json\/wp\/v2\/posts"}],"about":[{"href":"https:\/\/www.aladi.org\/pt\/wp-json\/wp\/v2\/types\/post"}],"author":[{"embeddable":true,"href":"https:\/\/www.aladi.org\/pt\/wp-json\/wp\/v2\/users\/3"}],"replies":[{"embeddable":true,"href":"https:\/\/www.aladi.org\/pt\/wp-json\/wp\/v2\/comments?post=39117"}],"version-history":[{"count":2,"href":"https:\/\/www.aladi.org\/pt\/wp-json\/wp\/v2\/posts\/39117\/revisions"}],"predecessor-version":[{"id":39120,"href":"https:\/\/www.aladi.org\/pt\/wp-json\/wp\/v2\/posts\/39117\/revisions\/39120"}],"wp:featuredmedia":[{"embeddable":true,"href":"https:\/\/www.aladi.org\/pt\/wp-json\/wp\/v2\/media\/39118"}],"wp:attachment":[{"href":"https:\/\/www.aladi.org\/pt\/wp-json\/wp\/v2\/media?parent=39117"}],"wp:term":[{"taxonomy":"category","embeddable":true,"href":"https:\/\/www.aladi.org\/pt\/wp-json\/wp\/v2\/categories?post=39117"},{"taxonomy":"post_tag","embeddable":true,"href":"https:\/\/www.aladi.org\/pt\/wp-json\/wp\/v2\/tags?post=39117"},{"taxonomy":"post_flag","embeddable":true,"href":"https:\/\/www.aladi.org\/pt\/wp-json\/wp\/v2\/post_flags?post=39117"}],"curies":[{"name":"wp","href":"https:\/\/api.w.org\/{rel}","templated":true}]}}