{"id":15138,"date":"2026-04-28T13:34:27","date_gmt":"2026-04-28T13:34:27","guid":{"rendered":"https:\/\/www.aladi.org\/?p=15138"},"modified":"2026-04-30T13:44:52","modified_gmt":"2026-04-30T13:44:52","slug":"cooperacion-academica-aladi-universidad-nacional-piura","status":"publish","type":"post","link":"https:\/\/www.aladi.org\/pt\/cooperacion-academica-aladi-universidad-nacional-piura-pt\/","title":{"rendered":"Delega\u00e7\u00e3o da Universidad Nacional de Piura visitou a ALADI para avan\u00e7ar na coopera\u00e7\u00e3o acad\u00eamica"},"content":{"rendered":"<p data-start=\"433\" data-end=\"754\">A Secretaria-Geral da Associa\u00e7\u00e3o Latino-Americana de Integra\u00e7\u00e3o (ALADI) recebeu, no dia 21 de abril, uma delega\u00e7\u00e3o de decanos da <strong>Universidad Nacional de Piura (Peru)<\/strong>, no \u00e2mbito de uma miss\u00e3o acad\u00eamica voltada ao <strong>fortalecimento dos v\u00ednculos de coopera\u00e7\u00e3o entre ambas as institui\u00e7\u00f5es.<\/strong><\/p>\n<p data-start=\"756\" data-end=\"987\">A delega\u00e7\u00e3o foi integrada por autoridades acad\u00eamicas dessa casa de estudos e contou com a participa\u00e7\u00e3o de representantes da Representa\u00e7\u00e3o Permanente do Peru junto \u00e0 ALADI, bem como de autoridades e funcion\u00e1rios da Secretaria-Geral.<\/p>\n<p data-start=\"989\" data-end=\"1358\">Durante o encontro, foram trocadas experi\u00eancias em mat\u00e9ria de gest\u00e3o universit\u00e1ria e modelos de intera\u00e7\u00e3o universidade-empresa. Al\u00e9m disso, foram exploradas poss\u00edveis linhas de coopera\u00e7\u00e3o voltadas ao fortalecimento da forma\u00e7\u00e3o de estudantes e docentes em temas relacionados ao processo de integra\u00e7\u00e3o regional e \u00e0 promo\u00e7\u00e3o de um melhor aproveitamento de seus benef\u00edcios.<\/p>\n<p data-start=\"1360\" data-end=\"1787\">Nesse contexto, a ALADI apresentou diferentes mecanismos por meio dos quais a coopera\u00e7\u00e3o pode ser viabilizada na \u00e1rea de capacita\u00e7\u00e3o, entre eles o <a href=\"https:\/\/campus.aladi-cvf.org\/?lang=pt_br\">Centro Virtual de Forma\u00e7\u00e3o<\/a>, o <a href=\"https:\/\/www.aladi.org\/pt\/oportunidades-de-trabalho\/pasantias-para-jovenes-estudiantes\/\">programa de est\u00e1gios<\/a> virtuais e a participa\u00e7\u00e3o em semin\u00e1rios e webinars especializados em com\u00e9rcio e integra\u00e7\u00e3o. Tamb\u00e9m foi considerada a possibilidade de avan\u00e7ar em instrumentos formais de coopera\u00e7\u00e3o, como a assinatura de memorandos de entendimento.<\/p>\n<p data-start=\"1789\" data-end=\"2136\">Essa iniciativa se insere no compromisso da ALADI de promover a integra\u00e7\u00e3o regional por meio do fortalecimento de capacidades, da gera\u00e7\u00e3o de conhecimento e da articula\u00e7\u00e3o entre atores acad\u00eamicos, institucionais e produtivos dos pa\u00edses-membros, contribuindo, assim, para um maior aproveitamento das oportunidades oferecidas pelos acordos regionais.<\/p>\n","protected":false},"excerpt":{"rendered":"<p>Autoridades acad\u00eamicas peruanas participaram de um encontro em Montevid\u00e9u com representantes da ALADI e da Representa\u00e7\u00e3o Permanente do Peru, no qual foram exploradas possibilidades de coopera\u00e7\u00e3o em forma\u00e7\u00e3o, integra\u00e7\u00e3o regional e intera\u00e7\u00e3o universidade-empresa.<\/p>\n","protected":false},"author":3,"featured_media":15139,"comment_status":"closed","ping_status":"closed","sticky":false,"template":"","format":"standard","meta":{"_acf_changed":false,"_jetpack_memberships_contains_paid_content":false,"footnotes":""},"categories":[15],"tags":[71,204,66,26,70,205,78,47,68,173,35,203],"post_flags":[],"class_list":["post-15138","post","type-post","status-publish","format-standard","has-post-thumbnail","hentry","category-publicaciones","tag-academica","tag-academicos","tag-acuerdo","tag-aladi","tag-cooperacion","tag-decanos","tag-formacion","tag-integracion","tag-internacional","tag-memorandum","tag-peru","tag-universidad"],"acf":[],"yoast_head":"<!-- This site is optimized with the Yoast SEO plugin v26.5 - https:\/\/yoast.com\/wordpress\/plugins\/seo\/ -->\n<title>Delega\u00e7\u00e3o da Universidad Nacional de Piura visitou a ALADI para avan\u00e7ar na coopera\u00e7\u00e3o acad\u00eamica<\/title>\n<meta name=\"description\" content=\"Autoridades acad\u00eamicas peruanas participaram de um encontro em Montevid\u00e9u com representantes da ALADI e da Representa\u00e7\u00e3o Permanente do Peru, no qual foram exploradas possibilidades de coopera\u00e7\u00e3o em forma\u00e7\u00e3o, integra\u00e7\u00e3o regional e intera\u00e7\u00e3o universidade-empresa.\" \/>\n<meta name=\"robots\" content=\"index, follow, max-snippet:-1, max-image-preview:large, max-video-preview:-1\" \/>\n<link rel=\"canonical\" href=\"http:\/\/Autoridades%20acad\u00eamicas%20peruanas%20participaram%20de%20um%20encontro%20em%20Montevid\u00e9u%20com%20representantes%20da%20ALADI%20e%20da%20Representa\u00e7\u00e3o%20Permanente%20do%20Peru,%20no%20qual%20foram%20exploradas%20possibilidades%20de%20coopera\u00e7\u00e3o%20em%20forma\u00e7\u00e3o,%20integra\u00e7\u00e3o%20regional%20e%20intera\u00e7\u00e3o%20universidade-empresa.\" \/>\n<meta property=\"og:locale\" content=\"pt_BR\" \/>\n<meta property=\"og:type\" content=\"article\" \/>\n<meta property=\"og:title\" content=\"Delega\u00e7\u00e3o da Universidad Nacional de Piura visitou a ALADI para avan\u00e7ar na coopera\u00e7\u00e3o acad\u00eamica\" \/>\n<meta property=\"og:description\" content=\"Autoridades acad\u00eamicas peruanas participaram de um encontro em Montevid\u00e9u com representantes da ALADI e da Representa\u00e7\u00e3o Permanente do Peru, no qual foram exploradas possibilidades de coopera\u00e7\u00e3o em forma\u00e7\u00e3o, integra\u00e7\u00e3o regional e intera\u00e7\u00e3o universidade-empresa.\" \/>\n<meta property=\"og:url\" content=\"https:\/\/www.aladi.org\/pt\/cooperacion-academica-aladi-universidad-nacional-piura-pt\/\" \/>\n<meta property=\"og:site_name\" content=\"ALADI\" \/>\n<meta property=\"article:publisher\" content=\"https:\/\/es-la.facebook.com\/people\/ALADI\/100064606213084\/\" \/>\n<meta property=\"article:published_time\" content=\"2026-04-28T13:34:27+00:00\" \/>\n<meta property=\"article:modified_time\" content=\"2026-04-30T13:44:52+00:00\" \/>\n<meta property=\"og:image\" content=\"https:\/\/www.aladi.org\/wp-content\/uploads\/2026\/04\/IMG-Com-Prensa-UNP-Peru-en-ALADI.png\" \/>\n\t<meta property=\"og:image:width\" content=\"1920\" \/>\n\t<meta property=\"og:image:height\" content=\"900\" \/>\n\t<meta property=\"og:image:type\" content=\"image\/png\" \/>\n<meta name=\"author\" content=\"vsoaresdelima\" \/>\n<meta name=\"twitter:card\" content=\"summary_large_image\" \/>\n<meta name=\"twitter:creator\" content=\"@ALADI_SG\" \/>\n<meta name=\"twitter:site\" content=\"@ALADI_SG\" \/>\n<meta name=\"twitter:label1\" content=\"Written by\" \/>\n\t<meta name=\"twitter:data1\" content=\"vsoaresdelima\" \/>\n\t<meta name=\"twitter:label2\" content=\"Est. reading time\" \/>\n\t<meta name=\"twitter:data2\" content=\"2 minutes\" \/>\n<script type=\"application\/ld+json\" class=\"yoast-schema-graph\">{\"@context\":\"https:\/\/schema.org\",\"@graph\":[{\"@type\":\"Article\",\"@id\":\"https:\/\/www.aladi.org\/pt\/cooperacion-academica-aladi-universidad-nacional-piura-pt\/#article\",\"isPartOf\":{\"@id\":\"https:\/\/www.aladi.org\/pt\/cooperacion-academica-aladi-universidad-nacional-piura-pt\/\"},\"author\":{\"name\":\"vsoaresdelima\",\"@id\":\"https:\/\/www.aladi.org\/#\/schema\/person\/00d87afb58ad41856e7df1dbcc5fdd61\"},\"headline\":\"Delega\u00e7\u00e3o da Universidad Nacional de Piura visitou a ALADI para avan\u00e7ar na coopera\u00e7\u00e3o acad\u00eamica\",\"datePublished\":\"2026-04-28T13:34:27+00:00\",\"dateModified\":\"2026-04-30T13:44:52+00:00\",\"mainEntityOfPage\":{\"@id\":\"https:\/\/www.aladi.org\/pt\/cooperacion-academica-aladi-universidad-nacional-piura-pt\/\"},\"wordCount\":296,\"publisher\":{\"@id\":\"https:\/\/www.aladi.org\/#organization\"},\"image\":{\"@id\":\"https:\/\/www.aladi.org\/pt\/cooperacion-academica-aladi-universidad-nacional-piura-pt\/#primaryimage\"},\"thumbnailUrl\":\"https:\/\/www.aladi.org\/wp-content\/uploads\/2026\/04\/IMG-Com-Prensa-UNP-Peru-en-ALADI.png\",\"keywords\":[\"Acad\u00e9mica\",\"Acad\u00e9micos\",\"Acuerdo\",\"ALADI\",\"Cooperaci\u00f3n\",\"Decanos\",\"Formaci\u00f3n\",\"Integraci\u00f3n\",\"Internacional\",\"Memor\u00e1ndum\",\"Per\u00fa\",\"Universidad\"],\"articleSection\":[\"Comunicados de imprensa\"],\"inLanguage\":\"pt-BR\"},{\"@type\":\"WebPage\",\"@id\":\"https:\/\/www.aladi.org\/pt\/cooperacion-academica-aladi-universidad-nacional-piura-pt\/\",\"url\":\"https:\/\/www.aladi.org\/pt\/cooperacion-academica-aladi-universidad-nacional-piura-pt\/\",\"name\":\"Cooperaci\u00f3n Acad\u00e9mica ALADI y Universidad Nacional de Piura\",\"isPartOf\":{\"@id\":\"https:\/\/www.aladi.org\/#website\"},\"primaryImageOfPage\":{\"@id\":\"https:\/\/www.aladi.org\/pt\/cooperacion-academica-aladi-universidad-nacional-piura-pt\/#primaryimage\"},\"image\":{\"@id\":\"https:\/\/www.aladi.org\/pt\/cooperacion-academica-aladi-universidad-nacional-piura-pt\/#primaryimage\"},\"thumbnailUrl\":\"https:\/\/www.aladi.org\/wp-content\/uploads\/2026\/04\/IMG-Com-Prensa-UNP-Peru-en-ALADI.png\",\"datePublished\":\"2026-04-28T13:34:27+00:00\",\"dateModified\":\"2026-04-30T13:44:52+00:00\",\"description\":\"Universidad Nacional de Piura visit\u00f3 la ALADI para avanzar en la cooperaci\u00f3n acad\u00e9mica y explorar oportunidades de formaci\u00f3n e integraci\u00f3n.\",\"breadcrumb\":{\"@id\":\"https:\/\/www.aladi.org\/pt\/cooperacion-academica-aladi-universidad-nacional-piura-pt\/#breadcrumb\"},\"inLanguage\":\"pt-BR\",\"potentialAction\":[{\"@type\":\"ReadAction\",\"target\":[\"https:\/\/www.aladi.org\/pt\/cooperacion-academica-aladi-universidad-nacional-piura-pt\/\"]}]},{\"@type\":\"ImageObject\",\"inLanguage\":\"pt-BR\",\"@id\":\"https:\/\/www.aladi.org\/pt\/cooperacion-academica-aladi-universidad-nacional-piura-pt\/#primaryimage\",\"url\":\"https:\/\/www.aladi.org\/wp-content\/uploads\/2026\/04\/IMG-Com-Prensa-UNP-Peru-en-ALADI.png\",\"contentUrl\":\"https:\/\/www.aladi.org\/wp-content\/uploads\/2026\/04\/IMG-Com-Prensa-UNP-Peru-en-ALADI.png\",\"width\":1920,\"height\":900},{\"@type\":\"BreadcrumbList\",\"@id\":\"https:\/\/www.aladi.org\/pt\/cooperacion-academica-aladi-universidad-nacional-piura-pt\/#breadcrumb\",\"itemListElement\":[{\"@type\":\"ListItem\",\"position\":1,\"name\":\"Home\",\"item\":\"https:\/\/www.aladi.org\/\"},{\"@type\":\"ListItem\",\"position\":2,\"name\":\"Delega\u00e7\u00e3o da Universidad Nacional de Piura visitou a ALADI para avan\u00e7ar na coopera\u00e7\u00e3o acad\u00eamica\"}]},{\"@type\":\"WebSite\",\"@id\":\"https:\/\/www.aladi.org\/pt\/#website\",\"url\":\"https:\/\/www.aladi.org\/pt\/\",\"name\":\"ALADI\",\"description\":\"Asociaci\u00f3n Latinoamericana de Integraci\u00f3n\",\"publisher\":{\"@id\":\"https:\/\/www.aladi.org\/pt\/#organization\"},\"potentialAction\":[{\"@type\":\"SearchAction\",\"target\":{\"@type\":\"EntryPoint\",\"urlTemplate\":\"https:\/\/www.aladi.org\/pt\/?s={search_term_string}\"},\"query-input\":{\"@type\":\"PropertyValueSpecification\",\"valueRequired\":true,\"valueName\":\"search_term_string\"}}],\"inLanguage\":\"pt-BR\"},{\"@type\":\"Organization\",\"@id\":\"https:\/\/www.aladi.org\/pt\/#organization\",\"name\":\"ALADI\",\"url\":\"https:\/\/www.aladi.org\/pt\/\",\"logo\":{\"@type\":\"ImageObject\",\"inLanguage\":\"pt-BR\",\"@id\":\"https:\/\/www.aladi.org\/pt\/#\/schema\/logo\/image\/\",\"url\":\"https:\/\/www.aladi.org\/wp-content\/uploads\/2025\/12\/Logo-ALADI.png\",\"contentUrl\":\"https:\/\/www.aladi.org\/wp-content\/uploads\/2025\/12\/Logo-ALADI.png\",\"width\":375,\"height\":235,\"caption\":\"ALADI\"},\"image\":{\"@id\":\"https:\/\/www.aladi.org\/pt\/#\/schema\/logo\/image\/\"},\"sameAs\":[\"https:\/\/es-la.facebook.com\/people\/ALADI\/100064606213084\/\",\"https:\/\/x.com\/ALADI_SG\",\"https:\/\/www.instagram.com\/aladi_sg\/?hl=es\",\"https:\/\/www.linkedin.com\/company\/aladi\/\",\"https:\/\/www.flickr.com\/photos\/aladi\/\",\"https:\/\/www.youtube.com\/channel\/UCrkJWOWHKF6igQmWE8Clnpg\"]},{\"@type\":\"Person\",\"@id\":\"https:\/\/www.aladi.org\/#\/schema\/person\/00d87afb58ad41856e7df1dbcc5fdd61\",\"name\":\"vsoaresdelima\",\"image\":{\"@type\":\"ImageObject\",\"inLanguage\":\"pt-BR\",\"@id\":\"https:\/\/www.aladi.org\/#\/schema\/person\/image\/\",\"url\":\"https:\/\/secure.gravatar.com\/avatar\/33de2cda862c62c8c2bba234e5debe59db46f9f90496cca848fff282d9f16d52?s=96&d=mm&r=g\",\"contentUrl\":\"https:\/\/secure.gravatar.com\/avatar\/33de2cda862c62c8c2bba234e5debe59db46f9f90496cca848fff282d9f16d52?s=96&d=mm&r=g\",\"caption\":\"vsoaresdelima\"},\"url\":\"https:\/\/www.aladi.org\/pt\/author\/vsoaresdelima\/\"}]}<\/script>\n<!-- \/ Yoast SEO plugin. -->","yoast_head_json":{"title":"Delega\u00e7\u00e3o da Universidad Nacional de Piura visitou a ALADI para avan\u00e7ar na coopera\u00e7\u00e3o acad\u00eamica","description":"Autoridades acad\u00eamicas peruanas participaram de um encontro em Montevid\u00e9u com representantes da ALADI e da Representa\u00e7\u00e3o Permanente do Peru, no qual foram exploradas possibilidades de coopera\u00e7\u00e3o em forma\u00e7\u00e3o, integra\u00e7\u00e3o regional e intera\u00e7\u00e3o universidade-empresa.","robots":{"index":"index","follow":"follow","max-snippet":"max-snippet:-1","max-image-preview":"max-image-preview:large","max-video-preview":"max-video-preview:-1"},"canonical":"Autoridades acad\u00eamicas peruanas participaram de um encontro em Montevid\u00e9u com representantes da ALADI e da Representa\u00e7\u00e3o Permanente do Peru, no qual foram exploradas possibilidades de coopera\u00e7\u00e3o em forma\u00e7\u00e3o, integra\u00e7\u00e3o regional e intera\u00e7\u00e3o universidade-empresa.","og_locale":"pt_BR","og_type":"article","og_title":"Delega\u00e7\u00e3o da Universidad Nacional de Piura visitou a ALADI para avan\u00e7ar na coopera\u00e7\u00e3o acad\u00eamica","og_description":"Autoridades acad\u00eamicas peruanas participaram de um encontro em Montevid\u00e9u com representantes da ALADI e da Representa\u00e7\u00e3o Permanente do Peru, no qual foram exploradas possibilidades de coopera\u00e7\u00e3o em forma\u00e7\u00e3o, integra\u00e7\u00e3o regional e intera\u00e7\u00e3o universidade-empresa.","og_url":"https:\/\/www.aladi.org\/pt\/cooperacion-academica-aladi-universidad-nacional-piura-pt\/","og_site_name":"ALADI","article_publisher":"https:\/\/es-la.facebook.com\/people\/ALADI\/100064606213084\/","article_published_time":"2026-04-28T13:34:27+00:00","article_modified_time":"2026-04-30T13:44:52+00:00","og_image":[{"width":1920,"height":900,"url":"https:\/\/www.aladi.org\/wp-content\/uploads\/2026\/04\/IMG-Com-Prensa-UNP-Peru-en-ALADI.png","type":"image\/png"}],"author":"vsoaresdelima","twitter_card":"summary_large_image","twitter_creator":"@ALADI_SG","twitter_site":"@ALADI_SG","twitter_misc":{"Written by":"vsoaresdelima","Est. reading time":"2 minutes"},"schema":{"@context":"https:\/\/schema.org","@graph":[{"@type":"Article","@id":"https:\/\/www.aladi.org\/pt\/cooperacion-academica-aladi-universidad-nacional-piura-pt\/#article","isPartOf":{"@id":"https:\/\/www.aladi.org\/pt\/cooperacion-academica-aladi-universidad-nacional-piura-pt\/"},"author":{"name":"vsoaresdelima","@id":"https:\/\/www.aladi.org\/#\/schema\/person\/00d87afb58ad41856e7df1dbcc5fdd61"},"headline":"Delega\u00e7\u00e3o da Universidad Nacional de Piura visitou a ALADI para avan\u00e7ar na coopera\u00e7\u00e3o acad\u00eamica","datePublished":"2026-04-28T13:34:27+00:00","dateModified":"2026-04-30T13:44:52+00:00","mainEntityOfPage":{"@id":"https:\/\/www.aladi.org\/pt\/cooperacion-academica-aladi-universidad-nacional-piura-pt\/"},"wordCount":296,"publisher":{"@id":"https:\/\/www.aladi.org\/#organization"},"image":{"@id":"https:\/\/www.aladi.org\/pt\/cooperacion-academica-aladi-universidad-nacional-piura-pt\/#primaryimage"},"thumbnailUrl":"https:\/\/www.aladi.org\/wp-content\/uploads\/2026\/04\/IMG-Com-Prensa-UNP-Peru-en-ALADI.png","keywords":["Acad\u00e9mica","Acad\u00e9micos","Acuerdo","ALADI","Cooperaci\u00f3n","Decanos","Formaci\u00f3n","Integraci\u00f3n","Internacional","Memor\u00e1ndum","Per\u00fa","Universidad"],"articleSection":["Comunicados de imprensa"],"inLanguage":"pt-BR"},{"@type":"WebPage","@id":"https:\/\/www.aladi.org\/pt\/cooperacion-academica-aladi-universidad-nacional-piura-pt\/","url":"https:\/\/www.aladi.org\/pt\/cooperacion-academica-aladi-universidad-nacional-piura-pt\/","name":"Cooperaci\u00f3n Acad\u00e9mica ALADI y Universidad Nacional de Piura","isPartOf":{"@id":"https:\/\/www.aladi.org\/#website"},"primaryImageOfPage":{"@id":"https:\/\/www.aladi.org\/pt\/cooperacion-academica-aladi-universidad-nacional-piura-pt\/#primaryimage"},"image":{"@id":"https:\/\/www.aladi.org\/pt\/cooperacion-academica-aladi-universidad-nacional-piura-pt\/#primaryimage"},"thumbnailUrl":"https:\/\/www.aladi.org\/wp-content\/uploads\/2026\/04\/IMG-Com-Prensa-UNP-Peru-en-ALADI.png","datePublished":"2026-04-28T13:34:27+00:00","dateModified":"2026-04-30T13:44:52+00:00","description":"Universidad Nacional de Piura visit\u00f3 la ALADI para avanzar en la cooperaci\u00f3n acad\u00e9mica y explorar oportunidades de formaci\u00f3n e integraci\u00f3n.","breadcrumb":{"@id":"https:\/\/www.aladi.org\/pt\/cooperacion-academica-aladi-universidad-nacional-piura-pt\/#breadcrumb"},"inLanguage":"pt-BR","potentialAction":[{"@type":"ReadAction","target":["https:\/\/www.aladi.org\/pt\/cooperacion-academica-aladi-universidad-nacional-piura-pt\/"]}]},{"@type":"ImageObject","inLanguage":"pt-BR","@id":"https:\/\/www.aladi.org\/pt\/cooperacion-academica-aladi-universidad-nacional-piura-pt\/#primaryimage","url":"https:\/\/www.aladi.org\/wp-content\/uploads\/2026\/04\/IMG-Com-Prensa-UNP-Peru-en-ALADI.png","contentUrl":"https:\/\/www.aladi.org\/wp-content\/uploads\/2026\/04\/IMG-Com-Prensa-UNP-Peru-en-ALADI.png","width":1920,"height":900},{"@type":"BreadcrumbList","@id":"https:\/\/www.aladi.org\/pt\/cooperacion-academica-aladi-universidad-nacional-piura-pt\/#breadcrumb","itemListElement":[{"@type":"ListItem","position":1,"name":"Home","item":"https:\/\/www.aladi.org\/"},{"@type":"ListItem","position":2,"name":"Delega\u00e7\u00e3o da Universidad Nacional de Piura visitou a ALADI para avan\u00e7ar na coopera\u00e7\u00e3o acad\u00eamica"}]},{"@type":"WebSite","@id":"https:\/\/www.aladi.org\/pt\/#website","url":"https:\/\/www.aladi.org\/pt\/","name":"ALADI","description":"Asociaci\u00f3n Latinoamericana de Integraci\u00f3n","publisher":{"@id":"https:\/\/www.aladi.org\/pt\/#organization"},"potentialAction":[{"@type":"SearchAction","target":{"@type":"EntryPoint","urlTemplate":"https:\/\/www.aladi.org\/pt\/?s={search_term_string}"},"query-input":{"@type":"PropertyValueSpecification","valueRequired":true,"valueName":"search_term_string"}}],"inLanguage":"pt-BR"},{"@type":"Organization","@id":"https:\/\/www.aladi.org\/pt\/#organization","name":"ALADI","url":"https:\/\/www.aladi.org\/pt\/","logo":{"@type":"ImageObject","inLanguage":"pt-BR","@id":"https:\/\/www.aladi.org\/pt\/#\/schema\/logo\/image\/","url":"https:\/\/www.aladi.org\/wp-content\/uploads\/2025\/12\/Logo-ALADI.png","contentUrl":"https:\/\/www.aladi.org\/wp-content\/uploads\/2025\/12\/Logo-ALADI.png","width":375,"height":235,"caption":"ALADI"},"image":{"@id":"https:\/\/www.aladi.org\/pt\/#\/schema\/logo\/image\/"},"sameAs":["https:\/\/es-la.facebook.com\/people\/ALADI\/100064606213084\/","https:\/\/x.com\/ALADI_SG","https:\/\/www.instagram.com\/aladi_sg\/?hl=es","https:\/\/www.linkedin.com\/company\/aladi\/","https:\/\/www.flickr.com\/photos\/aladi\/","https:\/\/www.youtube.com\/channel\/UCrkJWOWHKF6igQmWE8Clnpg"]},{"@type":"Person","@id":"https:\/\/www.aladi.org\/#\/schema\/person\/00d87afb58ad41856e7df1dbcc5fdd61","name":"vsoaresdelima","image":{"@type":"ImageObject","inLanguage":"pt-BR","@id":"https:\/\/www.aladi.org\/#\/schema\/person\/image\/","url":"https:\/\/secure.gravatar.com\/avatar\/33de2cda862c62c8c2bba234e5debe59db46f9f90496cca848fff282d9f16d52?s=96&d=mm&r=g","contentUrl":"https:\/\/secure.gravatar.com\/avatar\/33de2cda862c62c8c2bba234e5debe59db46f9f90496cca848fff282d9f16d52?s=96&d=mm&r=g","caption":"vsoaresdelima"},"url":"https:\/\/www.aladi.org\/pt\/author\/vsoaresdelima\/"}]}},"jetpack_featured_media_url":"https:\/\/www.aladi.org\/wp-content\/uploads\/2026\/04\/IMG-Com-Prensa-UNP-Peru-en-ALADI.png","jetpack_sharing_enabled":true,"_links":{"self":[{"href":"https:\/\/www.aladi.org\/pt\/wp-json\/wp\/v2\/posts\/15138","targetHints":{"allow":["GET"]}}],"collection":[{"href":"https:\/\/www.aladi.org\/pt\/wp-json\/wp\/v2\/posts"}],"about":[{"href":"https:\/\/www.aladi.org\/pt\/wp-json\/wp\/v2\/types\/post"}],"author":[{"embeddable":true,"href":"https:\/\/www.aladi.org\/pt\/wp-json\/wp\/v2\/users\/3"}],"replies":[{"embeddable":true,"href":"https:\/\/www.aladi.org\/pt\/wp-json\/wp\/v2\/comments?post=15138"}],"version-history":[{"count":1,"href":"https:\/\/www.aladi.org\/pt\/wp-json\/wp\/v2\/posts\/15138\/revisions"}],"predecessor-version":[{"id":15140,"href":"https:\/\/www.aladi.org\/pt\/wp-json\/wp\/v2\/posts\/15138\/revisions\/15140"}],"wp:featuredmedia":[{"embeddable":true,"href":"https:\/\/www.aladi.org\/pt\/wp-json\/wp\/v2\/media\/15139"}],"wp:attachment":[{"href":"https:\/\/www.aladi.org\/pt\/wp-json\/wp\/v2\/media?parent=15138"}],"wp:term":[{"taxonomy":"category","embeddable":true,"href":"https:\/\/www.aladi.org\/pt\/wp-json\/wp\/v2\/categories?post=15138"},{"taxonomy":"post_tag","embeddable":true,"href":"https:\/\/www.aladi.org\/pt\/wp-json\/wp\/v2\/tags?post=15138"},{"taxonomy":"post_flag","embeddable":true,"href":"https:\/\/www.aladi.org\/pt\/wp-json\/wp\/v2\/post_flags?post=15138"}],"curies":[{"name":"wp","href":"https:\/\/api.w.org\/{rel}","templated":true}]}}